{"id":4855,"date":"2015-06-15T16:30:05","date_gmt":"2015-06-15T14:30:05","guid":{"rendered":"https:\/\/www.mobilimariani.com\/?p=4855"},"modified":"2016-02-01T12:31:52","modified_gmt":"2016-02-01T11:31:52","slug":"de-rosso-travailler-et-vivre","status":"publish","type":"post","link":"https:\/\/www.mobilimariani.com\/fr\/de-rosso-travailler-et-vivre\/","title":{"rendered":"DE ROSSO TRAVAILLER ET VIVRE"},"content":{"rendered":"<p>DE ROSSO TRAVAILLER ET VIVRE<\/p>\n<p>&#8220;Passi pi\u00f9 tempo in ufficio che a casa, pertanto l&#8217;ambiente deve essere pi\u00f9 personale, pi\u00f9 caldo, pi\u00f9 tuo. Poi va considerato che un dirigente d\u00e0 un contributo molto personale all&#8217;azienda, \u00e8 molto coinvolto, di conseguenza anche l&#8217;ambiente deve parlare di lui, oltre che dell&#8217;azienda&#8221;.<\/p>\n<p>Triplano, Forme, Alfabeto, Aliante, Digital Print.<\/p>\n<p>Les programmes et les syst\u00e8mes De Rosso sont con\u00e7us pour\u00a0le bureau. Et ils le font sur mesure, bien s\u00fbr. Parce que telle est la philosophie De Rosso. Produits con\u00e7ue pas en fonction de l&#8217;environnement, mais de la vie quotidienne.<\/p>\n<p>Pour d\u00e9couvrir la marque De Rosso,<a href=\"https:\/\/www.mobilimariani.com\/fr\/concessionnaire-de-rosso\/\"> cliquez ici<\/a><\/p>\n<p>Vous voulez conna\u00eetre notre meilleur prix pour cet article?<a href=\"https:\/\/www.mobilimariani.com\/fr\/contacts\/\">\u00a0Cliquez ici <\/a>et envoyez-nous la demande<\/p>\n<p><strong>Pour nos clients suisses, il sera d\u00e9duit l&#8217;I.V.A. italienne \u00e0 hauteur de 22%.<\/strong><\/p>\n","protected":false},"excerpt":{"rendered":"DE ROSSO TRAVAILLER ET VIVRE &#8220;Passi pi\u00f9 tempo in ufficio che a casa, pertanto l&#8217;ambiente deve essere pi\u00f9 personale, pi\u00f9 caldo, pi\u00f9 tuo. Poi va considerato che un dirigente d\u00e0 un contributo molto personale all&#8217;azienda, \u00e8 molto coinvolto, di conseguenza anche l&#8217;ambiente deve parlare di lui, oltre che dell&#8217;azienda&#8221;. Triplano, Forme, Alfabeto, Aliante, Digital Print&#8230;. <a class=\"view-article\" href=\"https:\/\/www.mobilimariani.com\/fr\/de-rosso-travailler-et-vivre\/\">Voir l&#8217;article<\/a>","protected":false},"author":1,"featured_media":4228,"comment_status":"closed","ping_status":"closed","sticky":false,"template":"","format":"standard","meta":[],"categories":[18,1,37],"tags":[1180],"yoast_head":"<!-- This site is optimized with the Yoast SEO plugin v16.2 - https:\/\/yoast.com\/wordpress\/plugins\/seo\/ -->\n<meta name=\"description\" content=\"DE ROSSO TRAVAILLER ET VIVRE &quot;Passi pi\u00f9 tempo in ufficio che a casa, pertanto l&#039;ambiente deve essere pi\u00f9 personale, pi\u00f9 caldo, pi\u00f9 tuo. Poi va considerato\" \/>\n<meta name=\"robots\" content=\"index, follow, max-snippet:-1, max-image-preview:large, max-video-preview:-1\" \/>\n<link rel=\"canonical\" href=\"https:\/\/www.mobilimariani.com\/fr\/de-rosso-travailler-et-vivre\/\" \/>\n<meta property=\"og:locale\" content=\"fr_FR\" \/>\n<meta property=\"og:type\" content=\"article\" \/>\n<meta property=\"og:title\" content=\"DE ROSSO TRAVAILLER ET VIVRE | Mobili Mariani\" \/>\n<meta property=\"og:description\" content=\"DE ROSSO TRAVAILLER ET VIVRE &quot;Passi pi\u00f9 tempo in ufficio che a casa, pertanto l&#039;ambiente deve essere pi\u00f9 personale, pi\u00f9 caldo, pi\u00f9 tuo. Poi va considerato\" \/>\n<meta property=\"og:url\" content=\"https:\/\/www.mobilimariani.com\/fr\/de-rosso-travailler-et-vivre\/\" \/>\n<meta property=\"og:site_name\" content=\"Mobili Mariani\" \/>\n<meta property=\"article:published_time\" content=\"2015-06-15T14:30:05+00:00\" \/>\n<meta property=\"article:modified_time\" content=\"2016-02-01T11:31:52+00:00\" \/>\n<meta property=\"og:image\" content=\"https:\/\/www.mobilimariani.com\/wp-content\/uploads\/2015\/06\/1001.jpg\" \/>\n\t<meta property=\"og:image:width\" content=\"845\" \/>\n\t<meta property=\"og:image:height\" content=\"600\" \/>\n<meta name=\"twitter:label1\" content=\"Est. reading time\">\n\t<meta name=\"twitter:data1\" content=\"1 minute\">\n<script type=\"application\/ld+json\" class=\"yoast-schema-graph\">{\"@context\":\"https:\/\/schema.org\",\"@graph\":[{\"@type\":\"Organization\",\"@id\":\"https:\/\/www.mobilimariani.com\/#organization\",\"name\":\"Mobili Mariani\",\"url\":\"https:\/\/www.mobilimariani.com\/\",\"sameAs\":[],\"logo\":{\"@type\":\"ImageObject\",\"@id\":\"https:\/\/www.mobilimariani.com\/#logo\",\"inLanguage\":\"fr-CH\",\"url\":\"https:\/\/www.mobilimariani.com\/wp-content\/uploads\/2015\/12\/logo.png\",\"contentUrl\":\"https:\/\/www.mobilimariani.com\/wp-content\/uploads\/2015\/12\/logo.png\",\"width\":160,\"height\":110,\"caption\":\"Mobili Mariani\"},\"image\":{\"@id\":\"https:\/\/www.mobilimariani.com\/#logo\"}},{\"@type\":\"WebSite\",\"@id\":\"https:\/\/www.mobilimariani.com\/#website\",\"url\":\"https:\/\/www.mobilimariani.com\/\",\"name\":\"Mobili Mariani\",\"description\":\"Mobili Italia Svizzera\",\"publisher\":{\"@id\":\"https:\/\/www.mobilimariani.com\/#organization\"},\"potentialAction\":[{\"@type\":\"SearchAction\",\"target\":\"https:\/\/www.mobilimariani.com\/?s={search_term_string}\",\"query-input\":\"required name=search_term_string\"}],\"inLanguage\":\"fr-CH\"},{\"@type\":\"ImageObject\",\"@id\":\"https:\/\/www.mobilimariani.com\/fr\/de-rosso-travailler-et-vivre\/#primaryimage\",\"inLanguage\":\"fr-CH\",\"url\":\"https:\/\/www.mobilimariani.com\/wp-content\/uploads\/2015\/06\/1001.jpg\",\"contentUrl\":\"https:\/\/www.mobilimariani.com\/wp-content\/uploads\/2015\/06\/1001.jpg\",\"width\":845,\"height\":600,\"caption\":\"DE ROSSO LAVORARE E VIVERE\"},{\"@type\":\"WebPage\",\"@id\":\"https:\/\/www.mobilimariani.com\/fr\/de-rosso-travailler-et-vivre\/#webpage\",\"url\":\"https:\/\/www.mobilimariani.com\/fr\/de-rosso-travailler-et-vivre\/\",\"name\":\"DE ROSSO TRAVAILLER ET VIVRE | Mobili Mariani\",\"isPartOf\":{\"@id\":\"https:\/\/www.mobilimariani.com\/#website\"},\"primaryImageOfPage\":{\"@id\":\"https:\/\/www.mobilimariani.com\/fr\/de-rosso-travailler-et-vivre\/#primaryimage\"},\"datePublished\":\"2015-06-15T14:30:05+00:00\",\"dateModified\":\"2016-02-01T11:31:52+00:00\",\"description\":\"DE ROSSO TRAVAILLER ET VIVRE \\\"Passi pi\\u00f9 tempo in ufficio che a casa, pertanto l'ambiente deve essere pi\\u00f9 personale, pi\\u00f9 caldo, pi\\u00f9 tuo. Poi va considerato\",\"breadcrumb\":{\"@id\":\"https:\/\/www.mobilimariani.com\/fr\/de-rosso-travailler-et-vivre\/#breadcrumb\"},\"inLanguage\":\"fr-CH\",\"potentialAction\":[{\"@type\":\"ReadAction\",\"target\":[\"https:\/\/www.mobilimariani.com\/fr\/de-rosso-travailler-et-vivre\/\"]}]},{\"@type\":\"BreadcrumbList\",\"@id\":\"https:\/\/www.mobilimariani.com\/fr\/de-rosso-travailler-et-vivre\/#breadcrumb\",\"itemListElement\":[{\"@type\":\"ListItem\",\"position\":1,\"item\":{\"@type\":\"WebPage\",\"@id\":\"https:\/\/www.mobilimariani.com\/\",\"url\":\"https:\/\/www.mobilimariani.com\/\",\"name\":\"Home\"}},{\"@type\":\"ListItem\",\"position\":2,\"item\":{\"@id\":\"https:\/\/www.mobilimariani.com\/fr\/de-rosso-travailler-et-vivre\/#webpage\"}}]},{\"@type\":\"Article\",\"@id\":\"https:\/\/www.mobilimariani.com\/fr\/de-rosso-travailler-et-vivre\/#article\",\"isPartOf\":{\"@id\":\"https:\/\/www.mobilimariani.com\/fr\/de-rosso-travailler-et-vivre\/#webpage\"},\"author\":{\"@id\":\"https:\/\/www.mobilimariani.com\/#\/schema\/person\/4685d9f51269134e53f988c9122315f4\"},\"headline\":\"DE ROSSO TRAVAILLER ET VIVRE\",\"datePublished\":\"2015-06-15T14:30:05+00:00\",\"dateModified\":\"2016-02-01T11:31:52+00:00\",\"mainEntityOfPage\":{\"@id\":\"https:\/\/www.mobilimariani.com\/fr\/de-rosso-travailler-et-vivre\/#webpage\"},\"publisher\":{\"@id\":\"https:\/\/www.mobilimariani.com\/#organization\"},\"image\":{\"@id\":\"https:\/\/www.mobilimariani.com\/fr\/de-rosso-travailler-et-vivre\/#primaryimage\"},\"keywords\":[\"DE ROSSO\"],\"articleSection\":[\"Autre\",\"Catalogue\",\"Contract\"],\"inLanguage\":\"fr-CH\"},{\"@type\":\"Person\",\"@id\":\"https:\/\/www.mobilimariani.com\/#\/schema\/person\/4685d9f51269134e53f988c9122315f4\",\"name\":\"14m4rC008\",\"image\":{\"@type\":\"ImageObject\",\"@id\":\"https:\/\/www.mobilimariani.com\/#personlogo\",\"inLanguage\":\"fr-CH\",\"url\":\"https:\/\/secure.gravatar.com\/avatar\/dfaa6e536fec7030712cf850e9ddef45?s=96&d=mm&r=g\",\"contentUrl\":\"https:\/\/secure.gravatar.com\/avatar\/dfaa6e536fec7030712cf850e9ddef45?s=96&d=mm&r=g\",\"caption\":\"14m4rC008\"}}]}<\/script>\n<!-- \/ Yoast SEO plugin. -->","_links":{"self":[{"href":"https:\/\/www.mobilimariani.com\/fr\/wp-json\/wp\/v2\/posts\/4855"}],"collection":[{"href":"https:\/\/www.mobilimariani.com\/fr\/wp-json\/wp\/v2\/posts"}],"about":[{"href":"https:\/\/www.mobilimariani.com\/fr\/wp-json\/wp\/v2\/types\/post"}],"author":[{"embeddable":true,"href":"https:\/\/www.mobilimariani.com\/fr\/wp-json\/wp\/v2\/users\/1"}],"replies":[{"embeddable":true,"href":"https:\/\/www.mobilimariani.com\/fr\/wp-json\/wp\/v2\/comments?post=4855"}],"version-history":[{"count":3,"href":"https:\/\/www.mobilimariani.com\/fr\/wp-json\/wp\/v2\/posts\/4855\/revisions"}],"predecessor-version":[{"id":9700,"href":"https:\/\/www.mobilimariani.com\/fr\/wp-json\/wp\/v2\/posts\/4855\/revisions\/9700"}],"wp:featuredmedia":[{"embeddable":true,"href":"https:\/\/www.mobilimariani.com\/fr\/wp-json\/wp\/v2\/media\/4228"}],"wp:attachment":[{"href":"https:\/\/www.mobilimariani.com\/fr\/wp-json\/wp\/v2\/media?parent=4855"}],"wp:term":[{"taxonomy":"category","embeddable":true,"href":"https:\/\/www.mobilimariani.com\/fr\/wp-json\/wp\/v2\/categories?post=4855"},{"taxonomy":"post_tag","embeddable":true,"href":"https:\/\/www.mobilimariani.com\/fr\/wp-json\/wp\/v2\/tags?post=4855"}],"curies":[{"name":"wp","href":"https:\/\/api.w.org\/{rel}","templated":true}]}}