{"id":4845,"date":"2015-06-15T11:19:01","date_gmt":"2015-06-15T09:19:01","guid":{"rendered":"https:\/\/www.mobilimariani.com\/?p=4845"},"modified":"2019-09-14T17:33:11","modified_gmt":"2019-09-14T15:33:11","slug":"de-rosso-alfabeto-jour","status":"publish","type":"post","link":"https:\/\/www.mobilimariani.com\/fr\/de-rosso-alfabeto-jour\/","title":{"rendered":"DE ROSSO ALFABETO JOUR"},"content":{"rendered":"<p>DE ROSSO ALFABETO JOUR<\/p>\n<p>ALFABETO\u00a0est l&#8217;art de la composition, un projet unique,\u00a0fils de l&#8217;architecture contemporaine, \u00a0inspir\u00e9 par la logique et l&#8217;esth\u00e9tique des b\u00e2timents plus r\u00e9cents.<\/p>\n<p>Les contours entre ombre-lumi\u00e8re, lisses\u00a0-profil\u00e9s,et les formes irr\u00e9guli\u00e8res cr\u00e9ent des rythmes, des proportions de couleur, v\u00e9ritable protagoniste des cr\u00e9ations De Rosso. Le r\u00e9sultat est un design unique qui r\u00e9alise tout son affinit\u00e9 avec la cr\u00e9ation artistique.Avec un nouveau syst\u00e8me modulable vous permet de surmonter la distinction entre les espaces des salles de jour et de nuit.<\/p>\n<p>Chaque cr\u00e9ation est unique, r\u00e9alis\u00e9 non seulement sur mesure, mais surtout pour le\u00a0motivation particuli\u00e8re de chacun.<\/p>\n<p>Pour d\u00e9couvrir la marque De Rosso, <a href=\"https:\/\/www.mobilimariani.com\/fr\/concessionnaire-de-rosso\/\">cliquez ici<\/a><\/p>\n<p>Vous voulez conna\u00eetre notre meilleur prix pour cet article?\u00a0<a href=\"https:\/\/www.mobilimariani.com\/fr\/contacts\/\">Cliquez ici<\/a> et envoyez-nous la demande<\/p>\n<p><strong>Pour nos clients suisses, il sera d\u00e9duit l&#8217;I.V.A. italienne \u00e0 hauteur de 22%.<\/strong><\/p>\n","protected":false},"excerpt":{"rendered":"DE ROSSO ALFABETO JOUR ALFABETO\u00a0est l&#8217;art de la composition, un projet unique,\u00a0fils de l&#8217;architecture contemporaine, \u00a0inspir\u00e9 par la logique et l&#8217;esth\u00e9tique des b\u00e2timents plus r\u00e9cents. Les contours entre ombre-lumi\u00e8re, lisses\u00a0-profil\u00e9s,et les formes irr\u00e9guli\u00e8res cr\u00e9ent des rythmes, des proportions de couleur, v\u00e9ritable protagoniste des cr\u00e9ations De Rosso. Le r\u00e9sultat est un design unique qui r\u00e9alise tout&#8230; <a class=\"view-article\" href=\"https:\/\/www.mobilimariani.com\/fr\/de-rosso-alfabeto-jour\/\">Voir l&#8217;article<\/a>","protected":false},"author":1,"featured_media":4329,"comment_status":"closed","ping_status":"closed","sticky":false,"template":"","format":"standard","meta":[],"categories":[1,39,6],"tags":[],"yoast_head":"<!-- This site is optimized with the Yoast SEO plugin v16.2 - https:\/\/yoast.com\/wordpress\/plugins\/seo\/ -->\n<meta name=\"description\" content=\"DE ROSSO ALFABETO JOUR ALFABETO\u00a0est l&#039;art de la composition, un projet unique,\u00a0fils de l&#039;architecture contemporaine, \u00a0inspir\u00e9 par la logique et\" \/>\n<meta name=\"robots\" content=\"index, follow, max-snippet:-1, max-image-preview:large, max-video-preview:-1\" \/>\n<link rel=\"canonical\" href=\"https:\/\/www.mobilimariani.com\/fr\/de-rosso-alfabeto-jour\/\" \/>\n<meta property=\"og:locale\" content=\"fr_FR\" \/>\n<meta property=\"og:type\" content=\"article\" \/>\n<meta property=\"og:title\" content=\"DE ROSSO ALFABETO JOUR | Mobili Mariani\" \/>\n<meta property=\"og:description\" content=\"DE ROSSO ALFABETO JOUR ALFABETO\u00a0est l&#039;art de la composition, un projet unique,\u00a0fils de l&#039;architecture contemporaine, \u00a0inspir\u00e9 par la logique et\" \/>\n<meta property=\"og:url\" content=\"https:\/\/www.mobilimariani.com\/fr\/de-rosso-alfabeto-jour\/\" \/>\n<meta property=\"og:site_name\" content=\"Mobili Mariani\" \/>\n<meta property=\"article:published_time\" content=\"2015-06-15T09:19:01+00:00\" \/>\n<meta property=\"article:modified_time\" content=\"2019-09-14T15:33:11+00:00\" \/>\n<meta property=\"og:image\" content=\"https:\/\/www.mobilimariani.com\/wp-content\/uploads\/2015\/01\/1002.jpg\" \/>\n\t<meta property=\"og:image:width\" content=\"459\" \/>\n\t<meta property=\"og:image:height\" content=\"489\" \/>\n<meta name=\"twitter:label1\" content=\"Est. reading time\">\n\t<meta name=\"twitter:data1\" content=\"1 minute\">\n<script type=\"application\/ld+json\" class=\"yoast-schema-graph\">{\"@context\":\"https:\/\/schema.org\",\"@graph\":[{\"@type\":\"Organization\",\"@id\":\"https:\/\/www.mobilimariani.com\/#organization\",\"name\":\"Mobili Mariani\",\"url\":\"https:\/\/www.mobilimariani.com\/\",\"sameAs\":[],\"logo\":{\"@type\":\"ImageObject\",\"@id\":\"https:\/\/www.mobilimariani.com\/#logo\",\"inLanguage\":\"fr-CH\",\"url\":\"https:\/\/www.mobilimariani.com\/wp-content\/uploads\/2015\/12\/logo.png\",\"contentUrl\":\"https:\/\/www.mobilimariani.com\/wp-content\/uploads\/2015\/12\/logo.png\",\"width\":160,\"height\":110,\"caption\":\"Mobili Mariani\"},\"image\":{\"@id\":\"https:\/\/www.mobilimariani.com\/#logo\"}},{\"@type\":\"WebSite\",\"@id\":\"https:\/\/www.mobilimariani.com\/#website\",\"url\":\"https:\/\/www.mobilimariani.com\/\",\"name\":\"Mobili Mariani\",\"description\":\"Mobili Italia Svizzera\",\"publisher\":{\"@id\":\"https:\/\/www.mobilimariani.com\/#organization\"},\"potentialAction\":[{\"@type\":\"SearchAction\",\"target\":\"https:\/\/www.mobilimariani.com\/?s={search_term_string}\",\"query-input\":\"required name=search_term_string\"}],\"inLanguage\":\"fr-CH\"},{\"@type\":\"ImageObject\",\"@id\":\"https:\/\/www.mobilimariani.com\/fr\/de-rosso-alfabeto-jour\/#primaryimage\",\"inLanguage\":\"fr-CH\",\"url\":\"https:\/\/www.mobilimariani.com\/wp-content\/uploads\/2015\/01\/1002.jpg\",\"contentUrl\":\"https:\/\/www.mobilimariani.com\/wp-content\/uploads\/2015\/01\/1002.jpg\",\"width\":459,\"height\":489,\"caption\":\"DE ROSSO ALFABETO GIORNO\"},{\"@type\":\"WebPage\",\"@id\":\"https:\/\/www.mobilimariani.com\/fr\/de-rosso-alfabeto-jour\/#webpage\",\"url\":\"https:\/\/www.mobilimariani.com\/fr\/de-rosso-alfabeto-jour\/\",\"name\":\"DE ROSSO ALFABETO JOUR | Mobili Mariani\",\"isPartOf\":{\"@id\":\"https:\/\/www.mobilimariani.com\/#website\"},\"primaryImageOfPage\":{\"@id\":\"https:\/\/www.mobilimariani.com\/fr\/de-rosso-alfabeto-jour\/#primaryimage\"},\"datePublished\":\"2015-06-15T09:19:01+00:00\",\"dateModified\":\"2019-09-14T15:33:11+00:00\",\"description\":\"DE ROSSO ALFABETO JOUR ALFABETO\\u00a0est l'art de la composition, un projet unique,\\u00a0fils de l'architecture contemporaine, \\u00a0inspir\\u00e9 par la logique et\",\"breadcrumb\":{\"@id\":\"https:\/\/www.mobilimariani.com\/fr\/de-rosso-alfabeto-jour\/#breadcrumb\"},\"inLanguage\":\"fr-CH\",\"potentialAction\":[{\"@type\":\"ReadAction\",\"target\":[\"https:\/\/www.mobilimariani.com\/fr\/de-rosso-alfabeto-jour\/\"]}]},{\"@type\":\"BreadcrumbList\",\"@id\":\"https:\/\/www.mobilimariani.com\/fr\/de-rosso-alfabeto-jour\/#breadcrumb\",\"itemListElement\":[{\"@type\":\"ListItem\",\"position\":1,\"item\":{\"@type\":\"WebPage\",\"@id\":\"https:\/\/www.mobilimariani.com\/\",\"url\":\"https:\/\/www.mobilimariani.com\/\",\"name\":\"Home\"}},{\"@type\":\"ListItem\",\"position\":2,\"item\":{\"@id\":\"https:\/\/www.mobilimariani.com\/fr\/de-rosso-alfabeto-jour\/#webpage\"}}]},{\"@type\":\"Article\",\"@id\":\"https:\/\/www.mobilimariani.com\/fr\/de-rosso-alfabeto-jour\/#article\",\"isPartOf\":{\"@id\":\"https:\/\/www.mobilimariani.com\/fr\/de-rosso-alfabeto-jour\/#webpage\"},\"author\":{\"@id\":\"https:\/\/www.mobilimariani.com\/#\/schema\/person\/4685d9f51269134e53f988c9122315f4\"},\"headline\":\"DE ROSSO ALFABETO JOUR\",\"datePublished\":\"2015-06-15T09:19:01+00:00\",\"dateModified\":\"2019-09-14T15:33:11+00:00\",\"mainEntityOfPage\":{\"@id\":\"https:\/\/www.mobilimariani.com\/fr\/de-rosso-alfabeto-jour\/#webpage\"},\"publisher\":{\"@id\":\"https:\/\/www.mobilimariani.com\/#organization\"},\"image\":{\"@id\":\"https:\/\/www.mobilimariani.com\/fr\/de-rosso-alfabeto-jour\/#primaryimage\"},\"articleSection\":[\"Catalogue\",\"Mariani casual\",\"Salle jour\"],\"inLanguage\":\"fr-CH\"},{\"@type\":\"Person\",\"@id\":\"https:\/\/www.mobilimariani.com\/#\/schema\/person\/4685d9f51269134e53f988c9122315f4\",\"name\":\"14m4rC008\",\"image\":{\"@type\":\"ImageObject\",\"@id\":\"https:\/\/www.mobilimariani.com\/#personlogo\",\"inLanguage\":\"fr-CH\",\"url\":\"https:\/\/secure.gravatar.com\/avatar\/dfaa6e536fec7030712cf850e9ddef45?s=96&d=mm&r=g\",\"contentUrl\":\"https:\/\/secure.gravatar.com\/avatar\/dfaa6e536fec7030712cf850e9ddef45?s=96&d=mm&r=g\",\"caption\":\"14m4rC008\"}}]}<\/script>\n<!-- \/ Yoast SEO plugin. -->","_links":{"self":[{"href":"https:\/\/www.mobilimariani.com\/fr\/wp-json\/wp\/v2\/posts\/4845"}],"collection":[{"href":"https:\/\/www.mobilimariani.com\/fr\/wp-json\/wp\/v2\/posts"}],"about":[{"href":"https:\/\/www.mobilimariani.com\/fr\/wp-json\/wp\/v2\/types\/post"}],"author":[{"embeddable":true,"href":"https:\/\/www.mobilimariani.com\/fr\/wp-json\/wp\/v2\/users\/1"}],"replies":[{"embeddable":true,"href":"https:\/\/www.mobilimariani.com\/fr\/wp-json\/wp\/v2\/comments?post=4845"}],"version-history":[{"count":2,"href":"https:\/\/www.mobilimariani.com\/fr\/wp-json\/wp\/v2\/posts\/4845\/revisions"}],"predecessor-version":[{"id":9702,"href":"https:\/\/www.mobilimariani.com\/fr\/wp-json\/wp\/v2\/posts\/4845\/revisions\/9702"}],"wp:featuredmedia":[{"embeddable":true,"href":"https:\/\/www.mobilimariani.com\/fr\/wp-json\/wp\/v2\/media\/4329"}],"wp:attachment":[{"href":"https:\/\/www.mobilimariani.com\/fr\/wp-json\/wp\/v2\/media?parent=4845"}],"wp:term":[{"taxonomy":"category","embeddable":true,"href":"https:\/\/www.mobilimariani.com\/fr\/wp-json\/wp\/v2\/categories?post=4845"},{"taxonomy":"post_tag","embeddable":true,"href":"https:\/\/www.mobilimariani.com\/fr\/wp-json\/wp\/v2\/tags?post=4845"}],"curies":[{"name":"wp","href":"https:\/\/api.w.org\/{rel}","templated":true}]}}