{"id":4538,"date":"2017-08-22T15:37:52","date_gmt":"2017-08-22T13:37:52","guid":{"rendered":"https:\/\/www.mobilimariani.com\/?p=4538"},"modified":"2017-08-26T16:39:46","modified_gmt":"2017-08-26T14:39:46","slug":"ernestomeda-cuisine-carre","status":"publish","type":"post","link":"https:\/\/www.mobilimariani.com\/fr\/ernestomeda-cuisine-carre\/","title":{"rendered":"ERNESTOMEDA CUISINE CARR\u00c8"},"content":{"rendered":"<p>ERNESTOMEDA CUISINE CARR\u00c8 de Marc Sadler.<\/p>\n<p>Carr\u00e8 est un style d&#8217;avant-garde capable de combiner une grande vari\u00e9t\u00e9 de couleurs et de mat\u00e9riaux pour cr\u00e9er des environnements tr\u00e8s diff\u00e9rents les uns des autres.<\/p>\n<p>La caract\u00e9ristique de Carr\u00e8 est la poign\u00e9e, qui se transforme en une rainure dans le placard \u00e9l\u00e9gante et peut \u00eatre faite en plus de 230.000 formes, tailles et couleurs.<\/p>\n<p>Pour d\u00e9couvrir la marque ERNESTOMEDA <a href=\"https:\/\/www.mobilimariani.com\/fr\/concessionnaire-ernestomeda\/\">cliquer ici<\/a><\/p>\n<p><strong>Pour nos clients suisses, il sera d\u00e9duit l&#8217;I.V.A. italienne \u00e0 hauteur de 22%.<\/strong><\/p>\n","protected":false},"excerpt":{"rendered":"ERNESTOMEDA CUISINE CARR\u00c8 de Marc Sadler. Carr\u00e8 est un style d&#8217;avant-garde capable de combiner une grande vari\u00e9t\u00e9 de couleurs et de mat\u00e9riaux pour cr\u00e9er des environnements tr\u00e8s diff\u00e9rents les uns des autres. La caract\u00e9ristique de Carr\u00e8 est la poign\u00e9e, qui se transforme en une rainure dans le placard \u00e9l\u00e9gante et peut \u00eatre faite en plus&#8230; <a class=\"view-article\" href=\"https:\/\/www.mobilimariani.com\/fr\/ernestomeda-cuisine-carre\/\">Voir l&#8217;article<\/a>","protected":false},"author":1,"featured_media":3974,"comment_status":"closed","ping_status":"closed","sticky":false,"template":"","format":"standard","meta":[],"categories":[1,16],"tags":[],"yoast_head":"<!-- This site is optimized with the Yoast SEO plugin v16.2 - https:\/\/yoast.com\/wordpress\/plugins\/seo\/ -->\n<meta name=\"description\" content=\"ERNESTOMEDA CUISINE CARR\u00c8 de Marc Sadler. Carr\u00e8 est un style d&#039;avant-garde capable de combiner une grande vari\u00e9t\u00e9 de couleurs et de mat\u00e9riaux pour cr\u00e9er\" \/>\n<meta name=\"robots\" content=\"index, follow, max-snippet:-1, max-image-preview:large, max-video-preview:-1\" \/>\n<link rel=\"canonical\" href=\"https:\/\/www.mobilimariani.com\/fr\/ernestomeda-cuisine-carre\/\" \/>\n<meta property=\"og:locale\" content=\"fr_FR\" \/>\n<meta property=\"og:type\" content=\"article\" \/>\n<meta property=\"og:title\" content=\"ERNESTOMEDA CUISINE CARR\u00c8 | Mobili Mariani\" \/>\n<meta property=\"og:description\" content=\"ERNESTOMEDA CUISINE CARR\u00c8 de Marc Sadler. Carr\u00e8 est un style d&#039;avant-garde capable de combiner une grande vari\u00e9t\u00e9 de couleurs et de mat\u00e9riaux pour cr\u00e9er\" \/>\n<meta property=\"og:url\" content=\"https:\/\/www.mobilimariani.com\/fr\/ernestomeda-cuisine-carre\/\" \/>\n<meta property=\"og:site_name\" content=\"Mobili Mariani\" \/>\n<meta property=\"article:published_time\" content=\"2017-08-22T13:37:52+00:00\" \/>\n<meta property=\"article:modified_time\" content=\"2017-08-26T14:39:46+00:00\" \/>\n<meta property=\"og:image\" content=\"https:\/\/www.mobilimariani.com\/wp-content\/uploads\/2015\/01\/110.jpg\" \/>\n\t<meta property=\"og:image:width\" content=\"930\" \/>\n\t<meta property=\"og:image:height\" content=\"527\" \/>\n<script type=\"application\/ld+json\" class=\"yoast-schema-graph\">{\"@context\":\"https:\/\/schema.org\",\"@graph\":[{\"@type\":\"Organization\",\"@id\":\"https:\/\/www.mobilimariani.com\/#organization\",\"name\":\"Mobili Mariani\",\"url\":\"https:\/\/www.mobilimariani.com\/\",\"sameAs\":[],\"logo\":{\"@type\":\"ImageObject\",\"@id\":\"https:\/\/www.mobilimariani.com\/#logo\",\"inLanguage\":\"fr-CH\",\"url\":\"https:\/\/www.mobilimariani.com\/wp-content\/uploads\/2015\/12\/logo.png\",\"contentUrl\":\"https:\/\/www.mobilimariani.com\/wp-content\/uploads\/2015\/12\/logo.png\",\"width\":160,\"height\":110,\"caption\":\"Mobili Mariani\"},\"image\":{\"@id\":\"https:\/\/www.mobilimariani.com\/#logo\"}},{\"@type\":\"WebSite\",\"@id\":\"https:\/\/www.mobilimariani.com\/#website\",\"url\":\"https:\/\/www.mobilimariani.com\/\",\"name\":\"Mobili Mariani\",\"description\":\"Mobili Italia Svizzera\",\"publisher\":{\"@id\":\"https:\/\/www.mobilimariani.com\/#organization\"},\"potentialAction\":[{\"@type\":\"SearchAction\",\"target\":\"https:\/\/www.mobilimariani.com\/?s={search_term_string}\",\"query-input\":\"required name=search_term_string\"}],\"inLanguage\":\"fr-CH\"},{\"@type\":\"ImageObject\",\"@id\":\"https:\/\/www.mobilimariani.com\/fr\/ernestomeda-cuisine-carre\/#primaryimage\",\"inLanguage\":\"fr-CH\",\"url\":\"https:\/\/www.mobilimariani.com\/wp-content\/uploads\/2015\/01\/110.jpg\",\"contentUrl\":\"https:\/\/www.mobilimariani.com\/wp-content\/uploads\/2015\/01\/110.jpg\",\"width\":930,\"height\":527,\"caption\":\"ERNESTOMEDA CUCINA CARR\\u00c8\"},{\"@type\":\"WebPage\",\"@id\":\"https:\/\/www.mobilimariani.com\/fr\/ernestomeda-cuisine-carre\/#webpage\",\"url\":\"https:\/\/www.mobilimariani.com\/fr\/ernestomeda-cuisine-carre\/\",\"name\":\"ERNESTOMEDA CUISINE CARR\\u00c8 | Mobili Mariani\",\"isPartOf\":{\"@id\":\"https:\/\/www.mobilimariani.com\/#website\"},\"primaryImageOfPage\":{\"@id\":\"https:\/\/www.mobilimariani.com\/fr\/ernestomeda-cuisine-carre\/#primaryimage\"},\"datePublished\":\"2017-08-22T13:37:52+00:00\",\"dateModified\":\"2017-08-26T14:39:46+00:00\",\"description\":\"ERNESTOMEDA CUISINE CARR\\u00c8 de Marc Sadler. Carr\\u00e8 est un style d'avant-garde capable de combiner une grande vari\\u00e9t\\u00e9 de couleurs et de mat\\u00e9riaux pour cr\\u00e9er\",\"breadcrumb\":{\"@id\":\"https:\/\/www.mobilimariani.com\/fr\/ernestomeda-cuisine-carre\/#breadcrumb\"},\"inLanguage\":\"fr-CH\",\"potentialAction\":[{\"@type\":\"ReadAction\",\"target\":[\"https:\/\/www.mobilimariani.com\/fr\/ernestomeda-cuisine-carre\/\"]}]},{\"@type\":\"BreadcrumbList\",\"@id\":\"https:\/\/www.mobilimariani.com\/fr\/ernestomeda-cuisine-carre\/#breadcrumb\",\"itemListElement\":[{\"@type\":\"ListItem\",\"position\":1,\"item\":{\"@type\":\"WebPage\",\"@id\":\"https:\/\/www.mobilimariani.com\/\",\"url\":\"https:\/\/www.mobilimariani.com\/\",\"name\":\"Home\"}},{\"@type\":\"ListItem\",\"position\":2,\"item\":{\"@id\":\"https:\/\/www.mobilimariani.com\/fr\/ernestomeda-cuisine-carre\/#webpage\"}}]},{\"@type\":\"Article\",\"@id\":\"https:\/\/www.mobilimariani.com\/fr\/ernestomeda-cuisine-carre\/#article\",\"isPartOf\":{\"@id\":\"https:\/\/www.mobilimariani.com\/fr\/ernestomeda-cuisine-carre\/#webpage\"},\"author\":{\"@id\":\"https:\/\/www.mobilimariani.com\/#\/schema\/person\/4685d9f51269134e53f988c9122315f4\"},\"headline\":\"ERNESTOMEDA CUISINE CARR\\u00c8\",\"datePublished\":\"2017-08-22T13:37:52+00:00\",\"dateModified\":\"2017-08-26T14:39:46+00:00\",\"mainEntityOfPage\":{\"@id\":\"https:\/\/www.mobilimariani.com\/fr\/ernestomeda-cuisine-carre\/#webpage\"},\"publisher\":{\"@id\":\"https:\/\/www.mobilimariani.com\/#organization\"},\"image\":{\"@id\":\"https:\/\/www.mobilimariani.com\/fr\/ernestomeda-cuisine-carre\/#primaryimage\"},\"articleSection\":[\"Catalogue\",\"Cuisines\"],\"inLanguage\":\"fr-CH\"},{\"@type\":\"Person\",\"@id\":\"https:\/\/www.mobilimariani.com\/#\/schema\/person\/4685d9f51269134e53f988c9122315f4\",\"name\":\"14m4rC008\",\"image\":{\"@type\":\"ImageObject\",\"@id\":\"https:\/\/www.mobilimariani.com\/#personlogo\",\"inLanguage\":\"fr-CH\",\"url\":\"https:\/\/secure.gravatar.com\/avatar\/dfaa6e536fec7030712cf850e9ddef45?s=96&d=mm&r=g\",\"contentUrl\":\"https:\/\/secure.gravatar.com\/avatar\/dfaa6e536fec7030712cf850e9ddef45?s=96&d=mm&r=g\",\"caption\":\"14m4rC008\"}}]}<\/script>\n<!-- \/ Yoast SEO plugin. -->","_links":{"self":[{"href":"https:\/\/www.mobilimariani.com\/fr\/wp-json\/wp\/v2\/posts\/4538"}],"collection":[{"href":"https:\/\/www.mobilimariani.com\/fr\/wp-json\/wp\/v2\/posts"}],"about":[{"href":"https:\/\/www.mobilimariani.com\/fr\/wp-json\/wp\/v2\/types\/post"}],"author":[{"embeddable":true,"href":"https:\/\/www.mobilimariani.com\/fr\/wp-json\/wp\/v2\/users\/1"}],"replies":[{"embeddable":true,"href":"https:\/\/www.mobilimariani.com\/fr\/wp-json\/wp\/v2\/comments?post=4538"}],"version-history":[{"count":6,"href":"https:\/\/www.mobilimariani.com\/fr\/wp-json\/wp\/v2\/posts\/4538\/revisions"}],"predecessor-version":[{"id":8311,"href":"https:\/\/www.mobilimariani.com\/fr\/wp-json\/wp\/v2\/posts\/4538\/revisions\/8311"}],"wp:featuredmedia":[{"embeddable":true,"href":"https:\/\/www.mobilimariani.com\/fr\/wp-json\/wp\/v2\/media\/3974"}],"wp:attachment":[{"href":"https:\/\/www.mobilimariani.com\/fr\/wp-json\/wp\/v2\/media?parent=4538"}],"wp:term":[{"taxonomy":"category","embeddable":true,"href":"https:\/\/www.mobilimariani.com\/fr\/wp-json\/wp\/v2\/categories?post=4538"},{"taxonomy":"post_tag","embeddable":true,"href":"https:\/\/www.mobilimariani.com\/fr\/wp-json\/wp\/v2\/tags?post=4538"}],"curies":[{"name":"wp","href":"https:\/\/api.w.org\/{rel}","templated":true}]}}