{"id":4534,"date":"2017-08-25T14:17:44","date_gmt":"2017-08-25T12:17:44","guid":{"rendered":"https:\/\/www.mobilimariani.com\/?p=4534"},"modified":"2019-12-11T18:59:19","modified_gmt":"2019-12-11T17:59:19","slug":"ernestomeda-cuisine-icon-giuseppe-bavuso","status":"publish","type":"post","link":"https:\/\/www.mobilimariani.com\/fr\/ernestomeda-cuisine-icon-giuseppe-bavuso\/","title":{"rendered":"ERNESTOMEDA Cuisine Icon Giuseppe Bavuso."},"content":{"rendered":"<p>ERNESTOMEDA Cuisine Icon Giuseppe Bavuso.<\/p>\n<p>Ic\u00f4ne con\u00e7u par Giuseppe Bavuso r\u00e9compens\u00e9 par l&#8217;Interior Innovation Award sponsoris\u00e9 par imm Cologne, en coop\u00e9ration avec le German Design Council, maintenant \u00e0 sa treizi\u00e8me \u00e9dition.<\/p>\n<p>Ce prix prestigieux est d\u00e9cern\u00e9 chaque ann\u00e9e \u00e0 des projets les plus innovants dans l&#8217;industrie du meuble et Icon a gagn\u00e9 gr\u00e2ce \u00e0 son caract\u00e8re novateur et sa porte AIR (avec un filtre cach\u00e9 de ventilation qui favorise l&#8217;\u00e9change d&#8217;air stagnante a l&#8217;int\u00e9rieur du bo\u00eetier), la \u00a0p\u00e9ninsule EVOLUTION, le placard FLEX et les armoires INDOOR.<\/p>\n<p>Le designer Giuseppe Bavuso\u00a0&#8220;Les lignes directrices du projet Icon \u00e9taient la fonctionnalit\u00e9 et le design, la puret\u00e9 des lignes et la performance technique. L&#8217;espace cuisine con\u00e7u avec un design minimaliste de grand charme, caract\u00e9ris\u00e9 par la rigueur expressive et la force \u00e9motionnelle, qui r\u00e9pond aux divers besoins d&#8217;utilisation. Je aime penser de pouvoir r\u00e9pondre \u00e0 tous ceux qui aiment la rationalit\u00e9 et la fonctionnalit\u00e9 des lieux sans sacrifier l&#8217;\u00e2me des choses. Avec mes collections je tente de faire appel \u00e0 un public de go\u00fbt contemporain et raffin\u00e9, qui veulent une atmosph\u00e8re agr\u00e9able, o\u00f9 le luxe est de vivre et de ne pas le montrer.En plus de l&#8217;introduction de nouvelles solutions techniques, telles que la conception de la porte &#8220;AIR&#8221; et les \u00e9l\u00e9ments cach\u00e9s, la recherche des mat\u00e9riaux a \u00e9t\u00e9 fondamentale. Dans Ernestomeda je trouvais le terrain parfait, parce que la r\u00e9alisation d&#8217;un projet complexe implique \u00e9galement l&#8217;ing\u00e9nierie et de la valorisation des ressources techniques et humaines de l&#8217;entreprise, avec laquelle\u00a0 est possible \u00e9tablir une relation profonde de la coop\u00e9ration, car il est essentiel d&#8217;aborder ensemble les divers aspects de la production &#8220;.<\/p>\n<p>Pour d\u00e9couvrir la marque ERNESTOMEDA<a href=\"https:\/\/www.mobilimariani.com\/fr\/concessionnaire-ernestomeda\/\"> cliquer ici<\/a><\/p>\n<p><strong>Pour nos clients suisses, il sera d\u00e9duit l&#8217;I.V.A. italienne \u00e0 hauteur de 22%.<\/strong><\/p>\n","protected":false},"excerpt":{"rendered":"ERNESTOMEDA Cuisine Icon Giuseppe Bavuso. Ic\u00f4ne con\u00e7u par Giuseppe Bavuso r\u00e9compens\u00e9 par l&#8217;Interior Innovation Award sponsoris\u00e9 par imm Cologne, en coop\u00e9ration avec le German Design Council, maintenant \u00e0 sa treizi\u00e8me \u00e9dition. Ce prix prestigieux est d\u00e9cern\u00e9 chaque ann\u00e9e \u00e0 des projets les plus innovants dans l&#8217;industrie du meuble et Icon a gagn\u00e9 gr\u00e2ce \u00e0 son&#8230; <a class=\"view-article\" href=\"https:\/\/www.mobilimariani.com\/fr\/ernestomeda-cuisine-icon-giuseppe-bavuso\/\">Voir l&#8217;article<\/a>","protected":false},"author":1,"featured_media":3638,"comment_status":"closed","ping_status":"closed","sticky":false,"template":"","format":"standard","meta":[],"categories":[1,16],"tags":[],"yoast_head":"<!-- This site is optimized with the Yoast SEO plugin v16.2 - https:\/\/yoast.com\/wordpress\/plugins\/seo\/ -->\n<meta name=\"description\" content=\"ERNESTOMEDA Cuisine Icon Giuseppe Bavuso. Ic\u00f4ne con\u00e7u par Giuseppe Bavuso r\u00e9compens\u00e9 par l&#039;Interior Innovation Award sponsoris\u00e9 par imm Cologne, en\" \/>\n<meta name=\"robots\" content=\"index, follow, max-snippet:-1, max-image-preview:large, max-video-preview:-1\" \/>\n<link rel=\"canonical\" href=\"https:\/\/www.mobilimariani.com\/fr\/ernestomeda-cuisine-icon-giuseppe-bavuso\/\" \/>\n<meta property=\"og:locale\" content=\"fr_FR\" \/>\n<meta property=\"og:type\" content=\"article\" \/>\n<meta property=\"og:title\" content=\"ERNESTOMEDA Cuisine Icon Giuseppe Bavuso. | Mobili Mariani\" \/>\n<meta property=\"og:description\" content=\"ERNESTOMEDA Cuisine Icon Giuseppe Bavuso. Ic\u00f4ne con\u00e7u par Giuseppe Bavuso r\u00e9compens\u00e9 par l&#039;Interior Innovation Award sponsoris\u00e9 par imm Cologne, en\" \/>\n<meta property=\"og:url\" content=\"https:\/\/www.mobilimariani.com\/fr\/ernestomeda-cuisine-icon-giuseppe-bavuso\/\" \/>\n<meta property=\"og:site_name\" content=\"Mobili Mariani\" \/>\n<meta property=\"article:published_time\" content=\"2017-08-25T12:17:44+00:00\" \/>\n<meta property=\"article:modified_time\" content=\"2019-12-11T17:59:19+00:00\" \/>\n<meta property=\"og:image\" content=\"https:\/\/www.mobilimariani.com\/wp-content\/uploads\/2015\/01\/1.jpg\" \/>\n\t<meta property=\"og:image:width\" content=\"1072\" \/>\n\t<meta property=\"og:image:height\" content=\"628\" \/>\n<meta name=\"twitter:label1\" content=\"Est. reading time\">\n\t<meta name=\"twitter:data1\" content=\"2 minutes\">\n<script type=\"application\/ld+json\" class=\"yoast-schema-graph\">{\"@context\":\"https:\/\/schema.org\",\"@graph\":[{\"@type\":\"Organization\",\"@id\":\"https:\/\/www.mobilimariani.com\/#organization\",\"name\":\"Mobili Mariani\",\"url\":\"https:\/\/www.mobilimariani.com\/\",\"sameAs\":[],\"logo\":{\"@type\":\"ImageObject\",\"@id\":\"https:\/\/www.mobilimariani.com\/#logo\",\"inLanguage\":\"fr-CH\",\"url\":\"https:\/\/www.mobilimariani.com\/wp-content\/uploads\/2015\/12\/logo.png\",\"contentUrl\":\"https:\/\/www.mobilimariani.com\/wp-content\/uploads\/2015\/12\/logo.png\",\"width\":160,\"height\":110,\"caption\":\"Mobili Mariani\"},\"image\":{\"@id\":\"https:\/\/www.mobilimariani.com\/#logo\"}},{\"@type\":\"WebSite\",\"@id\":\"https:\/\/www.mobilimariani.com\/#website\",\"url\":\"https:\/\/www.mobilimariani.com\/\",\"name\":\"Mobili Mariani\",\"description\":\"Mobili Italia Svizzera\",\"publisher\":{\"@id\":\"https:\/\/www.mobilimariani.com\/#organization\"},\"potentialAction\":[{\"@type\":\"SearchAction\",\"target\":\"https:\/\/www.mobilimariani.com\/?s={search_term_string}\",\"query-input\":\"required name=search_term_string\"}],\"inLanguage\":\"fr-CH\"},{\"@type\":\"ImageObject\",\"@id\":\"https:\/\/www.mobilimariani.com\/fr\/ernestomeda-cuisine-icon-giuseppe-bavuso\/#primaryimage\",\"inLanguage\":\"fr-CH\",\"url\":\"https:\/\/www.mobilimariani.com\/wp-content\/uploads\/2015\/01\/1.jpg\",\"contentUrl\":\"https:\/\/www.mobilimariani.com\/wp-content\/uploads\/2015\/01\/1.jpg\",\"width\":1072,\"height\":628,\"caption\":\"ERNESTOMEDA CUCINA ICON\"},{\"@type\":\"WebPage\",\"@id\":\"https:\/\/www.mobilimariani.com\/fr\/ernestomeda-cuisine-icon-giuseppe-bavuso\/#webpage\",\"url\":\"https:\/\/www.mobilimariani.com\/fr\/ernestomeda-cuisine-icon-giuseppe-bavuso\/\",\"name\":\"ERNESTOMEDA Cuisine Icon Giuseppe Bavuso. | Mobili Mariani\",\"isPartOf\":{\"@id\":\"https:\/\/www.mobilimariani.com\/#website\"},\"primaryImageOfPage\":{\"@id\":\"https:\/\/www.mobilimariani.com\/fr\/ernestomeda-cuisine-icon-giuseppe-bavuso\/#primaryimage\"},\"datePublished\":\"2017-08-25T12:17:44+00:00\",\"dateModified\":\"2019-12-11T17:59:19+00:00\",\"description\":\"ERNESTOMEDA Cuisine Icon Giuseppe Bavuso. Ic\\u00f4ne con\\u00e7u par Giuseppe Bavuso r\\u00e9compens\\u00e9 par l'Interior Innovation Award sponsoris\\u00e9 par imm Cologne, en\",\"breadcrumb\":{\"@id\":\"https:\/\/www.mobilimariani.com\/fr\/ernestomeda-cuisine-icon-giuseppe-bavuso\/#breadcrumb\"},\"inLanguage\":\"fr-CH\",\"potentialAction\":[{\"@type\":\"ReadAction\",\"target\":[\"https:\/\/www.mobilimariani.com\/fr\/ernestomeda-cuisine-icon-giuseppe-bavuso\/\"]}]},{\"@type\":\"BreadcrumbList\",\"@id\":\"https:\/\/www.mobilimariani.com\/fr\/ernestomeda-cuisine-icon-giuseppe-bavuso\/#breadcrumb\",\"itemListElement\":[{\"@type\":\"ListItem\",\"position\":1,\"item\":{\"@type\":\"WebPage\",\"@id\":\"https:\/\/www.mobilimariani.com\/\",\"url\":\"https:\/\/www.mobilimariani.com\/\",\"name\":\"Home\"}},{\"@type\":\"ListItem\",\"position\":2,\"item\":{\"@id\":\"https:\/\/www.mobilimariani.com\/fr\/ernestomeda-cuisine-icon-giuseppe-bavuso\/#webpage\"}}]},{\"@type\":\"Article\",\"@id\":\"https:\/\/www.mobilimariani.com\/fr\/ernestomeda-cuisine-icon-giuseppe-bavuso\/#article\",\"isPartOf\":{\"@id\":\"https:\/\/www.mobilimariani.com\/fr\/ernestomeda-cuisine-icon-giuseppe-bavuso\/#webpage\"},\"author\":{\"@id\":\"https:\/\/www.mobilimariani.com\/#\/schema\/person\/4685d9f51269134e53f988c9122315f4\"},\"headline\":\"ERNESTOMEDA Cuisine Icon Giuseppe Bavuso.\",\"datePublished\":\"2017-08-25T12:17:44+00:00\",\"dateModified\":\"2019-12-11T17:59:19+00:00\",\"mainEntityOfPage\":{\"@id\":\"https:\/\/www.mobilimariani.com\/fr\/ernestomeda-cuisine-icon-giuseppe-bavuso\/#webpage\"},\"publisher\":{\"@id\":\"https:\/\/www.mobilimariani.com\/#organization\"},\"image\":{\"@id\":\"https:\/\/www.mobilimariani.com\/fr\/ernestomeda-cuisine-icon-giuseppe-bavuso\/#primaryimage\"},\"articleSection\":[\"Catalogue\",\"Cuisines\"],\"inLanguage\":\"fr-CH\"},{\"@type\":\"Person\",\"@id\":\"https:\/\/www.mobilimariani.com\/#\/schema\/person\/4685d9f51269134e53f988c9122315f4\",\"name\":\"14m4rC008\",\"image\":{\"@type\":\"ImageObject\",\"@id\":\"https:\/\/www.mobilimariani.com\/#personlogo\",\"inLanguage\":\"fr-CH\",\"url\":\"https:\/\/secure.gravatar.com\/avatar\/dfaa6e536fec7030712cf850e9ddef45?s=96&d=mm&r=g\",\"contentUrl\":\"https:\/\/secure.gravatar.com\/avatar\/dfaa6e536fec7030712cf850e9ddef45?s=96&d=mm&r=g\",\"caption\":\"14m4rC008\"}}]}<\/script>\n<!-- \/ Yoast SEO plugin. -->","_links":{"self":[{"href":"https:\/\/www.mobilimariani.com\/fr\/wp-json\/wp\/v2\/posts\/4534"}],"collection":[{"href":"https:\/\/www.mobilimariani.com\/fr\/wp-json\/wp\/v2\/posts"}],"about":[{"href":"https:\/\/www.mobilimariani.com\/fr\/wp-json\/wp\/v2\/types\/post"}],"author":[{"embeddable":true,"href":"https:\/\/www.mobilimariani.com\/fr\/wp-json\/wp\/v2\/users\/1"}],"replies":[{"embeddable":true,"href":"https:\/\/www.mobilimariani.com\/fr\/wp-json\/wp\/v2\/comments?post=4534"}],"version-history":[{"count":3,"href":"https:\/\/www.mobilimariani.com\/fr\/wp-json\/wp\/v2\/posts\/4534\/revisions"}],"predecessor-version":[{"id":8312,"href":"https:\/\/www.mobilimariani.com\/fr\/wp-json\/wp\/v2\/posts\/4534\/revisions\/8312"}],"wp:featuredmedia":[{"embeddable":true,"href":"https:\/\/www.mobilimariani.com\/fr\/wp-json\/wp\/v2\/media\/3638"}],"wp:attachment":[{"href":"https:\/\/www.mobilimariani.com\/fr\/wp-json\/wp\/v2\/media?parent=4534"}],"wp:term":[{"taxonomy":"category","embeddable":true,"href":"https:\/\/www.mobilimariani.com\/fr\/wp-json\/wp\/v2\/categories?post=4534"},{"taxonomy":"post_tag","embeddable":true,"href":"https:\/\/www.mobilimariani.com\/fr\/wp-json\/wp\/v2\/tags?post=4534"}],"curies":[{"name":"wp","href":"https:\/\/api.w.org\/{rel}","templated":true}]}}