{"id":4524,"date":"2000-01-01T16:28:23","date_gmt":"2000-01-01T15:28:23","guid":{"rendered":"https:\/\/www.mobilimariani.com\/?p=4524"},"modified":"2021-06-29T10:33:20","modified_gmt":"2021-06-29T08:33:20","slug":"ernestomeda-cuisine-elektra-de-pietro-arosio","status":"publish","type":"post","link":"https:\/\/www.mobilimariani.com\/fr\/ernestomeda-cuisine-elektra-de-pietro-arosio\/","title":{"rendered":"ERNESTOMEDA  cuisine Elektra de Pietro Arosio."},"content":{"rendered":"<p>ERNESTOMEDA cuisine Elektra de Pietro Arosio &#8211; INDISPONIBLE<\/p>\n<p>Elektra est une cuisine avec une image propre. Propre gr\u00e2ce \u00e0 sa capacit\u00e9 de\u00a0communiquer clairement sa\u00a0fonction ,dans un agr\u00e9able \u00e9quilibre \u00e9thique et esth\u00e9tique,con\u00e7u pour accueillir tous les \u00e9quipements de la cuisine,\u00a0\u00a0pleins d&#8217;accessoires, tiroirs bien\u00a0\u00e9quip\u00e9s, armoires plac\u00e9es \u00e0 une hauteur qui permet une utilisation imm\u00e9diate et avec une grande capacit\u00e9.<\/p>\n<p>Disponible en laqu\u00e9 mat ou brillant, noyer am\u00e9ricain et en acier.<\/p>\n<p>Pour d\u00e9couvrir la marque ERNESTOMEDA <a href=\"https:\/\/www.mobilimariani.com\/fr\/concessionnaire-ernestomeda\/#prettyPhoto\">cliquer ici<\/a><\/p>\n<p><strong>Pour nos clients suisses, il sera d\u00e9duit l&#8217;I.V.A. italienne \u00e0 hauteur de 22%.<\/strong><\/p>\n","protected":false},"excerpt":{"rendered":"ERNESTOMEDA cuisine Elektra de Pietro Arosio &#8211; INDISPONIBLE Elektra est une cuisine avec une image propre. Propre gr\u00e2ce \u00e0 sa capacit\u00e9 de\u00a0communiquer clairement sa\u00a0fonction ,dans un agr\u00e9able \u00e9quilibre \u00e9thique et esth\u00e9tique,con\u00e7u pour accueillir tous les \u00e9quipements de la cuisine,\u00a0\u00a0pleins d&#8217;accessoires, tiroirs bien\u00a0\u00e9quip\u00e9s, armoires plac\u00e9es \u00e0 une hauteur qui permet une utilisation imm\u00e9diate et avec une&#8230; <a class=\"view-article\" href=\"https:\/\/www.mobilimariani.com\/fr\/ernestomeda-cuisine-elektra-de-pietro-arosio\/\">Voir l&#8217;article<\/a>","protected":false},"author":1,"featured_media":3843,"comment_status":"closed","ping_status":"closed","sticky":false,"template":"","format":"standard","meta":[],"categories":[1,16],"tags":[],"yoast_head":"<!-- This site is optimized with the Yoast SEO plugin v16.2 - https:\/\/yoast.com\/wordpress\/plugins\/seo\/ -->\n<meta name=\"description\" content=\"ERNESTOMEDA cuisine Elektra de Pietro Arosio - INDISPONIBLE Elektra est une cuisine avec une image propre. Propre gr\u00e2ce \u00e0 sa capacit\u00e9 de\u00a0communiquer\" \/>\n<meta name=\"robots\" content=\"index, follow, max-snippet:-1, max-image-preview:large, max-video-preview:-1\" \/>\n<link rel=\"canonical\" href=\"https:\/\/www.mobilimariani.com\/fr\/ernestomeda-cuisine-elektra-de-pietro-arosio\/\" \/>\n<meta property=\"og:locale\" content=\"fr_FR\" \/>\n<meta property=\"og:type\" content=\"article\" \/>\n<meta property=\"og:title\" content=\"ERNESTOMEDA cuisine Elektra de Pietro Arosio. | Mobili Mariani\" \/>\n<meta property=\"og:description\" content=\"ERNESTOMEDA cuisine Elektra de Pietro Arosio - INDISPONIBLE Elektra est une cuisine avec une image propre. Propre gr\u00e2ce \u00e0 sa capacit\u00e9 de\u00a0communiquer\" \/>\n<meta property=\"og:url\" content=\"https:\/\/www.mobilimariani.com\/fr\/ernestomeda-cuisine-elektra-de-pietro-arosio\/\" \/>\n<meta property=\"og:site_name\" content=\"Mobili Mariani\" \/>\n<meta property=\"article:published_time\" content=\"2000-01-01T15:28:23+00:00\" \/>\n<meta property=\"article:modified_time\" content=\"2021-06-29T08:33:20+00:00\" \/>\n<meta property=\"og:image\" content=\"https:\/\/www.mobilimariani.com\/wp-content\/uploads\/2015\/03\/124.jpg\" \/>\n\t<meta property=\"og:image:width\" content=\"1292\" \/>\n\t<meta property=\"og:image:height\" content=\"642\" \/>\n<meta name=\"twitter:label1\" content=\"Est. reading time\">\n\t<meta name=\"twitter:data1\" content=\"1 minute\">\n<script type=\"application\/ld+json\" class=\"yoast-schema-graph\">{\"@context\":\"https:\/\/schema.org\",\"@graph\":[{\"@type\":\"Organization\",\"@id\":\"https:\/\/www.mobilimariani.com\/#organization\",\"name\":\"Mobili Mariani\",\"url\":\"https:\/\/www.mobilimariani.com\/\",\"sameAs\":[],\"logo\":{\"@type\":\"ImageObject\",\"@id\":\"https:\/\/www.mobilimariani.com\/#logo\",\"inLanguage\":\"fr-CH\",\"url\":\"https:\/\/www.mobilimariani.com\/wp-content\/uploads\/2015\/12\/logo.png\",\"contentUrl\":\"https:\/\/www.mobilimariani.com\/wp-content\/uploads\/2015\/12\/logo.png\",\"width\":160,\"height\":110,\"caption\":\"Mobili Mariani\"},\"image\":{\"@id\":\"https:\/\/www.mobilimariani.com\/#logo\"}},{\"@type\":\"WebSite\",\"@id\":\"https:\/\/www.mobilimariani.com\/#website\",\"url\":\"https:\/\/www.mobilimariani.com\/\",\"name\":\"Mobili Mariani\",\"description\":\"Mobili Italia Svizzera\",\"publisher\":{\"@id\":\"https:\/\/www.mobilimariani.com\/#organization\"},\"potentialAction\":[{\"@type\":\"SearchAction\",\"target\":\"https:\/\/www.mobilimariani.com\/?s={search_term_string}\",\"query-input\":\"required name=search_term_string\"}],\"inLanguage\":\"fr-CH\"},{\"@type\":\"ImageObject\",\"@id\":\"https:\/\/www.mobilimariani.com\/fr\/ernestomeda-cuisine-elektra-de-pietro-arosio\/#primaryimage\",\"inLanguage\":\"fr-CH\",\"url\":\"https:\/\/www.mobilimariani.com\/wp-content\/uploads\/2015\/03\/124.jpg\",\"contentUrl\":\"https:\/\/www.mobilimariani.com\/wp-content\/uploads\/2015\/03\/124.jpg\",\"width\":1292,\"height\":642,\"caption\":\"ERNESTOMEDA CUCINA ELEKTRA\"},{\"@type\":\"WebPage\",\"@id\":\"https:\/\/www.mobilimariani.com\/fr\/ernestomeda-cuisine-elektra-de-pietro-arosio\/#webpage\",\"url\":\"https:\/\/www.mobilimariani.com\/fr\/ernestomeda-cuisine-elektra-de-pietro-arosio\/\",\"name\":\"ERNESTOMEDA cuisine Elektra de Pietro Arosio. | Mobili Mariani\",\"isPartOf\":{\"@id\":\"https:\/\/www.mobilimariani.com\/#website\"},\"primaryImageOfPage\":{\"@id\":\"https:\/\/www.mobilimariani.com\/fr\/ernestomeda-cuisine-elektra-de-pietro-arosio\/#primaryimage\"},\"datePublished\":\"2000-01-01T15:28:23+00:00\",\"dateModified\":\"2021-06-29T08:33:20+00:00\",\"description\":\"ERNESTOMEDA cuisine Elektra de Pietro Arosio - INDISPONIBLE Elektra est une cuisine avec une image propre. Propre gr\\u00e2ce \\u00e0 sa capacit\\u00e9 de\\u00a0communiquer\",\"breadcrumb\":{\"@id\":\"https:\/\/www.mobilimariani.com\/fr\/ernestomeda-cuisine-elektra-de-pietro-arosio\/#breadcrumb\"},\"inLanguage\":\"fr-CH\",\"potentialAction\":[{\"@type\":\"ReadAction\",\"target\":[\"https:\/\/www.mobilimariani.com\/fr\/ernestomeda-cuisine-elektra-de-pietro-arosio\/\"]}]},{\"@type\":\"BreadcrumbList\",\"@id\":\"https:\/\/www.mobilimariani.com\/fr\/ernestomeda-cuisine-elektra-de-pietro-arosio\/#breadcrumb\",\"itemListElement\":[{\"@type\":\"ListItem\",\"position\":1,\"item\":{\"@type\":\"WebPage\",\"@id\":\"https:\/\/www.mobilimariani.com\/\",\"url\":\"https:\/\/www.mobilimariani.com\/\",\"name\":\"Home\"}},{\"@type\":\"ListItem\",\"position\":2,\"item\":{\"@id\":\"https:\/\/www.mobilimariani.com\/fr\/ernestomeda-cuisine-elektra-de-pietro-arosio\/#webpage\"}}]},{\"@type\":\"Article\",\"@id\":\"https:\/\/www.mobilimariani.com\/fr\/ernestomeda-cuisine-elektra-de-pietro-arosio\/#article\",\"isPartOf\":{\"@id\":\"https:\/\/www.mobilimariani.com\/fr\/ernestomeda-cuisine-elektra-de-pietro-arosio\/#webpage\"},\"author\":{\"@id\":\"https:\/\/www.mobilimariani.com\/#\/schema\/person\/4685d9f51269134e53f988c9122315f4\"},\"headline\":\"ERNESTOMEDA cuisine Elektra de Pietro Arosio.\",\"datePublished\":\"2000-01-01T15:28:23+00:00\",\"dateModified\":\"2021-06-29T08:33:20+00:00\",\"mainEntityOfPage\":{\"@id\":\"https:\/\/www.mobilimariani.com\/fr\/ernestomeda-cuisine-elektra-de-pietro-arosio\/#webpage\"},\"publisher\":{\"@id\":\"https:\/\/www.mobilimariani.com\/#organization\"},\"image\":{\"@id\":\"https:\/\/www.mobilimariani.com\/fr\/ernestomeda-cuisine-elektra-de-pietro-arosio\/#primaryimage\"},\"articleSection\":[\"Catalogue\",\"Cuisines\"],\"inLanguage\":\"fr-CH\"},{\"@type\":\"Person\",\"@id\":\"https:\/\/www.mobilimariani.com\/#\/schema\/person\/4685d9f51269134e53f988c9122315f4\",\"name\":\"14m4rC008\",\"image\":{\"@type\":\"ImageObject\",\"@id\":\"https:\/\/www.mobilimariani.com\/#personlogo\",\"inLanguage\":\"fr-CH\",\"url\":\"https:\/\/secure.gravatar.com\/avatar\/dfaa6e536fec7030712cf850e9ddef45?s=96&d=mm&r=g\",\"contentUrl\":\"https:\/\/secure.gravatar.com\/avatar\/dfaa6e536fec7030712cf850e9ddef45?s=96&d=mm&r=g\",\"caption\":\"14m4rC008\"}}]}<\/script>\n<!-- \/ Yoast SEO plugin. -->","_links":{"self":[{"href":"https:\/\/www.mobilimariani.com\/fr\/wp-json\/wp\/v2\/posts\/4524"}],"collection":[{"href":"https:\/\/www.mobilimariani.com\/fr\/wp-json\/wp\/v2\/posts"}],"about":[{"href":"https:\/\/www.mobilimariani.com\/fr\/wp-json\/wp\/v2\/types\/post"}],"author":[{"embeddable":true,"href":"https:\/\/www.mobilimariani.com\/fr\/wp-json\/wp\/v2\/users\/1"}],"replies":[{"embeddable":true,"href":"https:\/\/www.mobilimariani.com\/fr\/wp-json\/wp\/v2\/comments?post=4524"}],"version-history":[{"count":5,"href":"https:\/\/www.mobilimariani.com\/fr\/wp-json\/wp\/v2\/posts\/4524\/revisions"}],"predecessor-version":[{"id":27302,"href":"https:\/\/www.mobilimariani.com\/fr\/wp-json\/wp\/v2\/posts\/4524\/revisions\/27302"}],"wp:featuredmedia":[{"embeddable":true,"href":"https:\/\/www.mobilimariani.com\/fr\/wp-json\/wp\/v2\/media\/3843"}],"wp:attachment":[{"href":"https:\/\/www.mobilimariani.com\/fr\/wp-json\/wp\/v2\/media?parent=4524"}],"wp:term":[{"taxonomy":"category","embeddable":true,"href":"https:\/\/www.mobilimariani.com\/fr\/wp-json\/wp\/v2\/categories?post=4524"},{"taxonomy":"post_tag","embeddable":true,"href":"https:\/\/www.mobilimariani.com\/fr\/wp-json\/wp\/v2\/tags?post=4524"}],"curies":[{"name":"wp","href":"https:\/\/api.w.org\/{rel}","templated":true}]}}