{"id":4522,"date":"2017-08-15T14:05:50","date_gmt":"2017-08-15T12:05:50","guid":{"rendered":"https:\/\/www.mobilimariani.com\/?p=4522"},"modified":"2017-08-26T17:02:12","modified_gmt":"2017-08-26T15:02:12","slug":"ernestomeda-cuisine-solaris-de-pietro-arosio","status":"publish","type":"post","link":"https:\/\/www.mobilimariani.com\/fr\/ernestomeda-cuisine-solaris-de-pietro-arosio\/","title":{"rendered":"ERNESTOMEDA Cuisine Solaris de Pietro Arosio."},"content":{"rendered":"<p>ERNESTOMEDA Cuisine Solaris de Pietro Arosio.<\/p>\n<p>Une\u00a0\u00a0\u00eelot qui peut accueillir autour de lui plusieurs fonctions. Voici Solaris, l&#8217;\u00eelot free standing en Corian\u00ae, moderne et fusel\u00e9\u00a0. La partie inf\u00e9rieure est enti\u00e8rement en acier inox. La luminosit\u00e9 douce est obtenue par une lampe, finition CORIAN\u00ae, \u00e9quip\u00e9 d&#8217;un \u00e9cran en verre opale, mont\u00e9 sur une tige en acier tubulaire. Sur les fa\u00e7ades sont install\u00e9s l&#8217;interrupteur\u00a0de la lampe et le prises pour les autre petits \u00e9lectrom\u00e9nagers. La distribution de gaz,d&#8217;\u00e9lectricit\u00e9 et la chasse d&#8217;eau sont log\u00e9s dans une structure modulaire et flexible en acier inox.<\/p>\n<p>Pour d\u00e9couvrir la marque ERNESTOMEDA <a href=\"https:\/\/www.mobilimariani.com\/fr\/concessionnaire-ernestomeda\/#prettyPhoto\">cliquer ici<\/a><\/p>\n<p><strong>Pour nos clients suisses, il sera d\u00e9duit l&#8217;I.V.A. italienne \u00e0 hauteur de 22%.<\/strong><\/p>\n","protected":false},"excerpt":{"rendered":"ERNESTOMEDA Cuisine Solaris de Pietro Arosio. Une\u00a0\u00a0\u00eelot qui peut accueillir autour de lui plusieurs fonctions. Voici Solaris, l&#8217;\u00eelot free standing en Corian\u00ae, moderne et fusel\u00e9\u00a0. La partie inf\u00e9rieure est enti\u00e8rement en acier inox. La luminosit\u00e9 douce est obtenue par une lampe, finition CORIAN\u00ae, \u00e9quip\u00e9 d&#8217;un \u00e9cran en verre opale, mont\u00e9 sur une tige en acier&#8230; <a class=\"view-article\" href=\"https:\/\/www.mobilimariani.com\/fr\/ernestomeda-cuisine-solaris-de-pietro-arosio\/\">Voir l&#8217;article<\/a>","protected":false},"author":1,"featured_media":3819,"comment_status":"closed","ping_status":"closed","sticky":false,"template":"","format":"standard","meta":[],"categories":[1,37,16],"tags":[],"yoast_head":"<!-- This site is optimized with the Yoast SEO plugin v16.2 - https:\/\/yoast.com\/wordpress\/plugins\/seo\/ -->\n<meta name=\"description\" content=\"ERNESTOMEDA Cuisine Solaris de Pietro Arosio. Une\u00a0\u00a0\u00eelot qui peut accueillir autour de lui plusieurs fonctions. Voici Solaris, l&#039;\u00eelot free standing en\" \/>\n<meta name=\"robots\" content=\"index, follow, max-snippet:-1, max-image-preview:large, max-video-preview:-1\" \/>\n<link rel=\"canonical\" href=\"https:\/\/www.mobilimariani.com\/fr\/ernestomeda-cuisine-solaris-de-pietro-arosio\/\" \/>\n<meta property=\"og:locale\" content=\"fr_FR\" \/>\n<meta property=\"og:type\" content=\"article\" \/>\n<meta property=\"og:title\" content=\"ERNESTOMEDA Cuisine Solaris de Pietro Arosio. | Mobili Mariani\" \/>\n<meta property=\"og:description\" content=\"ERNESTOMEDA Cuisine Solaris de Pietro Arosio. Une\u00a0\u00a0\u00eelot qui peut accueillir autour de lui plusieurs fonctions. Voici Solaris, l&#039;\u00eelot free standing en\" \/>\n<meta property=\"og:url\" content=\"https:\/\/www.mobilimariani.com\/fr\/ernestomeda-cuisine-solaris-de-pietro-arosio\/\" \/>\n<meta property=\"og:site_name\" content=\"Mobili Mariani\" \/>\n<meta property=\"article:published_time\" content=\"2017-08-15T12:05:50+00:00\" \/>\n<meta property=\"article:modified_time\" content=\"2017-08-26T15:02:12+00:00\" \/>\n<meta property=\"og:image\" content=\"https:\/\/www.mobilimariani.com\/wp-content\/uploads\/2015\/03\/120.jpg\" \/>\n\t<meta property=\"og:image:width\" content=\"952\" \/>\n\t<meta property=\"og:image:height\" content=\"612\" \/>\n<meta name=\"twitter:label1\" content=\"Est. reading time\">\n\t<meta name=\"twitter:data1\" content=\"1 minute\">\n<script type=\"application\/ld+json\" class=\"yoast-schema-graph\">{\"@context\":\"https:\/\/schema.org\",\"@graph\":[{\"@type\":\"Organization\",\"@id\":\"https:\/\/www.mobilimariani.com\/#organization\",\"name\":\"Mobili Mariani\",\"url\":\"https:\/\/www.mobilimariani.com\/\",\"sameAs\":[],\"logo\":{\"@type\":\"ImageObject\",\"@id\":\"https:\/\/www.mobilimariani.com\/#logo\",\"inLanguage\":\"fr-CH\",\"url\":\"https:\/\/www.mobilimariani.com\/wp-content\/uploads\/2015\/12\/logo.png\",\"contentUrl\":\"https:\/\/www.mobilimariani.com\/wp-content\/uploads\/2015\/12\/logo.png\",\"width\":160,\"height\":110,\"caption\":\"Mobili Mariani\"},\"image\":{\"@id\":\"https:\/\/www.mobilimariani.com\/#logo\"}},{\"@type\":\"WebSite\",\"@id\":\"https:\/\/www.mobilimariani.com\/#website\",\"url\":\"https:\/\/www.mobilimariani.com\/\",\"name\":\"Mobili Mariani\",\"description\":\"Mobili Italia Svizzera\",\"publisher\":{\"@id\":\"https:\/\/www.mobilimariani.com\/#organization\"},\"potentialAction\":[{\"@type\":\"SearchAction\",\"target\":\"https:\/\/www.mobilimariani.com\/?s={search_term_string}\",\"query-input\":\"required name=search_term_string\"}],\"inLanguage\":\"fr-CH\"},{\"@type\":\"ImageObject\",\"@id\":\"https:\/\/www.mobilimariani.com\/fr\/ernestomeda-cuisine-solaris-de-pietro-arosio\/#primaryimage\",\"inLanguage\":\"fr-CH\",\"url\":\"https:\/\/www.mobilimariani.com\/wp-content\/uploads\/2015\/03\/120.jpg\",\"contentUrl\":\"https:\/\/www.mobilimariani.com\/wp-content\/uploads\/2015\/03\/120.jpg\",\"width\":952,\"height\":612,\"caption\":\"ERNESTOMEDA CUCINA SOLARIS\"},{\"@type\":\"WebPage\",\"@id\":\"https:\/\/www.mobilimariani.com\/fr\/ernestomeda-cuisine-solaris-de-pietro-arosio\/#webpage\",\"url\":\"https:\/\/www.mobilimariani.com\/fr\/ernestomeda-cuisine-solaris-de-pietro-arosio\/\",\"name\":\"ERNESTOMEDA Cuisine Solaris de Pietro Arosio. | Mobili Mariani\",\"isPartOf\":{\"@id\":\"https:\/\/www.mobilimariani.com\/#website\"},\"primaryImageOfPage\":{\"@id\":\"https:\/\/www.mobilimariani.com\/fr\/ernestomeda-cuisine-solaris-de-pietro-arosio\/#primaryimage\"},\"datePublished\":\"2017-08-15T12:05:50+00:00\",\"dateModified\":\"2017-08-26T15:02:12+00:00\",\"description\":\"ERNESTOMEDA Cuisine Solaris de Pietro Arosio. Une\\u00a0\\u00a0\\u00eelot qui peut accueillir autour de lui plusieurs fonctions. Voici Solaris, l'\\u00eelot free standing en\",\"breadcrumb\":{\"@id\":\"https:\/\/www.mobilimariani.com\/fr\/ernestomeda-cuisine-solaris-de-pietro-arosio\/#breadcrumb\"},\"inLanguage\":\"fr-CH\",\"potentialAction\":[{\"@type\":\"ReadAction\",\"target\":[\"https:\/\/www.mobilimariani.com\/fr\/ernestomeda-cuisine-solaris-de-pietro-arosio\/\"]}]},{\"@type\":\"BreadcrumbList\",\"@id\":\"https:\/\/www.mobilimariani.com\/fr\/ernestomeda-cuisine-solaris-de-pietro-arosio\/#breadcrumb\",\"itemListElement\":[{\"@type\":\"ListItem\",\"position\":1,\"item\":{\"@type\":\"WebPage\",\"@id\":\"https:\/\/www.mobilimariani.com\/\",\"url\":\"https:\/\/www.mobilimariani.com\/\",\"name\":\"Home\"}},{\"@type\":\"ListItem\",\"position\":2,\"item\":{\"@id\":\"https:\/\/www.mobilimariani.com\/fr\/ernestomeda-cuisine-solaris-de-pietro-arosio\/#webpage\"}}]},{\"@type\":\"Article\",\"@id\":\"https:\/\/www.mobilimariani.com\/fr\/ernestomeda-cuisine-solaris-de-pietro-arosio\/#article\",\"isPartOf\":{\"@id\":\"https:\/\/www.mobilimariani.com\/fr\/ernestomeda-cuisine-solaris-de-pietro-arosio\/#webpage\"},\"author\":{\"@id\":\"https:\/\/www.mobilimariani.com\/#\/schema\/person\/4685d9f51269134e53f988c9122315f4\"},\"headline\":\"ERNESTOMEDA Cuisine Solaris de Pietro Arosio.\",\"datePublished\":\"2017-08-15T12:05:50+00:00\",\"dateModified\":\"2017-08-26T15:02:12+00:00\",\"mainEntityOfPage\":{\"@id\":\"https:\/\/www.mobilimariani.com\/fr\/ernestomeda-cuisine-solaris-de-pietro-arosio\/#webpage\"},\"publisher\":{\"@id\":\"https:\/\/www.mobilimariani.com\/#organization\"},\"image\":{\"@id\":\"https:\/\/www.mobilimariani.com\/fr\/ernestomeda-cuisine-solaris-de-pietro-arosio\/#primaryimage\"},\"articleSection\":[\"Catalogue\",\"Contract\",\"Cuisines\"],\"inLanguage\":\"fr-CH\"},{\"@type\":\"Person\",\"@id\":\"https:\/\/www.mobilimariani.com\/#\/schema\/person\/4685d9f51269134e53f988c9122315f4\",\"name\":\"14m4rC008\",\"image\":{\"@type\":\"ImageObject\",\"@id\":\"https:\/\/www.mobilimariani.com\/#personlogo\",\"inLanguage\":\"fr-CH\",\"url\":\"https:\/\/secure.gravatar.com\/avatar\/dfaa6e536fec7030712cf850e9ddef45?s=96&d=mm&r=g\",\"contentUrl\":\"https:\/\/secure.gravatar.com\/avatar\/dfaa6e536fec7030712cf850e9ddef45?s=96&d=mm&r=g\",\"caption\":\"14m4rC008\"}}]}<\/script>\n<!-- \/ Yoast SEO plugin. -->","_links":{"self":[{"href":"https:\/\/www.mobilimariani.com\/fr\/wp-json\/wp\/v2\/posts\/4522"}],"collection":[{"href":"https:\/\/www.mobilimariani.com\/fr\/wp-json\/wp\/v2\/posts"}],"about":[{"href":"https:\/\/www.mobilimariani.com\/fr\/wp-json\/wp\/v2\/types\/post"}],"author":[{"embeddable":true,"href":"https:\/\/www.mobilimariani.com\/fr\/wp-json\/wp\/v2\/users\/1"}],"replies":[{"embeddable":true,"href":"https:\/\/www.mobilimariani.com\/fr\/wp-json\/wp\/v2\/comments?post=4522"}],"version-history":[{"count":4,"href":"https:\/\/www.mobilimariani.com\/fr\/wp-json\/wp\/v2\/posts\/4522\/revisions"}],"predecessor-version":[{"id":8319,"href":"https:\/\/www.mobilimariani.com\/fr\/wp-json\/wp\/v2\/posts\/4522\/revisions\/8319"}],"wp:featuredmedia":[{"embeddable":true,"href":"https:\/\/www.mobilimariani.com\/fr\/wp-json\/wp\/v2\/media\/3819"}],"wp:attachment":[{"href":"https:\/\/www.mobilimariani.com\/fr\/wp-json\/wp\/v2\/media?parent=4522"}],"wp:term":[{"taxonomy":"category","embeddable":true,"href":"https:\/\/www.mobilimariani.com\/fr\/wp-json\/wp\/v2\/categories?post=4522"},{"taxonomy":"post_tag","embeddable":true,"href":"https:\/\/www.mobilimariani.com\/fr\/wp-json\/wp\/v2\/tags?post=4522"}],"curies":[{"name":"wp","href":"https:\/\/api.w.org\/{rel}","templated":true}]}}