{"id":4519,"date":"2015-06-09T11:54:14","date_gmt":"2015-06-09T09:54:14","guid":{"rendered":"https:\/\/www.mobilimariani.com\/?p=4519"},"modified":"2015-10-21T21:39:15","modified_gmt":"2015-10-21T19:39:15","slug":"cuisine-modele-carre-ernestomeda-prix-special-jusquau-30-juin","status":"publish","type":"post","link":"https:\/\/www.mobilimariani.com\/fr\/cuisine-modele-carre-ernestomeda-prix-special-jusquau-30-juin\/","title":{"rendered":"CUISINE MODELE CARRE &#8216;ERNESTOMEDA: PRIX SPECIAL JUSQU&#8217;AU 30 JUIN"},"content":{"rendered":"<p>CUISINE MODELE CARRE &#8216;ERNESTOMEDA: PRIX SPECIAL JUSQU&#8217;AU 30 JUIN<\/p>\n<p>Nous vous invitons \u00e0 d\u00e9couvrir la cuisine CARRE &#8216;, le mod\u00e8le plus cr\u00e9ative ERNESTOMEDA, offert avec une promotion exceptionnelle du 15% de r\u00e9duction jusqu&#8217;au 30 Juin.<\/p>\n<p>D\u00e9couvrez le mod\u00e8le CARRE &#8216;dans <a href=\"https:\/\/www.mobilimariani.com\/fr\/concessionnaire-ernestomeda\/\">notre catalogue<\/a><\/p>\n<p><strong>Pour nos clients suisses, il sera d\u00e9duit l&#8217;I.V.A. italienne \u00e0 hauteur de 22%.<\/strong><\/p>\n<p>&nbsp;<\/p>\n<p>&nbsp;<\/p>\n","protected":false},"excerpt":{"rendered":"CUISINE MODELE CARRE &#8216;ERNESTOMEDA: PRIX SPECIAL JUSQU&#8217;AU 30 JUIN Nous vous invitons \u00e0 d\u00e9couvrir la cuisine CARRE &#8216;, le mod\u00e8le plus cr\u00e9ative ERNESTOMEDA, offert avec une promotion exceptionnelle du 15% de r\u00e9duction jusqu&#8217;au 30 Juin. D\u00e9couvrez le mod\u00e8le CARRE &#8216;dans notre catalogue Pour nos clients suisses, il sera d\u00e9duit l&#8217;I.V.A. italienne \u00e0 hauteur de 22%&#8230;. <a class=\"view-article\" href=\"https:\/\/www.mobilimariani.com\/fr\/cuisine-modele-carre-ernestomeda-prix-special-jusquau-30-juin\/\">Voir l&#8217;article<\/a>","protected":false},"author":1,"featured_media":1992,"comment_status":"closed","ping_status":"closed","sticky":false,"template":"","format":"standard","meta":[],"categories":[1],"tags":[],"yoast_head":"<!-- This site is optimized with the Yoast SEO plugin v16.2 - https:\/\/yoast.com\/wordpress\/plugins\/seo\/ -->\n<meta name=\"description\" content=\"cucina CARRE\u2019, il modello pi\u00f9 creativo del marchio ERNESTOMEDA, proposta con l\u2019eccezionale promozione del 15% di sconto prorogato fino al 30 Giugno .\" \/>\n<meta name=\"robots\" content=\"index, follow, max-snippet:-1, max-image-preview:large, max-video-preview:-1\" \/>\n<link rel=\"canonical\" href=\"https:\/\/www.mobilimariani.com\/fr\/cuisine-modele-carre-ernestomeda-prix-special-jusquau-30-juin\/\" \/>\n<meta property=\"og:locale\" content=\"fr_FR\" \/>\n<meta property=\"og:type\" content=\"article\" \/>\n<meta property=\"og:title\" content=\"CUISINE MODELE CARRE &#039;ERNESTOMEDA: PRIX SPECIAL JUSQU&#039;AU 30 JUIN | Mobili Mariani\" \/>\n<meta property=\"og:description\" content=\"cucina CARRE\u2019, il modello pi\u00f9 creativo del marchio ERNESTOMEDA, proposta con l\u2019eccezionale promozione del 15% di sconto prorogato fino al 30 Giugno .\" \/>\n<meta property=\"og:url\" content=\"https:\/\/www.mobilimariani.com\/fr\/cuisine-modele-carre-ernestomeda-prix-special-jusquau-30-juin\/\" \/>\n<meta property=\"og:site_name\" content=\"Mobili Mariani\" \/>\n<meta property=\"article:published_time\" content=\"2015-06-09T09:54:14+00:00\" \/>\n<meta property=\"article:modified_time\" content=\"2015-10-21T19:39:15+00:00\" \/>\n<meta property=\"og:image\" content=\"https:\/\/www.mobilimariani.com\/wp-content\/uploads\/2014\/12\/meda-carr\u00e81.jpg\" \/>\n\t<meta property=\"og:image:width\" content=\"533\" \/>\n\t<meta property=\"og:image:height\" content=\"330\" \/>\n<script type=\"application\/ld+json\" class=\"yoast-schema-graph\">{\"@context\":\"https:\/\/schema.org\",\"@graph\":[{\"@type\":\"Organization\",\"@id\":\"https:\/\/www.mobilimariani.com\/#organization\",\"name\":\"Mobili Mariani\",\"url\":\"https:\/\/www.mobilimariani.com\/\",\"sameAs\":[],\"logo\":{\"@type\":\"ImageObject\",\"@id\":\"https:\/\/www.mobilimariani.com\/#logo\",\"inLanguage\":\"fr-CH\",\"url\":\"https:\/\/www.mobilimariani.com\/wp-content\/uploads\/2015\/12\/logo.png\",\"contentUrl\":\"https:\/\/www.mobilimariani.com\/wp-content\/uploads\/2015\/12\/logo.png\",\"width\":160,\"height\":110,\"caption\":\"Mobili Mariani\"},\"image\":{\"@id\":\"https:\/\/www.mobilimariani.com\/#logo\"}},{\"@type\":\"WebSite\",\"@id\":\"https:\/\/www.mobilimariani.com\/#website\",\"url\":\"https:\/\/www.mobilimariani.com\/\",\"name\":\"Mobili Mariani\",\"description\":\"Mobili Italia Svizzera\",\"publisher\":{\"@id\":\"https:\/\/www.mobilimariani.com\/#organization\"},\"potentialAction\":[{\"@type\":\"SearchAction\",\"target\":\"https:\/\/www.mobilimariani.com\/?s={search_term_string}\",\"query-input\":\"required name=search_term_string\"}],\"inLanguage\":\"fr-CH\"},{\"@type\":\"ImageObject\",\"@id\":\"https:\/\/www.mobilimariani.com\/fr\/cuisine-modele-carre-ernestomeda-prix-special-jusquau-30-juin\/#primaryimage\",\"inLanguage\":\"fr-CH\",\"url\":\"https:\/\/www.mobilimariani.com\/wp-content\/uploads\/2014\/12\/meda-carr\\u00e81.jpg\",\"contentUrl\":\"https:\/\/www.mobilimariani.com\/wp-content\/uploads\/2014\/12\/meda-carr\\u00e81.jpg\",\"width\":533,\"height\":330,\"caption\":\"RIVENDITORE ERNESTOMEDA\"},{\"@type\":\"WebPage\",\"@id\":\"https:\/\/www.mobilimariani.com\/fr\/cuisine-modele-carre-ernestomeda-prix-special-jusquau-30-juin\/#webpage\",\"url\":\"https:\/\/www.mobilimariani.com\/fr\/cuisine-modele-carre-ernestomeda-prix-special-jusquau-30-juin\/\",\"name\":\"CUISINE MODELE CARRE 'ERNESTOMEDA: PRIX SPECIAL JUSQU'AU 30 JUIN | Mobili Mariani\",\"isPartOf\":{\"@id\":\"https:\/\/www.mobilimariani.com\/#website\"},\"primaryImageOfPage\":{\"@id\":\"https:\/\/www.mobilimariani.com\/fr\/cuisine-modele-carre-ernestomeda-prix-special-jusquau-30-juin\/#primaryimage\"},\"datePublished\":\"2015-06-09T09:54:14+00:00\",\"dateModified\":\"2015-10-21T19:39:15+00:00\",\"description\":\"cucina CARRE\\u2019, il modello pi\\u00f9 creativo del marchio ERNESTOMEDA, proposta con l\\u2019eccezionale promozione del 15% di sconto prorogato fino al 30 Giugno .\",\"breadcrumb\":{\"@id\":\"https:\/\/www.mobilimariani.com\/fr\/cuisine-modele-carre-ernestomeda-prix-special-jusquau-30-juin\/#breadcrumb\"},\"inLanguage\":\"fr-CH\",\"potentialAction\":[{\"@type\":\"ReadAction\",\"target\":[\"https:\/\/www.mobilimariani.com\/fr\/cuisine-modele-carre-ernestomeda-prix-special-jusquau-30-juin\/\"]}]},{\"@type\":\"BreadcrumbList\",\"@id\":\"https:\/\/www.mobilimariani.com\/fr\/cuisine-modele-carre-ernestomeda-prix-special-jusquau-30-juin\/#breadcrumb\",\"itemListElement\":[{\"@type\":\"ListItem\",\"position\":1,\"item\":{\"@type\":\"WebPage\",\"@id\":\"https:\/\/www.mobilimariani.com\/\",\"url\":\"https:\/\/www.mobilimariani.com\/\",\"name\":\"Home\"}},{\"@type\":\"ListItem\",\"position\":2,\"item\":{\"@id\":\"https:\/\/www.mobilimariani.com\/fr\/cuisine-modele-carre-ernestomeda-prix-special-jusquau-30-juin\/#webpage\"}}]},{\"@type\":\"Article\",\"@id\":\"https:\/\/www.mobilimariani.com\/fr\/cuisine-modele-carre-ernestomeda-prix-special-jusquau-30-juin\/#article\",\"isPartOf\":{\"@id\":\"https:\/\/www.mobilimariani.com\/fr\/cuisine-modele-carre-ernestomeda-prix-special-jusquau-30-juin\/#webpage\"},\"author\":{\"@id\":\"https:\/\/www.mobilimariani.com\/#\/schema\/person\/4685d9f51269134e53f988c9122315f4\"},\"headline\":\"CUISINE MODELE CARRE &#8216;ERNESTOMEDA: PRIX SPECIAL JUSQU&#8217;AU 30 JUIN\",\"datePublished\":\"2015-06-09T09:54:14+00:00\",\"dateModified\":\"2015-10-21T19:39:15+00:00\",\"mainEntityOfPage\":{\"@id\":\"https:\/\/www.mobilimariani.com\/fr\/cuisine-modele-carre-ernestomeda-prix-special-jusquau-30-juin\/#webpage\"},\"publisher\":{\"@id\":\"https:\/\/www.mobilimariani.com\/#organization\"},\"image\":{\"@id\":\"https:\/\/www.mobilimariani.com\/fr\/cuisine-modele-carre-ernestomeda-prix-special-jusquau-30-juin\/#primaryimage\"},\"articleSection\":[\"Catalogue\"],\"inLanguage\":\"fr-CH\"},{\"@type\":\"Person\",\"@id\":\"https:\/\/www.mobilimariani.com\/#\/schema\/person\/4685d9f51269134e53f988c9122315f4\",\"name\":\"14m4rC008\",\"image\":{\"@type\":\"ImageObject\",\"@id\":\"https:\/\/www.mobilimariani.com\/#personlogo\",\"inLanguage\":\"fr-CH\",\"url\":\"https:\/\/secure.gravatar.com\/avatar\/dfaa6e536fec7030712cf850e9ddef45?s=96&d=mm&r=g\",\"contentUrl\":\"https:\/\/secure.gravatar.com\/avatar\/dfaa6e536fec7030712cf850e9ddef45?s=96&d=mm&r=g\",\"caption\":\"14m4rC008\"}}]}<\/script>\n<!-- \/ Yoast SEO plugin. -->","_links":{"self":[{"href":"https:\/\/www.mobilimariani.com\/fr\/wp-json\/wp\/v2\/posts\/4519"}],"collection":[{"href":"https:\/\/www.mobilimariani.com\/fr\/wp-json\/wp\/v2\/posts"}],"about":[{"href":"https:\/\/www.mobilimariani.com\/fr\/wp-json\/wp\/v2\/types\/post"}],"author":[{"embeddable":true,"href":"https:\/\/www.mobilimariani.com\/fr\/wp-json\/wp\/v2\/users\/1"}],"replies":[{"embeddable":true,"href":"https:\/\/www.mobilimariani.com\/fr\/wp-json\/wp\/v2\/comments?post=4519"}],"version-history":[{"count":4,"href":"https:\/\/www.mobilimariani.com\/fr\/wp-json\/wp\/v2\/posts\/4519\/revisions"}],"predecessor-version":[{"id":8318,"href":"https:\/\/www.mobilimariani.com\/fr\/wp-json\/wp\/v2\/posts\/4519\/revisions\/8318"}],"wp:featuredmedia":[{"embeddable":true,"href":"https:\/\/www.mobilimariani.com\/fr\/wp-json\/wp\/v2\/media\/1992"}],"wp:attachment":[{"href":"https:\/\/www.mobilimariani.com\/fr\/wp-json\/wp\/v2\/media?parent=4519"}],"wp:term":[{"taxonomy":"category","embeddable":true,"href":"https:\/\/www.mobilimariani.com\/fr\/wp-json\/wp\/v2\/categories?post=4519"},{"taxonomy":"post_tag","embeddable":true,"href":"https:\/\/www.mobilimariani.com\/fr\/wp-json\/wp\/v2\/tags?post=4519"}],"curies":[{"name":"wp","href":"https:\/\/api.w.org\/{rel}","templated":true}]}}