{"id":32882,"date":"2025-09-10T19:46:51","date_gmt":"2025-09-10T17:46:51","guid":{"rendered":"https:\/\/www.mobilimariani.com\/?p=32882"},"modified":"2025-09-10T19:46:51","modified_gmt":"2025-09-10T17:46:51","slug":"promotion-avec-porte-coulissante-movi-less","status":"publish","type":"post","link":"https:\/\/www.mobilimariani.com\/fr\/promotion-avec-porte-coulissante-movi-less\/","title":{"rendered":"PROMOTION AVEC PORTE COULISSANTE MOVI LESS"},"content":{"rendered":"<p>PROMOTION AVEC PORTE COULISSANTE MOVI LESS<\/p>\n<p>La porte coulissante LESS est un excellent choix pour ceux qui recherchent un design \u00e9l\u00e9gant et fonctionnel. Sa structure en verre feuillet\u00e9 blanc laiteux apporte luminosit\u00e9 et modernit\u00e9 \u00e0 la pi\u00e8ce, tandis que son cadre en aluminium anodis\u00e9 assure robustesse et durabilit\u00e9.<\/p>\n<p>Ses dimensions de 100 x 229 cm (39,4 x 90,5 po) lui permettent de s&#8217;adapter \u00e0 de nombreuses applications, offrant une solution alliant esth\u00e9tique et praticit\u00e9. Le rail de 230 cm (91,5 po) assure un coulissement fluide et sans accroc, facilitant ainsi l&#8217;ouverture et la fermeture de la porte.<\/p>\n<p>La collection LESS, avec son design essentiel, s&#8217;adapte parfaitement \u00e0 tous les int\u00e9rieurs et vous permet de personnaliser l&#8217;espace selon vos besoins. Ce syst\u00e8me est id\u00e9al pour ceux qui souhaitent optimiser l&#8217;espace sans sacrifier le style. Sa facilit\u00e9 d&#8217;installation est un atout suppl\u00e9mentaire, rendant la mise en \u0153uvre pratique de vos id\u00e9es d&#8217;am\u00e9nagement encore plus accessible.<\/p>\n<p>Prix \u200b\u200bcatalogue\u00a0 \u20ac.\u00a0 1.792,00<\/p>\n<p>PRIX LIBRE-SERVICE\u00a0 \u20ac.\u00a0 999,00\u00a0 \u00a0 \u00a0TVA 22% incluse<\/p>\n<p>Pour voir toutes nos ventes,\u00a0<a href=\"https:\/\/www.mobilimariani.com\/fr\/search\/VENTES\">cliquez ici<\/a><\/p>\n<p>Avez-vous besoin de plus d\u2019informations?<\/p>\n<p><a href=\"https:\/\/www.mobilimariani.com\/fr\/contacts\/\" target=\"_blank\" rel=\"noreferrer noopener\">Cliquez ici\u00a0<\/a>\u00a0et nous vous r\u00e9pondrons<\/p>\n","protected":false},"excerpt":{"rendered":"PROMOTION AVEC PORTE COULISSANTE MOVI LESS La porte coulissante LESS est un excellent choix pour ceux qui recherchent un design \u00e9l\u00e9gant et fonctionnel. Sa structure en verre feuillet\u00e9 blanc laiteux apporte luminosit\u00e9 et modernit\u00e9 \u00e0 la pi\u00e8ce, tandis que son cadre en aluminium anodis\u00e9 assure robustesse et durabilit\u00e9. Ses dimensions de 100 x 229 cm&#8230; <a class=\"view-article\" href=\"https:\/\/www.mobilimariani.com\/fr\/promotion-avec-porte-coulissante-movi-less\/\">Voir l&#8217;article<\/a>","protected":false},"author":1,"featured_media":0,"comment_status":"closed","ping_status":"closed","sticky":false,"template":"","format":"standard","meta":[],"categories":[8,48,49,14,38],"tags":[],"yoast_head":"<!-- This site is optimized with the Yoast SEO plugin v16.2 - https:\/\/yoast.com\/wordpress\/plugins\/seo\/ -->\n<meta name=\"description\" content=\"PROMOTION AVEC PORTE COULISSANTE MOVI LESS La porte coulissante LESS est un excellent choix pour ceux qui recherchent un design \u00e9l\u00e9gant et fonctionnel. Sa\" \/>\n<meta name=\"robots\" content=\"index, follow, max-snippet:-1, max-image-preview:large, max-video-preview:-1\" \/>\n<link rel=\"canonical\" href=\"https:\/\/www.mobilimariani.com\/fr\/promotion-avec-porte-coulissante-movi-less\/\" \/>\n<meta property=\"og:locale\" content=\"fr_FR\" \/>\n<meta property=\"og:type\" content=\"article\" \/>\n<meta property=\"og:title\" content=\"PROMOTION AVEC PORTE COULISSANTE MOVI LESS | Mobili Mariani\" \/>\n<meta property=\"og:description\" content=\"PROMOTION AVEC PORTE COULISSANTE MOVI LESS La porte coulissante LESS est un excellent choix pour ceux qui recherchent un design \u00e9l\u00e9gant et fonctionnel. Sa\" \/>\n<meta property=\"og:url\" content=\"https:\/\/www.mobilimariani.com\/fr\/promotion-avec-porte-coulissante-movi-less\/\" \/>\n<meta property=\"og:site_name\" content=\"Mobili Mariani\" \/>\n<meta property=\"article:published_time\" content=\"2025-09-10T17:46:51+00:00\" \/>\n<meta name=\"twitter:label1\" content=\"Est. reading time\">\n\t<meta name=\"twitter:data1\" content=\"1 minute\">\n<script type=\"application\/ld+json\" class=\"yoast-schema-graph\">{\"@context\":\"https:\/\/schema.org\",\"@graph\":[{\"@type\":\"Organization\",\"@id\":\"https:\/\/www.mobilimariani.com\/#organization\",\"name\":\"Mobili Mariani\",\"url\":\"https:\/\/www.mobilimariani.com\/\",\"sameAs\":[],\"logo\":{\"@type\":\"ImageObject\",\"@id\":\"https:\/\/www.mobilimariani.com\/#logo\",\"inLanguage\":\"fr-CH\",\"url\":\"https:\/\/www.mobilimariani.com\/wp-content\/uploads\/2015\/12\/logo.png\",\"contentUrl\":\"https:\/\/www.mobilimariani.com\/wp-content\/uploads\/2015\/12\/logo.png\",\"width\":160,\"height\":110,\"caption\":\"Mobili Mariani\"},\"image\":{\"@id\":\"https:\/\/www.mobilimariani.com\/#logo\"}},{\"@type\":\"WebSite\",\"@id\":\"https:\/\/www.mobilimariani.com\/#website\",\"url\":\"https:\/\/www.mobilimariani.com\/\",\"name\":\"Mobili Mariani\",\"description\":\"Mobili Italia Svizzera\",\"publisher\":{\"@id\":\"https:\/\/www.mobilimariani.com\/#organization\"},\"potentialAction\":[{\"@type\":\"SearchAction\",\"target\":\"https:\/\/www.mobilimariani.com\/?s={search_term_string}\",\"query-input\":\"required name=search_term_string\"}],\"inLanguage\":\"fr-CH\"},{\"@type\":\"WebPage\",\"@id\":\"https:\/\/www.mobilimariani.com\/fr\/promotion-avec-porte-coulissante-movi-less\/#webpage\",\"url\":\"https:\/\/www.mobilimariani.com\/fr\/promotion-avec-porte-coulissante-movi-less\/\",\"name\":\"PROMOTION AVEC PORTE COULISSANTE MOVI LESS | Mobili Mariani\",\"isPartOf\":{\"@id\":\"https:\/\/www.mobilimariani.com\/#website\"},\"datePublished\":\"2025-09-10T17:46:51+00:00\",\"dateModified\":\"2025-09-10T17:46:51+00:00\",\"description\":\"PROMOTION AVEC PORTE COULISSANTE MOVI LESS La porte coulissante LESS est un excellent choix pour ceux qui recherchent un design \\u00e9l\\u00e9gant et fonctionnel. Sa\",\"breadcrumb\":{\"@id\":\"https:\/\/www.mobilimariani.com\/fr\/promotion-avec-porte-coulissante-movi-less\/#breadcrumb\"},\"inLanguage\":\"fr-CH\",\"potentialAction\":[{\"@type\":\"ReadAction\",\"target\":[\"https:\/\/www.mobilimariani.com\/fr\/promotion-avec-porte-coulissante-movi-less\/\"]}]},{\"@type\":\"BreadcrumbList\",\"@id\":\"https:\/\/www.mobilimariani.com\/fr\/promotion-avec-porte-coulissante-movi-less\/#breadcrumb\",\"itemListElement\":[{\"@type\":\"ListItem\",\"position\":1,\"item\":{\"@type\":\"WebPage\",\"@id\":\"https:\/\/www.mobilimariani.com\/\",\"url\":\"https:\/\/www.mobilimariani.com\/\",\"name\":\"Home\"}},{\"@type\":\"ListItem\",\"position\":2,\"item\":{\"@id\":\"https:\/\/www.mobilimariani.com\/fr\/promotion-avec-porte-coulissante-movi-less\/#webpage\"}}]},{\"@type\":\"Article\",\"@id\":\"https:\/\/www.mobilimariani.com\/fr\/promotion-avec-porte-coulissante-movi-less\/#article\",\"isPartOf\":{\"@id\":\"https:\/\/www.mobilimariani.com\/fr\/promotion-avec-porte-coulissante-movi-less\/#webpage\"},\"author\":{\"@id\":\"https:\/\/www.mobilimariani.com\/#\/schema\/person\/4685d9f51269134e53f988c9122315f4\"},\"headline\":\"PROMOTION AVEC PORTE COULISSANTE MOVI LESS\",\"datePublished\":\"2025-09-10T17:46:51+00:00\",\"dateModified\":\"2025-09-10T17:46:51+00:00\",\"mainEntityOfPage\":{\"@id\":\"https:\/\/www.mobilimariani.com\/fr\/promotion-avec-porte-coulissante-movi-less\/#webpage\"},\"publisher\":{\"@id\":\"https:\/\/www.mobilimariani.com\/#organization\"},\"articleSection\":[\"News\",\"Offres Zone Jour\",\"Offres zone nuit\",\"Outlet\",\"Promotions\"],\"inLanguage\":\"fr-CH\"},{\"@type\":\"Person\",\"@id\":\"https:\/\/www.mobilimariani.com\/#\/schema\/person\/4685d9f51269134e53f988c9122315f4\",\"name\":\"14m4rC008\",\"image\":{\"@type\":\"ImageObject\",\"@id\":\"https:\/\/www.mobilimariani.com\/#personlogo\",\"inLanguage\":\"fr-CH\",\"url\":\"https:\/\/secure.gravatar.com\/avatar\/dfaa6e536fec7030712cf850e9ddef45?s=96&d=mm&r=g\",\"contentUrl\":\"https:\/\/secure.gravatar.com\/avatar\/dfaa6e536fec7030712cf850e9ddef45?s=96&d=mm&r=g\",\"caption\":\"14m4rC008\"}}]}<\/script>\n<!-- \/ Yoast SEO plugin. -->","_links":{"self":[{"href":"https:\/\/www.mobilimariani.com\/fr\/wp-json\/wp\/v2\/posts\/32882"}],"collection":[{"href":"https:\/\/www.mobilimariani.com\/fr\/wp-json\/wp\/v2\/posts"}],"about":[{"href":"https:\/\/www.mobilimariani.com\/fr\/wp-json\/wp\/v2\/types\/post"}],"author":[{"embeddable":true,"href":"https:\/\/www.mobilimariani.com\/fr\/wp-json\/wp\/v2\/users\/1"}],"replies":[{"embeddable":true,"href":"https:\/\/www.mobilimariani.com\/fr\/wp-json\/wp\/v2\/comments?post=32882"}],"version-history":[{"count":1,"href":"https:\/\/www.mobilimariani.com\/fr\/wp-json\/wp\/v2\/posts\/32882\/revisions"}],"predecessor-version":[{"id":32884,"href":"https:\/\/www.mobilimariani.com\/fr\/wp-json\/wp\/v2\/posts\/32882\/revisions\/32884"}],"wp:attachment":[{"href":"https:\/\/www.mobilimariani.com\/fr\/wp-json\/wp\/v2\/media?parent=32882"}],"wp:term":[{"taxonomy":"category","embeddable":true,"href":"https:\/\/www.mobilimariani.com\/fr\/wp-json\/wp\/v2\/categories?post=32882"},{"taxonomy":"post_tag","embeddable":true,"href":"https:\/\/www.mobilimariani.com\/fr\/wp-json\/wp\/v2\/tags?post=32882"}],"curies":[{"name":"wp","href":"https:\/\/api.w.org\/{rel}","templated":true}]}}