{"id":32872,"date":"2025-09-10T19:10:55","date_gmt":"2025-09-10T17:10:55","guid":{"rendered":"https:\/\/www.mobilimariani.com\/?p=32872"},"modified":"2026-02-17T17:49:16","modified_gmt":"2026-02-17T16:49:16","slug":"lualdi-porta-ala-echantillonnage","status":"publish","type":"post","link":"https:\/\/www.mobilimariani.com\/fr\/lualdi-porta-ala-echantillonnage\/","title":{"rendered":"LUALDI PORTA ALA (\u00c9CHANTILLONNAGE)"},"content":{"rendered":"<p>LUALDI PORTA ALA (\u00c9CHANTILLONNAGE)<\/p>\n<p>Porte en placage de cerisier avec inserts en acier inoxydable &#8211; \u00c9l\u00e9gance et fonctionnalit\u00e9 dans les moindres d\u00e9tails<\/p>\n<p>D\u00e9couvrez notre porte en placage, la solution id\u00e9ale pour ceux qui recherchent \u00e9l\u00e9gance et durabilit\u00e9 dans un seul produit. Avec sa finition cerisier, cette porte allie design contemporain et mat\u00e9riaux de haute qualit\u00e9, ce qui en fait un \u00e9l\u00e9ment distinctif pour votre maison.<\/p>\n<p>Caract\u00e9ristiques principales\u00a0:<\/p>\n<p>Finition placage horizontale\u00a0: Un choix stylistique qui garantit un aspect \u00e9l\u00e9gant et moderne, avec une texture qui met en valeur la beaut\u00e9 du bois.<\/p>\n<p>Incrustations en acier inoxydable\u00a0: Des d\u00e9tails raffin\u00e9s qui apportent une touche de luxe, parfaits pour s&#8217;int\u00e9grer dans des environnements au design contemporain.<\/p>\n<p>Bordures biseaut\u00e9es\u00a0: \u00c9paisseur de 20\u00a0mm avec un biseau au dos pour un aspect raffin\u00e9 et une meilleure adh\u00e9rence au mur, espac\u00e9es de 15\u00a0mm pour un effet visuel dynamique et moderne.<\/p>\n<p>Quincaillerie incluse\u00a0: La porte est \u00e9quip\u00e9e de charni\u00e8res dissimul\u00e9es qui assurent une fermeture silencieuse et une longue dur\u00e9e de vie.<\/p>\n<p>Poign\u00e9e originale\u00a0: Un d\u00e9tail distinctif qui ne passera pas inaper\u00e7u, con\u00e7u pour ajouter une touche d&#8217;\u00e9l\u00e9gance \u00e0 la porte.<\/p>\n<p>Dimensions disponibles\u00a0:<\/p>\n<p>Dimension unique\u00a0: 80 x 210 cm (hauteur)<\/p>\n<p>Apportez une touche d&#8217;\u00e9l\u00e9gance \u00e0 votre int\u00e9rieur avec cette porte \u00e9l\u00e9gante et fonctionnelle. Notre offre libre-service vous permet d&#8217;acqu\u00e9rir un produit exclusif \u00e0 un prix abordable. Une occasion unique d&#8217;acqu\u00e9rir une porte de haute qualit\u00e9 \u00e0 un prix exceptionnel.<\/p>\n<p>Un excellent rapport qualit\u00e9-prix\u00a0:<\/p>\n<p>Prix catalogue :\u00a0 \u20ac.\u00a0 1.903,00<\/p>\n<p><strong>Offre libre-service :\u00a0 \u20ac.\u00a0 760,00\u00a0 \u00a0 TVA 22 % incluse<\/strong><\/p>\n<p>Pour voir toutes nos ventes,\u00a0<a href=\"https:\/\/www.mobilimariani.com\/fr\/search\/VENTES\">cliquez ici<\/a><\/p>\n<p>Avez-vous besoin de plus d\u2019informations?<\/p>\n<p><a href=\"https:\/\/www.mobilimariani.com\/fr\/contacts\/\" target=\"_blank\" rel=\"noreferrer noopener\">Cliquez ici\u00a0<\/a>\u00a0et nous vous r\u00e9pondrons<\/p>\n","protected":false},"excerpt":{"rendered":"LUALDI PORTA ALA (\u00c9CHANTILLONNAGE) Porte en placage de cerisier avec inserts en acier inoxydable &#8211; \u00c9l\u00e9gance et fonctionnalit\u00e9 dans les moindres d\u00e9tails D\u00e9couvrez notre porte en placage, la solution id\u00e9ale pour ceux qui recherchent \u00e9l\u00e9gance et durabilit\u00e9 dans un seul produit. Avec sa finition cerisier, cette porte allie design contemporain et mat\u00e9riaux de haute qualit\u00e9,&#8230; <a class=\"view-article\" href=\"https:\/\/www.mobilimariani.com\/fr\/lualdi-porta-ala-echantillonnage\/\">Voir l&#8217;article<\/a>","protected":false},"author":1,"featured_media":0,"comment_status":"closed","ping_status":"closed","sticky":false,"template":"","format":"standard","meta":[],"categories":[8,50,48,49,14,38],"tags":[],"yoast_head":"<!-- This site is optimized with the Yoast SEO plugin v16.2 - https:\/\/yoast.com\/wordpress\/plugins\/seo\/ -->\n<meta name=\"description\" content=\"LUALDI PORTA ALA (\u00c9CHANTILLONNAGE) Porte en placage de cerisier avec inserts en acier inoxydable - \u00c9l\u00e9gance et fonctionnalit\u00e9 dans les moindres d\u00e9tails\" \/>\n<meta name=\"robots\" content=\"index, follow, max-snippet:-1, max-image-preview:large, max-video-preview:-1\" \/>\n<link rel=\"canonical\" href=\"https:\/\/www.mobilimariani.com\/fr\/lualdi-porta-ala-echantillonnage\/\" \/>\n<meta property=\"og:locale\" content=\"fr_FR\" \/>\n<meta property=\"og:type\" content=\"article\" \/>\n<meta property=\"og:title\" content=\"LUALDI PORTA ALA (\u00c9CHANTILLONNAGE) | Mobili Mariani\" \/>\n<meta property=\"og:description\" content=\"LUALDI PORTA ALA (\u00c9CHANTILLONNAGE) Porte en placage de cerisier avec inserts en acier inoxydable - \u00c9l\u00e9gance et fonctionnalit\u00e9 dans les moindres d\u00e9tails\" \/>\n<meta property=\"og:url\" content=\"https:\/\/www.mobilimariani.com\/fr\/lualdi-porta-ala-echantillonnage\/\" \/>\n<meta property=\"og:site_name\" content=\"Mobili Mariani\" \/>\n<meta property=\"article:published_time\" content=\"2025-09-10T17:10:55+00:00\" \/>\n<meta property=\"article:modified_time\" content=\"2026-02-17T16:49:16+00:00\" \/>\n<meta name=\"twitter:label1\" content=\"Est. reading time\">\n\t<meta name=\"twitter:data1\" content=\"2 minutes\">\n<script type=\"application\/ld+json\" class=\"yoast-schema-graph\">{\"@context\":\"https:\/\/schema.org\",\"@graph\":[{\"@type\":\"Organization\",\"@id\":\"https:\/\/www.mobilimariani.com\/#organization\",\"name\":\"Mobili Mariani\",\"url\":\"https:\/\/www.mobilimariani.com\/\",\"sameAs\":[],\"logo\":{\"@type\":\"ImageObject\",\"@id\":\"https:\/\/www.mobilimariani.com\/#logo\",\"inLanguage\":\"fr-CH\",\"url\":\"https:\/\/www.mobilimariani.com\/wp-content\/uploads\/2015\/12\/logo.png\",\"contentUrl\":\"https:\/\/www.mobilimariani.com\/wp-content\/uploads\/2015\/12\/logo.png\",\"width\":160,\"height\":110,\"caption\":\"Mobili Mariani\"},\"image\":{\"@id\":\"https:\/\/www.mobilimariani.com\/#logo\"}},{\"@type\":\"WebSite\",\"@id\":\"https:\/\/www.mobilimariani.com\/#website\",\"url\":\"https:\/\/www.mobilimariani.com\/\",\"name\":\"Mobili Mariani\",\"description\":\"Mobili Italia Svizzera\",\"publisher\":{\"@id\":\"https:\/\/www.mobilimariani.com\/#organization\"},\"potentialAction\":[{\"@type\":\"SearchAction\",\"target\":\"https:\/\/www.mobilimariani.com\/?s={search_term_string}\",\"query-input\":\"required name=search_term_string\"}],\"inLanguage\":\"fr-CH\"},{\"@type\":\"WebPage\",\"@id\":\"https:\/\/www.mobilimariani.com\/fr\/lualdi-porta-ala-echantillonnage\/#webpage\",\"url\":\"https:\/\/www.mobilimariani.com\/fr\/lualdi-porta-ala-echantillonnage\/\",\"name\":\"LUALDI PORTA ALA (\\u00c9CHANTILLONNAGE) | Mobili Mariani\",\"isPartOf\":{\"@id\":\"https:\/\/www.mobilimariani.com\/#website\"},\"datePublished\":\"2025-09-10T17:10:55+00:00\",\"dateModified\":\"2026-02-17T16:49:16+00:00\",\"description\":\"LUALDI PORTA ALA (\\u00c9CHANTILLONNAGE) Porte en placage de cerisier avec inserts en acier inoxydable - \\u00c9l\\u00e9gance et fonctionnalit\\u00e9 dans les moindres d\\u00e9tails\",\"breadcrumb\":{\"@id\":\"https:\/\/www.mobilimariani.com\/fr\/lualdi-porta-ala-echantillonnage\/#breadcrumb\"},\"inLanguage\":\"fr-CH\",\"potentialAction\":[{\"@type\":\"ReadAction\",\"target\":[\"https:\/\/www.mobilimariani.com\/fr\/lualdi-porta-ala-echantillonnage\/\"]}]},{\"@type\":\"BreadcrumbList\",\"@id\":\"https:\/\/www.mobilimariani.com\/fr\/lualdi-porta-ala-echantillonnage\/#breadcrumb\",\"itemListElement\":[{\"@type\":\"ListItem\",\"position\":1,\"item\":{\"@type\":\"WebPage\",\"@id\":\"https:\/\/www.mobilimariani.com\/\",\"url\":\"https:\/\/www.mobilimariani.com\/\",\"name\":\"Home\"}},{\"@type\":\"ListItem\",\"position\":2,\"item\":{\"@id\":\"https:\/\/www.mobilimariani.com\/fr\/lualdi-porta-ala-echantillonnage\/#webpage\"}}]},{\"@type\":\"Article\",\"@id\":\"https:\/\/www.mobilimariani.com\/fr\/lualdi-porta-ala-echantillonnage\/#article\",\"isPartOf\":{\"@id\":\"https:\/\/www.mobilimariani.com\/fr\/lualdi-porta-ala-echantillonnage\/#webpage\"},\"author\":{\"@id\":\"https:\/\/www.mobilimariani.com\/#\/schema\/person\/4685d9f51269134e53f988c9122315f4\"},\"headline\":\"LUALDI PORTA ALA (\\u00c9CHANTILLONNAGE)\",\"datePublished\":\"2025-09-10T17:10:55+00:00\",\"dateModified\":\"2026-02-17T16:49:16+00:00\",\"mainEntityOfPage\":{\"@id\":\"https:\/\/www.mobilimariani.com\/fr\/lualdi-porta-ala-echantillonnage\/#webpage\"},\"publisher\":{\"@id\":\"https:\/\/www.mobilimariani.com\/#organization\"},\"articleSection\":[\"News\",\"Offres Cuisines \",\"Offres Zone Jour\",\"Offres zone nuit\",\"Outlet\",\"Promotions\"],\"inLanguage\":\"fr-CH\"},{\"@type\":\"Person\",\"@id\":\"https:\/\/www.mobilimariani.com\/#\/schema\/person\/4685d9f51269134e53f988c9122315f4\",\"name\":\"14m4rC008\",\"image\":{\"@type\":\"ImageObject\",\"@id\":\"https:\/\/www.mobilimariani.com\/#personlogo\",\"inLanguage\":\"fr-CH\",\"url\":\"https:\/\/secure.gravatar.com\/avatar\/dfaa6e536fec7030712cf850e9ddef45?s=96&d=mm&r=g\",\"contentUrl\":\"https:\/\/secure.gravatar.com\/avatar\/dfaa6e536fec7030712cf850e9ddef45?s=96&d=mm&r=g\",\"caption\":\"14m4rC008\"}}]}<\/script>\n<!-- \/ Yoast SEO plugin. -->","_links":{"self":[{"href":"https:\/\/www.mobilimariani.com\/fr\/wp-json\/wp\/v2\/posts\/32872"}],"collection":[{"href":"https:\/\/www.mobilimariani.com\/fr\/wp-json\/wp\/v2\/posts"}],"about":[{"href":"https:\/\/www.mobilimariani.com\/fr\/wp-json\/wp\/v2\/types\/post"}],"author":[{"embeddable":true,"href":"https:\/\/www.mobilimariani.com\/fr\/wp-json\/wp\/v2\/users\/1"}],"replies":[{"embeddable":true,"href":"https:\/\/www.mobilimariani.com\/fr\/wp-json\/wp\/v2\/comments?post=32872"}],"version-history":[{"count":1,"href":"https:\/\/www.mobilimariani.com\/fr\/wp-json\/wp\/v2\/posts\/32872\/revisions"}],"predecessor-version":[{"id":32874,"href":"https:\/\/www.mobilimariani.com\/fr\/wp-json\/wp\/v2\/posts\/32872\/revisions\/32874"}],"wp:attachment":[{"href":"https:\/\/www.mobilimariani.com\/fr\/wp-json\/wp\/v2\/media?parent=32872"}],"wp:term":[{"taxonomy":"category","embeddable":true,"href":"https:\/\/www.mobilimariani.com\/fr\/wp-json\/wp\/v2\/categories?post=32872"},{"taxonomy":"post_tag","embeddable":true,"href":"https:\/\/www.mobilimariani.com\/fr\/wp-json\/wp\/v2\/tags?post=32872"}],"curies":[{"name":"wp","href":"https:\/\/api.w.org\/{rel}","templated":true}]}}