{"id":32275,"date":"2025-04-04T17:24:54","date_gmt":"2025-04-04T15:24:54","guid":{"rendered":"https:\/\/www.mobilimariani.com\/?p=32275"},"modified":"2025-12-11T18:08:07","modified_gmt":"2025-12-11T17:08:07","slug":"ventes-avec-etagere-alfabeta-tonelli","status":"publish","type":"post","link":"https:\/\/www.mobilimariani.com\/fr\/ventes-avec-etagere-alfabeta-tonelli\/","title":{"rendered":"VENTES AVEC \u00c9TAG\u00c8RE ALFABETA TONELLI"},"content":{"rendered":"<p>VENTES AVEC \u00c9TAG\u00c8RE ALFABETA TONELLI design Fabio Bortolani\u00a0 Emilio Nanni<\/p>\n<p>Con\u00e7ue par les designers Emilio Nanni et Fabio Bortolani, l&#8217;\u00e9tag\u00e8re Alfabeta de cette promotion est r\u00e9alis\u00e9e en verre transparent dans une finition extra-claire.<\/p>\n<p>Il poss\u00e8de une structure g\u00e9om\u00e9trique qui pivote vers l&#8217;int\u00e9rieur pour former diff\u00e9rents plateaux de table et, en fonction des diff\u00e9rents positionnements, s&#8217;adapte \u00e0 une vari\u00e9t\u00e9 de solutions d&#8217;ameublement.<\/p>\n<p>Dimensions : CM. 40 x 24 x 40 h\u00a0 \u00a0 \u00a0 \u00a0 Epaisseur 10 mm.<\/p>\n<p>Liste de prix\u00a0 \u20ac.\u00a0 604,00<\/p>\n<p><strong>PRIX AUTONOME\u00a0 \u20ac.\u00a0 198,00<\/strong><\/p>\n<p>Pour voir toutes nos ventes,\u00a0<a href=\"https:\/\/www.mobilimariani.com\/fr\/search\/VENTES\">cliquez ici<\/a><\/p>\n<p>Pour les clients r\u00e9sidant en Suisse, la TVA italienne sera d\u00e9duite<\/p>\n<p>Avez-vous besoin de plus d\u2019informations?<\/p>\n<p><a href=\"https:\/\/www.mobilimariani.com\/fr\/contacts\/\" target=\"_blank\" rel=\"noreferrer noopener\">Cliquez ici\u00a0<\/a>\u00a0et nous vous r\u00e9pondrons<\/p>\n","protected":false},"excerpt":{"rendered":"VENTES AVEC \u00c9TAG\u00c8RE ALFABETA TONELLI design Fabio Bortolani\u00a0 Emilio Nanni Con\u00e7ue par les designers Emilio Nanni et Fabio Bortolani, l&#8217;\u00e9tag\u00e8re Alfabeta de cette promotion est r\u00e9alis\u00e9e en verre transparent dans une finition extra-claire. Il poss\u00e8de une structure g\u00e9om\u00e9trique qui pivote vers l&#8217;int\u00e9rieur pour former diff\u00e9rents plateaux de table et, en fonction des diff\u00e9rents positionnements, s&#8217;adapte&#8230; <a class=\"view-article\" href=\"https:\/\/www.mobilimariani.com\/fr\/ventes-avec-etagere-alfabeta-tonelli\/\">Voir l&#8217;article<\/a>","protected":false},"author":1,"featured_media":0,"comment_status":"closed","ping_status":"closed","sticky":false,"template":"","format":"standard","meta":[],"categories":[8,2207,50,48,49,14,38],"tags":[],"yoast_head":"<!-- This site is optimized with the Yoast SEO plugin v16.2 - https:\/\/yoast.com\/wordpress\/plugins\/seo\/ -->\n<meta name=\"description\" content=\"VENTES AVEC \u00c9TAG\u00c8RE ALFABETA TONELLI design Fabio Bortolani\u00a0 Emilio Nanni Con\u00e7ue par les designers Emilio Nanni et Fabio Bortolani, l&#039;\u00e9tag\u00e8re Alfabeta de\" \/>\n<meta name=\"robots\" content=\"index, follow, max-snippet:-1, max-image-preview:large, max-video-preview:-1\" \/>\n<link rel=\"canonical\" href=\"https:\/\/www.mobilimariani.com\/fr\/ventes-avec-etagere-alfabeta-tonelli\/\" \/>\n<meta property=\"og:locale\" content=\"fr_FR\" \/>\n<meta property=\"og:type\" content=\"article\" \/>\n<meta property=\"og:title\" content=\"VENTES AVEC \u00c9TAG\u00c8RE ALFABETA TONELLI | Mobili Mariani\" \/>\n<meta property=\"og:description\" content=\"VENTES AVEC \u00c9TAG\u00c8RE ALFABETA TONELLI design Fabio Bortolani\u00a0 Emilio Nanni Con\u00e7ue par les designers Emilio Nanni et Fabio Bortolani, l&#039;\u00e9tag\u00e8re Alfabeta de\" \/>\n<meta property=\"og:url\" content=\"https:\/\/www.mobilimariani.com\/fr\/ventes-avec-etagere-alfabeta-tonelli\/\" \/>\n<meta property=\"og:site_name\" content=\"Mobili Mariani\" \/>\n<meta property=\"article:published_time\" content=\"2025-04-04T15:24:54+00:00\" \/>\n<meta property=\"article:modified_time\" content=\"2025-12-11T17:08:07+00:00\" \/>\n<meta name=\"twitter:label1\" content=\"Est. reading time\">\n\t<meta name=\"twitter:data1\" content=\"1 minute\">\n<script type=\"application\/ld+json\" class=\"yoast-schema-graph\">{\"@context\":\"https:\/\/schema.org\",\"@graph\":[{\"@type\":\"Organization\",\"@id\":\"https:\/\/www.mobilimariani.com\/#organization\",\"name\":\"Mobili Mariani\",\"url\":\"https:\/\/www.mobilimariani.com\/\",\"sameAs\":[],\"logo\":{\"@type\":\"ImageObject\",\"@id\":\"https:\/\/www.mobilimariani.com\/#logo\",\"inLanguage\":\"fr-CH\",\"url\":\"https:\/\/www.mobilimariani.com\/wp-content\/uploads\/2015\/12\/logo.png\",\"contentUrl\":\"https:\/\/www.mobilimariani.com\/wp-content\/uploads\/2015\/12\/logo.png\",\"width\":160,\"height\":110,\"caption\":\"Mobili Mariani\"},\"image\":{\"@id\":\"https:\/\/www.mobilimariani.com\/#logo\"}},{\"@type\":\"WebSite\",\"@id\":\"https:\/\/www.mobilimariani.com\/#website\",\"url\":\"https:\/\/www.mobilimariani.com\/\",\"name\":\"Mobili Mariani\",\"description\":\"Mobili Italia Svizzera\",\"publisher\":{\"@id\":\"https:\/\/www.mobilimariani.com\/#organization\"},\"potentialAction\":[{\"@type\":\"SearchAction\",\"target\":\"https:\/\/www.mobilimariani.com\/?s={search_term_string}\",\"query-input\":\"required name=search_term_string\"}],\"inLanguage\":\"fr-CH\"},{\"@type\":\"WebPage\",\"@id\":\"https:\/\/www.mobilimariani.com\/fr\/ventes-avec-etagere-alfabeta-tonelli\/#webpage\",\"url\":\"https:\/\/www.mobilimariani.com\/fr\/ventes-avec-etagere-alfabeta-tonelli\/\",\"name\":\"VENTES AVEC \\u00c9TAG\\u00c8RE ALFABETA TONELLI | Mobili Mariani\",\"isPartOf\":{\"@id\":\"https:\/\/www.mobilimariani.com\/#website\"},\"datePublished\":\"2025-04-04T15:24:54+00:00\",\"dateModified\":\"2025-12-11T17:08:07+00:00\",\"description\":\"VENTES AVEC \\u00c9TAG\\u00c8RE ALFABETA TONELLI design Fabio Bortolani\\u00a0 Emilio Nanni Con\\u00e7ue par les designers Emilio Nanni et Fabio Bortolani, l'\\u00e9tag\\u00e8re Alfabeta de\",\"breadcrumb\":{\"@id\":\"https:\/\/www.mobilimariani.com\/fr\/ventes-avec-etagere-alfabeta-tonelli\/#breadcrumb\"},\"inLanguage\":\"fr-CH\",\"potentialAction\":[{\"@type\":\"ReadAction\",\"target\":[\"https:\/\/www.mobilimariani.com\/fr\/ventes-avec-etagere-alfabeta-tonelli\/\"]}]},{\"@type\":\"BreadcrumbList\",\"@id\":\"https:\/\/www.mobilimariani.com\/fr\/ventes-avec-etagere-alfabeta-tonelli\/#breadcrumb\",\"itemListElement\":[{\"@type\":\"ListItem\",\"position\":1,\"item\":{\"@type\":\"WebPage\",\"@id\":\"https:\/\/www.mobilimariani.com\/\",\"url\":\"https:\/\/www.mobilimariani.com\/\",\"name\":\"Home\"}},{\"@type\":\"ListItem\",\"position\":2,\"item\":{\"@id\":\"https:\/\/www.mobilimariani.com\/fr\/ventes-avec-etagere-alfabeta-tonelli\/#webpage\"}}]},{\"@type\":\"Article\",\"@id\":\"https:\/\/www.mobilimariani.com\/fr\/ventes-avec-etagere-alfabeta-tonelli\/#article\",\"isPartOf\":{\"@id\":\"https:\/\/www.mobilimariani.com\/fr\/ventes-avec-etagere-alfabeta-tonelli\/#webpage\"},\"author\":{\"@id\":\"https:\/\/www.mobilimariani.com\/#\/schema\/person\/4685d9f51269134e53f988c9122315f4\"},\"headline\":\"VENTES AVEC \\u00c9TAG\\u00c8RE ALFABETA TONELLI\",\"datePublished\":\"2025-04-04T15:24:54+00:00\",\"dateModified\":\"2025-12-11T17:08:07+00:00\",\"mainEntityOfPage\":{\"@id\":\"https:\/\/www.mobilimariani.com\/fr\/ventes-avec-etagere-alfabeta-tonelli\/#webpage\"},\"publisher\":{\"@id\":\"https:\/\/www.mobilimariani.com\/#organization\"},\"articleSection\":[\"News\",\"Offerte bagno\",\"Offres Cuisines \",\"Offres Zone Jour\",\"Offres zone nuit\",\"Outlet\",\"Promotions\"],\"inLanguage\":\"fr-CH\"},{\"@type\":\"Person\",\"@id\":\"https:\/\/www.mobilimariani.com\/#\/schema\/person\/4685d9f51269134e53f988c9122315f4\",\"name\":\"14m4rC008\",\"image\":{\"@type\":\"ImageObject\",\"@id\":\"https:\/\/www.mobilimariani.com\/#personlogo\",\"inLanguage\":\"fr-CH\",\"url\":\"https:\/\/secure.gravatar.com\/avatar\/dfaa6e536fec7030712cf850e9ddef45?s=96&d=mm&r=g\",\"contentUrl\":\"https:\/\/secure.gravatar.com\/avatar\/dfaa6e536fec7030712cf850e9ddef45?s=96&d=mm&r=g\",\"caption\":\"14m4rC008\"}}]}<\/script>\n<!-- \/ Yoast SEO plugin. -->","_links":{"self":[{"href":"https:\/\/www.mobilimariani.com\/fr\/wp-json\/wp\/v2\/posts\/32275"}],"collection":[{"href":"https:\/\/www.mobilimariani.com\/fr\/wp-json\/wp\/v2\/posts"}],"about":[{"href":"https:\/\/www.mobilimariani.com\/fr\/wp-json\/wp\/v2\/types\/post"}],"author":[{"embeddable":true,"href":"https:\/\/www.mobilimariani.com\/fr\/wp-json\/wp\/v2\/users\/1"}],"replies":[{"embeddable":true,"href":"https:\/\/www.mobilimariani.com\/fr\/wp-json\/wp\/v2\/comments?post=32275"}],"version-history":[{"count":5,"href":"https:\/\/www.mobilimariani.com\/fr\/wp-json\/wp\/v2\/posts\/32275\/revisions"}],"predecessor-version":[{"id":33214,"href":"https:\/\/www.mobilimariani.com\/fr\/wp-json\/wp\/v2\/posts\/32275\/revisions\/33214"}],"wp:attachment":[{"href":"https:\/\/www.mobilimariani.com\/fr\/wp-json\/wp\/v2\/media?parent=32275"}],"wp:term":[{"taxonomy":"category","embeddable":true,"href":"https:\/\/www.mobilimariani.com\/fr\/wp-json\/wp\/v2\/categories?post=32275"},{"taxonomy":"post_tag","embeddable":true,"href":"https:\/\/www.mobilimariani.com\/fr\/wp-json\/wp\/v2\/tags?post=32275"}],"curies":[{"name":"wp","href":"https:\/\/api.w.org\/{rel}","templated":true}]}}