{"id":32250,"date":"2025-01-03T18:23:04","date_gmt":"2025-01-03T17:23:04","guid":{"rendered":"https:\/\/www.mobilimariani.com\/?p=32250"},"modified":"2025-09-11T18:34:56","modified_gmt":"2025-09-11T16:34:56","slug":"vente-avec-lema-paire-de-tables-de-nuit-tip","status":"publish","type":"post","link":"https:\/\/www.mobilimariani.com\/fr\/vente-avec-lema-paire-de-tables-de-nuit-tip\/","title":{"rendered":"VENTE AVEC LEMA PAIRE DE TABLES DE NUIT TIP"},"content":{"rendered":"<p>VENTE AVEC LEMA PAIRE DE TABLES DE NUIT TIP design par Daniel Debiasi et Federico Sandri<\/p>\n<p>Tables de chevet avec compartiment ouvert, une proposition au langage contemporain et essentiel construit autour d&#8217;une s\u00e9quence d&#8217;espaces pleins et vides marqu\u00e9s par le m\u00e9lange entre le ch\u00eane trait\u00e9 thermiquement de la structure et les fa\u00e7ades des tiroirs dans la finition sophistiqu\u00e9e Argilla, douce et soyeuse \u00e0 au toucher et \u00e0 l&#8217;oeil.<\/p>\n<p>Dimensions des tables de chevet :<\/p>\n<p>cm. 42,7 x 40 x 44,6 h<\/p>\n<p>cm. 60 x 40,7 x 44,6 h<\/p>\n<p>Liste de prix\u00a0 \u20ac.\u00a0 1.909,00<\/p>\n<p>PRIX AUTONOME \u20ac.\u00a0 890,00<\/p>\n<p>Pour voir toutes nos ventes,\u00a0<a href=\"https:\/\/www.mobilimariani.com\/fr\/search\/VENTES\">cliquez ici<\/a><\/p>\n<p>Pour les clients r\u00e9sidant en Suisse, la TVA italienne sera d\u00e9duite<\/p>\n<p>Avez-vous besoin de plus d\u2019informations?<\/p>\n<p><a href=\"https:\/\/www.mobilimariani.com\/fr\/contacts\/\" target=\"_blank\" rel=\"noreferrer noopener\">Cliquez ici\u00a0<\/a>\u00a0et nous vous r\u00e9pondrons<\/p>\n","protected":false},"excerpt":{"rendered":"VENTE AVEC LEMA PAIRE DE TABLES DE NUIT TIP design par Daniel Debiasi et Federico Sandri Tables de chevet avec compartiment ouvert, une proposition au langage contemporain et essentiel construit autour d&#8217;une s\u00e9quence d&#8217;espaces pleins et vides marqu\u00e9s par le m\u00e9lange entre le ch\u00eane trait\u00e9 thermiquement de la structure et les fa\u00e7ades des tiroirs dans&#8230; <a class=\"view-article\" href=\"https:\/\/www.mobilimariani.com\/fr\/vente-avec-lema-paire-de-tables-de-nuit-tip\/\">Voir l&#8217;article<\/a>","protected":false},"author":1,"featured_media":0,"comment_status":"closed","ping_status":"closed","sticky":false,"template":"","format":"standard","meta":[],"categories":[8,49,14,38,2],"tags":[],"yoast_head":"<!-- This site is optimized with the Yoast SEO plugin v16.2 - https:\/\/yoast.com\/wordpress\/plugins\/seo\/ -->\n<meta name=\"description\" content=\"VENTE AVEC LEMA PAIRE DE TABLES DE NUIT TIP design par Daniel Debiasi et Federico Sandri Tables de chevet avec compartiment ouvert, une proposition au\" \/>\n<meta name=\"robots\" content=\"index, follow, max-snippet:-1, max-image-preview:large, max-video-preview:-1\" \/>\n<link rel=\"canonical\" href=\"https:\/\/www.mobilimariani.com\/fr\/vente-avec-lema-paire-de-tables-de-nuit-tip\/\" \/>\n<meta property=\"og:locale\" content=\"fr_FR\" \/>\n<meta property=\"og:type\" content=\"article\" \/>\n<meta property=\"og:title\" content=\"VENTE AVEC LEMA PAIRE DE TABLES DE NUIT TIP | Mobili Mariani\" \/>\n<meta property=\"og:description\" content=\"VENTE AVEC LEMA PAIRE DE TABLES DE NUIT TIP design par Daniel Debiasi et Federico Sandri Tables de chevet avec compartiment ouvert, une proposition au\" \/>\n<meta property=\"og:url\" content=\"https:\/\/www.mobilimariani.com\/fr\/vente-avec-lema-paire-de-tables-de-nuit-tip\/\" \/>\n<meta property=\"og:site_name\" content=\"Mobili Mariani\" \/>\n<meta property=\"article:published_time\" content=\"2025-01-03T17:23:04+00:00\" \/>\n<meta property=\"article:modified_time\" content=\"2025-09-11T16:34:56+00:00\" \/>\n<meta name=\"twitter:label1\" content=\"Est. reading time\">\n\t<meta name=\"twitter:data1\" content=\"1 minute\">\n<script type=\"application\/ld+json\" class=\"yoast-schema-graph\">{\"@context\":\"https:\/\/schema.org\",\"@graph\":[{\"@type\":\"Organization\",\"@id\":\"https:\/\/www.mobilimariani.com\/#organization\",\"name\":\"Mobili Mariani\",\"url\":\"https:\/\/www.mobilimariani.com\/\",\"sameAs\":[],\"logo\":{\"@type\":\"ImageObject\",\"@id\":\"https:\/\/www.mobilimariani.com\/#logo\",\"inLanguage\":\"fr-CH\",\"url\":\"https:\/\/www.mobilimariani.com\/wp-content\/uploads\/2015\/12\/logo.png\",\"contentUrl\":\"https:\/\/www.mobilimariani.com\/wp-content\/uploads\/2015\/12\/logo.png\",\"width\":160,\"height\":110,\"caption\":\"Mobili Mariani\"},\"image\":{\"@id\":\"https:\/\/www.mobilimariani.com\/#logo\"}},{\"@type\":\"WebSite\",\"@id\":\"https:\/\/www.mobilimariani.com\/#website\",\"url\":\"https:\/\/www.mobilimariani.com\/\",\"name\":\"Mobili Mariani\",\"description\":\"Mobili Italia Svizzera\",\"publisher\":{\"@id\":\"https:\/\/www.mobilimariani.com\/#organization\"},\"potentialAction\":[{\"@type\":\"SearchAction\",\"target\":\"https:\/\/www.mobilimariani.com\/?s={search_term_string}\",\"query-input\":\"required name=search_term_string\"}],\"inLanguage\":\"fr-CH\"},{\"@type\":\"WebPage\",\"@id\":\"https:\/\/www.mobilimariani.com\/fr\/vente-avec-lema-paire-de-tables-de-nuit-tip\/#webpage\",\"url\":\"https:\/\/www.mobilimariani.com\/fr\/vente-avec-lema-paire-de-tables-de-nuit-tip\/\",\"name\":\"VENTE AVEC LEMA PAIRE DE TABLES DE NUIT TIP | Mobili Mariani\",\"isPartOf\":{\"@id\":\"https:\/\/www.mobilimariani.com\/#website\"},\"datePublished\":\"2025-01-03T17:23:04+00:00\",\"dateModified\":\"2025-09-11T16:34:56+00:00\",\"description\":\"VENTE AVEC LEMA PAIRE DE TABLES DE NUIT TIP design par Daniel Debiasi et Federico Sandri Tables de chevet avec compartiment ouvert, une proposition au\",\"breadcrumb\":{\"@id\":\"https:\/\/www.mobilimariani.com\/fr\/vente-avec-lema-paire-de-tables-de-nuit-tip\/#breadcrumb\"},\"inLanguage\":\"fr-CH\",\"potentialAction\":[{\"@type\":\"ReadAction\",\"target\":[\"https:\/\/www.mobilimariani.com\/fr\/vente-avec-lema-paire-de-tables-de-nuit-tip\/\"]}]},{\"@type\":\"BreadcrumbList\",\"@id\":\"https:\/\/www.mobilimariani.com\/fr\/vente-avec-lema-paire-de-tables-de-nuit-tip\/#breadcrumb\",\"itemListElement\":[{\"@type\":\"ListItem\",\"position\":1,\"item\":{\"@type\":\"WebPage\",\"@id\":\"https:\/\/www.mobilimariani.com\/\",\"url\":\"https:\/\/www.mobilimariani.com\/\",\"name\":\"Home\"}},{\"@type\":\"ListItem\",\"position\":2,\"item\":{\"@id\":\"https:\/\/www.mobilimariani.com\/fr\/vente-avec-lema-paire-de-tables-de-nuit-tip\/#webpage\"}}]},{\"@type\":\"Article\",\"@id\":\"https:\/\/www.mobilimariani.com\/fr\/vente-avec-lema-paire-de-tables-de-nuit-tip\/#article\",\"isPartOf\":{\"@id\":\"https:\/\/www.mobilimariani.com\/fr\/vente-avec-lema-paire-de-tables-de-nuit-tip\/#webpage\"},\"author\":{\"@id\":\"https:\/\/www.mobilimariani.com\/#\/schema\/person\/4685d9f51269134e53f988c9122315f4\"},\"headline\":\"VENTE AVEC LEMA PAIRE DE TABLES DE NUIT TIP\",\"datePublished\":\"2025-01-03T17:23:04+00:00\",\"dateModified\":\"2025-09-11T16:34:56+00:00\",\"mainEntityOfPage\":{\"@id\":\"https:\/\/www.mobilimariani.com\/fr\/vente-avec-lema-paire-de-tables-de-nuit-tip\/#webpage\"},\"publisher\":{\"@id\":\"https:\/\/www.mobilimariani.com\/#organization\"},\"articleSection\":[\"News\",\"Offres zone nuit\",\"Outlet\",\"Promotions\",\"Zone nuit\"],\"inLanguage\":\"fr-CH\"},{\"@type\":\"Person\",\"@id\":\"https:\/\/www.mobilimariani.com\/#\/schema\/person\/4685d9f51269134e53f988c9122315f4\",\"name\":\"14m4rC008\",\"image\":{\"@type\":\"ImageObject\",\"@id\":\"https:\/\/www.mobilimariani.com\/#personlogo\",\"inLanguage\":\"fr-CH\",\"url\":\"https:\/\/secure.gravatar.com\/avatar\/dfaa6e536fec7030712cf850e9ddef45?s=96&d=mm&r=g\",\"contentUrl\":\"https:\/\/secure.gravatar.com\/avatar\/dfaa6e536fec7030712cf850e9ddef45?s=96&d=mm&r=g\",\"caption\":\"14m4rC008\"}}]}<\/script>\n<!-- \/ Yoast SEO plugin. -->","_links":{"self":[{"href":"https:\/\/www.mobilimariani.com\/fr\/wp-json\/wp\/v2\/posts\/32250"}],"collection":[{"href":"https:\/\/www.mobilimariani.com\/fr\/wp-json\/wp\/v2\/posts"}],"about":[{"href":"https:\/\/www.mobilimariani.com\/fr\/wp-json\/wp\/v2\/types\/post"}],"author":[{"embeddable":true,"href":"https:\/\/www.mobilimariani.com\/fr\/wp-json\/wp\/v2\/users\/1"}],"replies":[{"embeddable":true,"href":"https:\/\/www.mobilimariani.com\/fr\/wp-json\/wp\/v2\/comments?post=32250"}],"version-history":[{"count":5,"href":"https:\/\/www.mobilimariani.com\/fr\/wp-json\/wp\/v2\/posts\/32250\/revisions"}],"predecessor-version":[{"id":32909,"href":"https:\/\/www.mobilimariani.com\/fr\/wp-json\/wp\/v2\/posts\/32250\/revisions\/32909"}],"wp:attachment":[{"href":"https:\/\/www.mobilimariani.com\/fr\/wp-json\/wp\/v2\/media?parent=32250"}],"wp:term":[{"taxonomy":"category","embeddable":true,"href":"https:\/\/www.mobilimariani.com\/fr\/wp-json\/wp\/v2\/categories?post=32250"},{"taxonomy":"post_tag","embeddable":true,"href":"https:\/\/www.mobilimariani.com\/fr\/wp-json\/wp\/v2\/tags?post=32250"}],"curies":[{"name":"wp","href":"https:\/\/api.w.org\/{rel}","templated":true}]}}