{"id":32221,"date":"2025-01-03T11:21:27","date_gmt":"2025-01-03T10:21:27","guid":{"rendered":"https:\/\/www.mobilimariani.com\/?p=32221"},"modified":"2025-10-11T10:32:14","modified_gmt":"2025-10-11T08:32:14","slug":"vente-avec-chariot-a-epices-bisetti","status":"publish","type":"post","link":"https:\/\/www.mobilimariani.com\/fr\/vente-avec-chariot-a-epices-bisetti\/","title":{"rendered":"VENTE AVEC CHARIOT \u00c0 \u00c9PICES BISETTI"},"content":{"rendered":"<p>VENTE AVEC CHARIOT \u00c0 \u00c9PICES BISETTI<\/p>\n<p>Chariot \u00e0 \u00e9pices en bois, complet de plateau rotatif avec niches pour 05 pots \u00e0 \u00e9pices avec couvercle et un moulin avec r\u00e9glage du grain<\/p>\n<p>Liste de prix\u00a0 \u20ac.\u00a0 137,00<\/p>\n<p>PRIX AUTONOME \u20ac.\u00a0 65,00<\/p>\n<p>Pour voir toutes nos ventes,\u00a0<a href=\"https:\/\/www.mobilimariani.com\/fr\/search\/VENTES\">cliquez ici<\/a><\/p>\n<p>Pour les clients r\u00e9sidant en Suisse, la TVA italienne sera d\u00e9duite<\/p>\n<p>Avez-vous besoin de plus d\u2019informations?<\/p>\n<p><a href=\"https:\/\/www.mobilimariani.com\/fr\/contacts\/\" target=\"_blank\" rel=\"noreferrer noopener\">Cliquez ici\u00a0<\/a>\u00a0et nous vous r\u00e9pondrons<\/p>\n","protected":false},"excerpt":{"rendered":"VENTE AVEC CHARIOT \u00c0 \u00c9PICES BISETTI Chariot \u00e0 \u00e9pices en bois, complet de plateau rotatif avec niches pour 05 pots \u00e0 \u00e9pices avec couvercle et un moulin avec r\u00e9glage du grain Liste de prix\u00a0 \u20ac.\u00a0 137,00 PRIX AUTONOME \u20ac.\u00a0 65,00 Pour voir toutes nos ventes,\u00a0cliquez ici Pour les clients r\u00e9sidant en Suisse, la TVA italienne&#8230; <a class=\"view-article\" href=\"https:\/\/www.mobilimariani.com\/fr\/vente-avec-chariot-a-epices-bisetti\/\">Voir l&#8217;article<\/a>","protected":false},"author":1,"featured_media":0,"comment_status":"closed","ping_status":"closed","sticky":false,"template":"","format":"standard","meta":[],"categories":[8,50,14,38],"tags":[],"yoast_head":"<!-- This site is optimized with the Yoast SEO plugin v16.2 - https:\/\/yoast.com\/wordpress\/plugins\/seo\/ -->\n<meta name=\"description\" content=\"VENTE AVEC CHARIOT \u00c0 \u00c9PICES BISETTI Chariot \u00e0 \u00e9pices en bois, complet de plateau rotatif avec niches pour 05 pots \u00e0 \u00e9pices avec couvercle et un moulin\" \/>\n<meta name=\"robots\" content=\"index, follow, max-snippet:-1, max-image-preview:large, max-video-preview:-1\" \/>\n<link rel=\"canonical\" href=\"https:\/\/www.mobilimariani.com\/fr\/vente-avec-chariot-a-epices-bisetti\/\" \/>\n<meta property=\"og:locale\" content=\"fr_FR\" \/>\n<meta property=\"og:type\" content=\"article\" \/>\n<meta property=\"og:title\" content=\"VENTE AVEC CHARIOT \u00c0 \u00c9PICES BISETTI | Mobili Mariani\" \/>\n<meta property=\"og:description\" content=\"VENTE AVEC CHARIOT \u00c0 \u00c9PICES BISETTI Chariot \u00e0 \u00e9pices en bois, complet de plateau rotatif avec niches pour 05 pots \u00e0 \u00e9pices avec couvercle et un moulin\" \/>\n<meta property=\"og:url\" content=\"https:\/\/www.mobilimariani.com\/fr\/vente-avec-chariot-a-epices-bisetti\/\" \/>\n<meta property=\"og:site_name\" content=\"Mobili Mariani\" \/>\n<meta property=\"article:published_time\" content=\"2025-01-03T10:21:27+00:00\" \/>\n<meta property=\"article:modified_time\" content=\"2025-10-11T08:32:14+00:00\" \/>\n<meta name=\"twitter:label1\" content=\"Est. reading time\">\n\t<meta name=\"twitter:data1\" content=\"1 minute\">\n<script type=\"application\/ld+json\" class=\"yoast-schema-graph\">{\"@context\":\"https:\/\/schema.org\",\"@graph\":[{\"@type\":\"Organization\",\"@id\":\"https:\/\/www.mobilimariani.com\/#organization\",\"name\":\"Mobili Mariani\",\"url\":\"https:\/\/www.mobilimariani.com\/\",\"sameAs\":[],\"logo\":{\"@type\":\"ImageObject\",\"@id\":\"https:\/\/www.mobilimariani.com\/#logo\",\"inLanguage\":\"fr-CH\",\"url\":\"https:\/\/www.mobilimariani.com\/wp-content\/uploads\/2015\/12\/logo.png\",\"contentUrl\":\"https:\/\/www.mobilimariani.com\/wp-content\/uploads\/2015\/12\/logo.png\",\"width\":160,\"height\":110,\"caption\":\"Mobili Mariani\"},\"image\":{\"@id\":\"https:\/\/www.mobilimariani.com\/#logo\"}},{\"@type\":\"WebSite\",\"@id\":\"https:\/\/www.mobilimariani.com\/#website\",\"url\":\"https:\/\/www.mobilimariani.com\/\",\"name\":\"Mobili Mariani\",\"description\":\"Mobili Italia Svizzera\",\"publisher\":{\"@id\":\"https:\/\/www.mobilimariani.com\/#organization\"},\"potentialAction\":[{\"@type\":\"SearchAction\",\"target\":\"https:\/\/www.mobilimariani.com\/?s={search_term_string}\",\"query-input\":\"required name=search_term_string\"}],\"inLanguage\":\"fr-CH\"},{\"@type\":\"WebPage\",\"@id\":\"https:\/\/www.mobilimariani.com\/fr\/vente-avec-chariot-a-epices-bisetti\/#webpage\",\"url\":\"https:\/\/www.mobilimariani.com\/fr\/vente-avec-chariot-a-epices-bisetti\/\",\"name\":\"VENTE AVEC CHARIOT \\u00c0 \\u00c9PICES BISETTI | Mobili Mariani\",\"isPartOf\":{\"@id\":\"https:\/\/www.mobilimariani.com\/#website\"},\"datePublished\":\"2025-01-03T10:21:27+00:00\",\"dateModified\":\"2025-10-11T08:32:14+00:00\",\"description\":\"VENTE AVEC CHARIOT \\u00c0 \\u00c9PICES BISETTI Chariot \\u00e0 \\u00e9pices en bois, complet de plateau rotatif avec niches pour 05 pots \\u00e0 \\u00e9pices avec couvercle et un moulin\",\"breadcrumb\":{\"@id\":\"https:\/\/www.mobilimariani.com\/fr\/vente-avec-chariot-a-epices-bisetti\/#breadcrumb\"},\"inLanguage\":\"fr-CH\",\"potentialAction\":[{\"@type\":\"ReadAction\",\"target\":[\"https:\/\/www.mobilimariani.com\/fr\/vente-avec-chariot-a-epices-bisetti\/\"]}]},{\"@type\":\"BreadcrumbList\",\"@id\":\"https:\/\/www.mobilimariani.com\/fr\/vente-avec-chariot-a-epices-bisetti\/#breadcrumb\",\"itemListElement\":[{\"@type\":\"ListItem\",\"position\":1,\"item\":{\"@type\":\"WebPage\",\"@id\":\"https:\/\/www.mobilimariani.com\/\",\"url\":\"https:\/\/www.mobilimariani.com\/\",\"name\":\"Home\"}},{\"@type\":\"ListItem\",\"position\":2,\"item\":{\"@id\":\"https:\/\/www.mobilimariani.com\/fr\/vente-avec-chariot-a-epices-bisetti\/#webpage\"}}]},{\"@type\":\"Article\",\"@id\":\"https:\/\/www.mobilimariani.com\/fr\/vente-avec-chariot-a-epices-bisetti\/#article\",\"isPartOf\":{\"@id\":\"https:\/\/www.mobilimariani.com\/fr\/vente-avec-chariot-a-epices-bisetti\/#webpage\"},\"author\":{\"@id\":\"https:\/\/www.mobilimariani.com\/#\/schema\/person\/4685d9f51269134e53f988c9122315f4\"},\"headline\":\"VENTE AVEC CHARIOT \\u00c0 \\u00c9PICES BISETTI\",\"datePublished\":\"2025-01-03T10:21:27+00:00\",\"dateModified\":\"2025-10-11T08:32:14+00:00\",\"mainEntityOfPage\":{\"@id\":\"https:\/\/www.mobilimariani.com\/fr\/vente-avec-chariot-a-epices-bisetti\/#webpage\"},\"publisher\":{\"@id\":\"https:\/\/www.mobilimariani.com\/#organization\"},\"articleSection\":[\"News\",\"Offres Cuisines \",\"Outlet\",\"Promotions\"],\"inLanguage\":\"fr-CH\"},{\"@type\":\"Person\",\"@id\":\"https:\/\/www.mobilimariani.com\/#\/schema\/person\/4685d9f51269134e53f988c9122315f4\",\"name\":\"14m4rC008\",\"image\":{\"@type\":\"ImageObject\",\"@id\":\"https:\/\/www.mobilimariani.com\/#personlogo\",\"inLanguage\":\"fr-CH\",\"url\":\"https:\/\/secure.gravatar.com\/avatar\/dfaa6e536fec7030712cf850e9ddef45?s=96&d=mm&r=g\",\"contentUrl\":\"https:\/\/secure.gravatar.com\/avatar\/dfaa6e536fec7030712cf850e9ddef45?s=96&d=mm&r=g\",\"caption\":\"14m4rC008\"}}]}<\/script>\n<!-- \/ Yoast SEO plugin. -->","_links":{"self":[{"href":"https:\/\/www.mobilimariani.com\/fr\/wp-json\/wp\/v2\/posts\/32221"}],"collection":[{"href":"https:\/\/www.mobilimariani.com\/fr\/wp-json\/wp\/v2\/posts"}],"about":[{"href":"https:\/\/www.mobilimariani.com\/fr\/wp-json\/wp\/v2\/types\/post"}],"author":[{"embeddable":true,"href":"https:\/\/www.mobilimariani.com\/fr\/wp-json\/wp\/v2\/users\/1"}],"replies":[{"embeddable":true,"href":"https:\/\/www.mobilimariani.com\/fr\/wp-json\/wp\/v2\/comments?post=32221"}],"version-history":[{"count":3,"href":"https:\/\/www.mobilimariani.com\/fr\/wp-json\/wp\/v2\/posts\/32221\/revisions"}],"predecessor-version":[{"id":33030,"href":"https:\/\/www.mobilimariani.com\/fr\/wp-json\/wp\/v2\/posts\/32221\/revisions\/33030"}],"wp:attachment":[{"href":"https:\/\/www.mobilimariani.com\/fr\/wp-json\/wp\/v2\/media?parent=32221"}],"wp:term":[{"taxonomy":"category","embeddable":true,"href":"https:\/\/www.mobilimariani.com\/fr\/wp-json\/wp\/v2\/categories?post=32221"},{"taxonomy":"post_tag","embeddable":true,"href":"https:\/\/www.mobilimariani.com\/fr\/wp-json\/wp\/v2\/tags?post=32221"}],"curies":[{"name":"wp","href":"https:\/\/api.w.org\/{rel}","templated":true}]}}