{"id":32197,"date":"2024-12-28T18:39:09","date_gmt":"2024-12-28T17:39:09","guid":{"rendered":"https:\/\/www.mobilimariani.com\/?p=32197"},"modified":"2026-04-10T18:48:18","modified_gmt":"2026-04-10T16:48:18","slug":"vase-en-verre-de-murano-via-della-seta-par-ohira","status":"publish","type":"post","link":"https:\/\/www.mobilimariani.com\/fr\/vase-en-verre-de-murano-via-della-seta-par-ohira\/","title":{"rendered":"Vase en Verre de Murano \u00ab Via della Seta \u00bb par Ohira"},"content":{"rendered":"<p>Vase en Verre de Murano \u00ab Via della Seta \u00bb par Ohira<\/p>\n<p>Collection Venise et l&#8217;Orient<\/p>\n<p>Vase en verre de couleur rose dor\u00e9 avec d\u00e9tails rouges r\u00e9alis\u00e9 par Maestro Ohira dans la verrerie De Majo \u00e0 Murano, complet avec certificat.<\/p>\n<p>Mesures\u00a0cm. 14 x 25,5 h<\/p>\n<p>Sp\u00e9cimen 37 sur 1000<\/p>\n<p>&nbsp;<\/p>\n<p>Liste de prix \u20ac<\/p>\n<p>PRIX AUTONOME \u20ac VENDU<\/p>\n<p>Pour les clients r\u00e9sidant en Suisse, la TVA italienne sera d\u00e9duite<\/p>\n<p>Pour voir nos \u0153uvres d\u2019auteur, cliquez sur\u00a0 \u00a0 V<a href=\"https:\/\/www.mobilimariani.com\/fr\/search\/ohira\">ases Yoichi Ohira<\/a>\u00a0 \u00a0\u00a0<a href=\"https:\/\/www.mobilimariani.com\/fr\/peinture-composition-de-circiello\/\">Peintures Circiello<\/a>\u00a0 \u00a0\u00a0<a href=\"https:\/\/www.mobilimariani.com\/fr\/peinture-paesaggio-de-semenzato\/\">Peintures Semenzato<\/a>\u00a0 \u00a0<a href=\"https:\/\/www.mobilimariani.com\/fr\/search\/bronze\">Sculptures<\/a><\/p>\n<p>&nbsp;<\/p>\n<p>Yoichi Ohira, n\u00e9 au Japon, vit et travaille \u00e0 Venise depuis 1973.<\/p>\n<p>Ses vases signature sont un m\u00e9lange d\u2019esth\u00e9tique japonaise et de techniques traditionnelles du verre italien.<\/p>\n<p>Ohira observe : \u00ab J\u2019aimerais cr\u00e9er une \u0153uvre utilisant ma sensibilit\u00e9 japonaise qui soit toujours un v\u00e9ritable reflet de l\u2019histoire du verre v\u00e9nitien. \u00bb<br \/>\nCertaines de ses \u0153uvres se concentrent sur les couleurs brillantes du verre v\u00e9nitien, tandis que d\u2019autres sont d\u2019une simplicit\u00e9 classique, d\u00e9montrant les aspects parfaitement techniques de son travail.<\/p>\n<p>Yoichi Ohira, qui vit actuellement \u00e0 Venise, en Italie, est n\u00e9 et a grandi au Japon.<\/p>\n<p>Il est dipl\u00f4m\u00e9 de la Kuwasawa Design School de Tokyo en 1969 et s\u2019installe \u00e0 Venise en 1973 pour \u00e9tudier la sculpture \u00e0 l\u2019Acad\u00e9mie des Beaux-Arts.<br \/>\nOhira a commenc\u00e9 \u00e0 travailler le verre \u00e0 Murano au Centro Studio Pittori nell\u2019Arte del Vetro di Murano en 1973.<\/p>\n<p>En 1987, on lui propose le poste de directeur artistique de la verrerie De Majo \u00e0 Murano, o\u00f9 il travaille avec certains des ma\u00eetres verriers les plus exp\u00e9riment\u00e9s et les plus talentueux de l\u2019\u00eele.<\/p>\n<p>&nbsp;<\/p>\n<p>Pour voir toutes nos ventes,\u00a0<a href=\"https:\/\/www.mobilimariani.com\/fr\/search\/VENTES\">cliquez ici<\/a><\/p>\n<p>Avez-vous besoin de plus d\u2019informations?<\/p>\n<p><a href=\"https:\/\/www.mobilimariani.com\/fr\/contacts\/\" target=\"_blank\" rel=\"noreferrer noopener\">Cliquez ici\u00a0<\/a>\u00a0et nous vous r\u00e9pondrons<\/p>\n","protected":false},"excerpt":{"rendered":"Vase en Verre de Murano \u00ab Via della Seta \u00bb par Ohira Collection Venise et l&#8217;Orient Vase en verre de couleur rose dor\u00e9 avec d\u00e9tails rouges r\u00e9alis\u00e9 par Maestro Ohira dans la verrerie De Majo \u00e0 Murano, complet avec certificat. Mesures\u00a0cm. 14 x 25,5 h Sp\u00e9cimen 37 sur 1000 &nbsp; Liste de prix \u20ac PRIX&#8230; <a class=\"view-article\" href=\"https:\/\/www.mobilimariani.com\/fr\/vase-en-verre-de-murano-via-della-seta-par-ohira\/\">Voir l&#8217;article<\/a>","protected":false},"author":1,"featured_media":0,"comment_status":"closed","ping_status":"closed","sticky":false,"template":"","format":"standard","meta":[],"categories":[29,8,14,2236,38],"tags":[],"yoast_head":"<!-- This site is optimized with the Yoast SEO plugin v16.2 - https:\/\/yoast.com\/wordpress\/plugins\/seo\/ -->\n<meta name=\"description\" content=\"Vase en Verre de Murano \u00ab Via della Seta \u00bb par Ohira Collection Venise et l&#039;Orient Vase en verre de couleur rose dor\u00e9 avec d\u00e9tails rouges r\u00e9alis\u00e9 par\" \/>\n<meta name=\"robots\" content=\"index, follow, max-snippet:-1, max-image-preview:large, max-video-preview:-1\" \/>\n<link rel=\"canonical\" href=\"https:\/\/www.mobilimariani.com\/fr\/vase-en-verre-de-murano-via-della-seta-par-ohira\/\" \/>\n<meta property=\"og:locale\" content=\"fr_FR\" \/>\n<meta property=\"og:type\" content=\"article\" \/>\n<meta property=\"og:title\" content=\"Vase en Verre de Murano \u00ab Via della Seta \u00bb par Ohira | Mobili Mariani\" \/>\n<meta property=\"og:description\" content=\"Vase en Verre de Murano \u00ab Via della Seta \u00bb par Ohira Collection Venise et l&#039;Orient Vase en verre de couleur rose dor\u00e9 avec d\u00e9tails rouges r\u00e9alis\u00e9 par\" \/>\n<meta property=\"og:url\" content=\"https:\/\/www.mobilimariani.com\/fr\/vase-en-verre-de-murano-via-della-seta-par-ohira\/\" \/>\n<meta property=\"og:site_name\" content=\"Mobili Mariani\" \/>\n<meta property=\"article:published_time\" content=\"2024-12-28T17:39:09+00:00\" \/>\n<meta property=\"article:modified_time\" content=\"2026-04-10T16:48:18+00:00\" \/>\n<meta name=\"twitter:label1\" content=\"Est. reading time\">\n\t<meta name=\"twitter:data1\" content=\"2 minutes\">\n<script type=\"application\/ld+json\" class=\"yoast-schema-graph\">{\"@context\":\"https:\/\/schema.org\",\"@graph\":[{\"@type\":\"Organization\",\"@id\":\"https:\/\/www.mobilimariani.com\/#organization\",\"name\":\"Mobili Mariani\",\"url\":\"https:\/\/www.mobilimariani.com\/\",\"sameAs\":[],\"logo\":{\"@type\":\"ImageObject\",\"@id\":\"https:\/\/www.mobilimariani.com\/#logo\",\"inLanguage\":\"fr-CH\",\"url\":\"https:\/\/www.mobilimariani.com\/wp-content\/uploads\/2015\/12\/logo.png\",\"contentUrl\":\"https:\/\/www.mobilimariani.com\/wp-content\/uploads\/2015\/12\/logo.png\",\"width\":160,\"height\":110,\"caption\":\"Mobili Mariani\"},\"image\":{\"@id\":\"https:\/\/www.mobilimariani.com\/#logo\"}},{\"@type\":\"WebSite\",\"@id\":\"https:\/\/www.mobilimariani.com\/#website\",\"url\":\"https:\/\/www.mobilimariani.com\/\",\"name\":\"Mobili Mariani\",\"description\":\"Mobili Italia Svizzera\",\"publisher\":{\"@id\":\"https:\/\/www.mobilimariani.com\/#organization\"},\"potentialAction\":[{\"@type\":\"SearchAction\",\"target\":\"https:\/\/www.mobilimariani.com\/?s={search_term_string}\",\"query-input\":\"required name=search_term_string\"}],\"inLanguage\":\"fr-CH\"},{\"@type\":\"WebPage\",\"@id\":\"https:\/\/www.mobilimariani.com\/fr\/vase-en-verre-de-murano-via-della-seta-par-ohira\/#webpage\",\"url\":\"https:\/\/www.mobilimariani.com\/fr\/vase-en-verre-de-murano-via-della-seta-par-ohira\/\",\"name\":\"Vase en Verre de Murano \\u00ab Via della Seta \\u00bb par Ohira | Mobili Mariani\",\"isPartOf\":{\"@id\":\"https:\/\/www.mobilimariani.com\/#website\"},\"datePublished\":\"2024-12-28T17:39:09+00:00\",\"dateModified\":\"2026-04-10T16:48:18+00:00\",\"description\":\"Vase en Verre de Murano \\u00ab Via della Seta \\u00bb par Ohira Collection Venise et l'Orient Vase en verre de couleur rose dor\\u00e9 avec d\\u00e9tails rouges r\\u00e9alis\\u00e9 par\",\"breadcrumb\":{\"@id\":\"https:\/\/www.mobilimariani.com\/fr\/vase-en-verre-de-murano-via-della-seta-par-ohira\/#breadcrumb\"},\"inLanguage\":\"fr-CH\",\"potentialAction\":[{\"@type\":\"ReadAction\",\"target\":[\"https:\/\/www.mobilimariani.com\/fr\/vase-en-verre-de-murano-via-della-seta-par-ohira\/\"]}]},{\"@type\":\"BreadcrumbList\",\"@id\":\"https:\/\/www.mobilimariani.com\/fr\/vase-en-verre-de-murano-via-della-seta-par-ohira\/#breadcrumb\",\"itemListElement\":[{\"@type\":\"ListItem\",\"position\":1,\"item\":{\"@type\":\"WebPage\",\"@id\":\"https:\/\/www.mobilimariani.com\/\",\"url\":\"https:\/\/www.mobilimariani.com\/\",\"name\":\"Home\"}},{\"@type\":\"ListItem\",\"position\":2,\"item\":{\"@id\":\"https:\/\/www.mobilimariani.com\/fr\/vase-en-verre-de-murano-via-della-seta-par-ohira\/#webpage\"}}]},{\"@type\":\"Article\",\"@id\":\"https:\/\/www.mobilimariani.com\/fr\/vase-en-verre-de-murano-via-della-seta-par-ohira\/#article\",\"isPartOf\":{\"@id\":\"https:\/\/www.mobilimariani.com\/fr\/vase-en-verre-de-murano-via-della-seta-par-ohira\/#webpage\"},\"author\":{\"@id\":\"https:\/\/www.mobilimariani.com\/#\/schema\/person\/4685d9f51269134e53f988c9122315f4\"},\"headline\":\"Vase en Verre de Murano \\u00ab Via della Seta \\u00bb par Ohira\",\"datePublished\":\"2024-12-28T17:39:09+00:00\",\"dateModified\":\"2026-04-10T16:48:18+00:00\",\"mainEntityOfPage\":{\"@id\":\"https:\/\/www.mobilimariani.com\/fr\/vase-en-verre-de-murano-via-della-seta-par-ohira\/#webpage\"},\"publisher\":{\"@id\":\"https:\/\/www.mobilimariani.com\/#organization\"},\"articleSection\":[\"Accessoires\",\"News\",\"Outlet\",\"Per collezionisti\",\"Promotions\"],\"inLanguage\":\"fr-CH\"},{\"@type\":\"Person\",\"@id\":\"https:\/\/www.mobilimariani.com\/#\/schema\/person\/4685d9f51269134e53f988c9122315f4\",\"name\":\"14m4rC008\",\"image\":{\"@type\":\"ImageObject\",\"@id\":\"https:\/\/www.mobilimariani.com\/#personlogo\",\"inLanguage\":\"fr-CH\",\"url\":\"https:\/\/secure.gravatar.com\/avatar\/dfaa6e536fec7030712cf850e9ddef45?s=96&d=mm&r=g\",\"contentUrl\":\"https:\/\/secure.gravatar.com\/avatar\/dfaa6e536fec7030712cf850e9ddef45?s=96&d=mm&r=g\",\"caption\":\"14m4rC008\"}}]}<\/script>\n<!-- \/ Yoast SEO plugin. -->","_links":{"self":[{"href":"https:\/\/www.mobilimariani.com\/fr\/wp-json\/wp\/v2\/posts\/32197"}],"collection":[{"href":"https:\/\/www.mobilimariani.com\/fr\/wp-json\/wp\/v2\/posts"}],"about":[{"href":"https:\/\/www.mobilimariani.com\/fr\/wp-json\/wp\/v2\/types\/post"}],"author":[{"embeddable":true,"href":"https:\/\/www.mobilimariani.com\/fr\/wp-json\/wp\/v2\/users\/1"}],"replies":[{"embeddable":true,"href":"https:\/\/www.mobilimariani.com\/fr\/wp-json\/wp\/v2\/comments?post=32197"}],"version-history":[{"count":2,"href":"https:\/\/www.mobilimariani.com\/fr\/wp-json\/wp\/v2\/posts\/32197\/revisions"}],"predecessor-version":[{"id":33286,"href":"https:\/\/www.mobilimariani.com\/fr\/wp-json\/wp\/v2\/posts\/32197\/revisions\/33286"}],"wp:attachment":[{"href":"https:\/\/www.mobilimariani.com\/fr\/wp-json\/wp\/v2\/media?parent=32197"}],"wp:term":[{"taxonomy":"category","embeddable":true,"href":"https:\/\/www.mobilimariani.com\/fr\/wp-json\/wp\/v2\/categories?post=32197"},{"taxonomy":"post_tag","embeddable":true,"href":"https:\/\/www.mobilimariani.com\/fr\/wp-json\/wp\/v2\/tags?post=32197"}],"curies":[{"name":"wp","href":"https:\/\/api.w.org\/{rel}","templated":true}]}}