{"id":32143,"date":"2025-06-28T15:54:25","date_gmt":"2025-06-28T13:54:25","guid":{"rendered":"https:\/\/www.mobilimariani.com\/?p=32143"},"modified":"2026-02-10T09:05:40","modified_gmt":"2026-02-10T08:05:40","slug":"vente-avec-lampe-de-table-flou-natevo-rugiada","status":"publish","type":"post","link":"https:\/\/www.mobilimariani.com\/fr\/vente-avec-lampe-de-table-flou-natevo-rugiada\/","title":{"rendered":"VENTE AVEC LAMPE DE TABLE FLOU NATEVO RUGIADA"},"content":{"rendered":"<p>VENTE AVEC LAMPE DE TABLE FLOU NATEVO RUGIADA<\/p>\n<p>Rugiada est un lampadaire au design simple et r\u00e9gulier, tout comme le sont les \u00e9l\u00e9ments qui le composent : une sph\u00e8re et une ligne. La forme parfaite de la sph\u00e8re cr\u00e9e la base tout en conservant au maximum l&#8217;originalit\u00e9 du mat\u00e9riau : verre souffl\u00e9 qui, avec ses reflets, porte l&#8217;image de l&#8217;environnement dans lequel il est plac\u00e9. Le corps d&#8217;\u00e9clairage est une tige oblique d\u00e9pourvue de tout \u00e9l\u00e9ment d\u00e9coratif superflu ; il accueille la lumi\u00e8re sans la dominer et cr\u00e9e un \u00e9quilibre de forme unique, en am\u00e9nageant l&#8217;espace avec une l\u00e9g\u00e8ret\u00e9 raffin\u00e9e.<\/p>\n<p>Le corps d&#8217;\u00e9clairage est une tige m\u00e9tallique qui int\u00e8gre des lumi\u00e8res LED.<br \/>\nAnneau de support \u00e0 base en m\u00e9tal recouvert de mati\u00e8re plastique noire.<\/p>\n<p>Largeur cm. 53,5 \u2013 71,5 \u2013 diam\u00e8tre de la sph\u00e8re cm. 16<br \/>\nLongueur LED cm. 53,5 \u2013 Puissance connect\u00e9e 5 w \u2013 2700K \u2013 450lm<\/p>\n<p>Liste de prix\u00a0 \u20ac.<\/p>\n<p><strong>PRIX AUTONOME \u20ac. VENDU<\/strong><\/p>\n<p>Pour voir toutes nos lampes en vente\u00a0<a href=\"https:\/\/www.mobilimariani.com\/fr\/search\/lampe\">cliquez ici<\/a><\/p>\n<p>Pour voir toutes nos ventes,\u00a0<a href=\"https:\/\/www.mobilimariani.com\/fr\/search\/VENTES\">cliquez ici<\/a><\/p>\n<p>Pour les clients r\u00e9sidant en Suisse, la TVA italienne sera d\u00e9duite<\/p>\n<p>Avez-vous besoin de plus d\u2019informations?<\/p>\n<p><a href=\"https:\/\/www.mobilimariani.com\/fr\/contacts\/\" target=\"_blank\" rel=\"noreferrer noopener\">Cliquez ici\u00a0<\/a>\u00a0et nous vous r\u00e9pondrons<\/p>\n","protected":false},"excerpt":{"rendered":"VENTE AVEC LAMPE DE TABLE FLOU NATEVO RUGIADA Rugiada est un lampadaire au design simple et r\u00e9gulier, tout comme le sont les \u00e9l\u00e9ments qui le composent : une sph\u00e8re et une ligne. La forme parfaite de la sph\u00e8re cr\u00e9e la base tout en conservant au maximum l&#8217;originalit\u00e9 du mat\u00e9riau : verre souffl\u00e9 qui, avec ses&#8230; <a class=\"view-article\" href=\"https:\/\/www.mobilimariani.com\/fr\/vente-avec-lampe-de-table-flou-natevo-rugiada\/\">Voir l&#8217;article<\/a>","protected":false},"author":1,"featured_media":0,"comment_status":"closed","ping_status":"closed","sticky":false,"template":"","format":"standard","meta":[],"categories":[8,48,49,14,38],"tags":[],"yoast_head":"<!-- This site is optimized with the Yoast SEO plugin v16.2 - https:\/\/yoast.com\/wordpress\/plugins\/seo\/ -->\n<meta name=\"description\" content=\"VENTE AVEC LAMPE DE TABLE FLOU NATEVO RUGIADA Rugiada est un lampadaire au design simple et r\u00e9gulier, tout comme le sont les \u00e9l\u00e9ments qui le composent :\" \/>\n<meta name=\"robots\" content=\"index, follow, max-snippet:-1, max-image-preview:large, max-video-preview:-1\" \/>\n<link rel=\"canonical\" href=\"https:\/\/www.mobilimariani.com\/fr\/vente-avec-lampe-de-table-flou-natevo-rugiada\/\" \/>\n<meta property=\"og:locale\" content=\"fr_FR\" \/>\n<meta property=\"og:type\" content=\"article\" \/>\n<meta property=\"og:title\" content=\"VENTE AVEC LAMPE DE TABLE FLOU NATEVO RUGIADA | Mobili Mariani\" \/>\n<meta property=\"og:description\" content=\"VENTE AVEC LAMPE DE TABLE FLOU NATEVO RUGIADA Rugiada est un lampadaire au design simple et r\u00e9gulier, tout comme le sont les \u00e9l\u00e9ments qui le composent :\" \/>\n<meta property=\"og:url\" content=\"https:\/\/www.mobilimariani.com\/fr\/vente-avec-lampe-de-table-flou-natevo-rugiada\/\" \/>\n<meta property=\"og:site_name\" content=\"Mobili Mariani\" \/>\n<meta property=\"article:published_time\" content=\"2025-06-28T13:54:25+00:00\" \/>\n<meta property=\"article:modified_time\" content=\"2026-02-10T08:05:40+00:00\" \/>\n<meta name=\"twitter:label1\" content=\"Est. reading time\">\n\t<meta name=\"twitter:data1\" content=\"1 minute\">\n<script type=\"application\/ld+json\" class=\"yoast-schema-graph\">{\"@context\":\"https:\/\/schema.org\",\"@graph\":[{\"@type\":\"Organization\",\"@id\":\"https:\/\/www.mobilimariani.com\/#organization\",\"name\":\"Mobili Mariani\",\"url\":\"https:\/\/www.mobilimariani.com\/\",\"sameAs\":[],\"logo\":{\"@type\":\"ImageObject\",\"@id\":\"https:\/\/www.mobilimariani.com\/#logo\",\"inLanguage\":\"fr-CH\",\"url\":\"https:\/\/www.mobilimariani.com\/wp-content\/uploads\/2015\/12\/logo.png\",\"contentUrl\":\"https:\/\/www.mobilimariani.com\/wp-content\/uploads\/2015\/12\/logo.png\",\"width\":160,\"height\":110,\"caption\":\"Mobili Mariani\"},\"image\":{\"@id\":\"https:\/\/www.mobilimariani.com\/#logo\"}},{\"@type\":\"WebSite\",\"@id\":\"https:\/\/www.mobilimariani.com\/#website\",\"url\":\"https:\/\/www.mobilimariani.com\/\",\"name\":\"Mobili Mariani\",\"description\":\"Mobili Italia Svizzera\",\"publisher\":{\"@id\":\"https:\/\/www.mobilimariani.com\/#organization\"},\"potentialAction\":[{\"@type\":\"SearchAction\",\"target\":\"https:\/\/www.mobilimariani.com\/?s={search_term_string}\",\"query-input\":\"required name=search_term_string\"}],\"inLanguage\":\"fr-CH\"},{\"@type\":\"WebPage\",\"@id\":\"https:\/\/www.mobilimariani.com\/fr\/vente-avec-lampe-de-table-flou-natevo-rugiada\/#webpage\",\"url\":\"https:\/\/www.mobilimariani.com\/fr\/vente-avec-lampe-de-table-flou-natevo-rugiada\/\",\"name\":\"VENTE AVEC LAMPE DE TABLE FLOU NATEVO RUGIADA | Mobili Mariani\",\"isPartOf\":{\"@id\":\"https:\/\/www.mobilimariani.com\/#website\"},\"datePublished\":\"2025-06-28T13:54:25+00:00\",\"dateModified\":\"2026-02-10T08:05:40+00:00\",\"description\":\"VENTE AVEC LAMPE DE TABLE FLOU NATEVO RUGIADA Rugiada est un lampadaire au design simple et r\\u00e9gulier, tout comme le sont les \\u00e9l\\u00e9ments qui le composent :\",\"breadcrumb\":{\"@id\":\"https:\/\/www.mobilimariani.com\/fr\/vente-avec-lampe-de-table-flou-natevo-rugiada\/#breadcrumb\"},\"inLanguage\":\"fr-CH\",\"potentialAction\":[{\"@type\":\"ReadAction\",\"target\":[\"https:\/\/www.mobilimariani.com\/fr\/vente-avec-lampe-de-table-flou-natevo-rugiada\/\"]}]},{\"@type\":\"BreadcrumbList\",\"@id\":\"https:\/\/www.mobilimariani.com\/fr\/vente-avec-lampe-de-table-flou-natevo-rugiada\/#breadcrumb\",\"itemListElement\":[{\"@type\":\"ListItem\",\"position\":1,\"item\":{\"@type\":\"WebPage\",\"@id\":\"https:\/\/www.mobilimariani.com\/\",\"url\":\"https:\/\/www.mobilimariani.com\/\",\"name\":\"Home\"}},{\"@type\":\"ListItem\",\"position\":2,\"item\":{\"@id\":\"https:\/\/www.mobilimariani.com\/fr\/vente-avec-lampe-de-table-flou-natevo-rugiada\/#webpage\"}}]},{\"@type\":\"Article\",\"@id\":\"https:\/\/www.mobilimariani.com\/fr\/vente-avec-lampe-de-table-flou-natevo-rugiada\/#article\",\"isPartOf\":{\"@id\":\"https:\/\/www.mobilimariani.com\/fr\/vente-avec-lampe-de-table-flou-natevo-rugiada\/#webpage\"},\"author\":{\"@id\":\"https:\/\/www.mobilimariani.com\/#\/schema\/person\/4685d9f51269134e53f988c9122315f4\"},\"headline\":\"VENTE AVEC LAMPE DE TABLE FLOU NATEVO RUGIADA\",\"datePublished\":\"2025-06-28T13:54:25+00:00\",\"dateModified\":\"2026-02-10T08:05:40+00:00\",\"mainEntityOfPage\":{\"@id\":\"https:\/\/www.mobilimariani.com\/fr\/vente-avec-lampe-de-table-flou-natevo-rugiada\/#webpage\"},\"publisher\":{\"@id\":\"https:\/\/www.mobilimariani.com\/#organization\"},\"articleSection\":[\"News\",\"Offres Zone Jour\",\"Offres zone nuit\",\"Outlet\",\"Promotions\"],\"inLanguage\":\"fr-CH\"},{\"@type\":\"Person\",\"@id\":\"https:\/\/www.mobilimariani.com\/#\/schema\/person\/4685d9f51269134e53f988c9122315f4\",\"name\":\"14m4rC008\",\"image\":{\"@type\":\"ImageObject\",\"@id\":\"https:\/\/www.mobilimariani.com\/#personlogo\",\"inLanguage\":\"fr-CH\",\"url\":\"https:\/\/secure.gravatar.com\/avatar\/dfaa6e536fec7030712cf850e9ddef45?s=96&d=mm&r=g\",\"contentUrl\":\"https:\/\/secure.gravatar.com\/avatar\/dfaa6e536fec7030712cf850e9ddef45?s=96&d=mm&r=g\",\"caption\":\"14m4rC008\"}}]}<\/script>\n<!-- \/ Yoast SEO plugin. -->","_links":{"self":[{"href":"https:\/\/www.mobilimariani.com\/fr\/wp-json\/wp\/v2\/posts\/32143"}],"collection":[{"href":"https:\/\/www.mobilimariani.com\/fr\/wp-json\/wp\/v2\/posts"}],"about":[{"href":"https:\/\/www.mobilimariani.com\/fr\/wp-json\/wp\/v2\/types\/post"}],"author":[{"embeddable":true,"href":"https:\/\/www.mobilimariani.com\/fr\/wp-json\/wp\/v2\/users\/1"}],"replies":[{"embeddable":true,"href":"https:\/\/www.mobilimariani.com\/fr\/wp-json\/wp\/v2\/comments?post=32143"}],"version-history":[{"count":4,"href":"https:\/\/www.mobilimariani.com\/fr\/wp-json\/wp\/v2\/posts\/32143\/revisions"}],"predecessor-version":[{"id":33265,"href":"https:\/\/www.mobilimariani.com\/fr\/wp-json\/wp\/v2\/posts\/32143\/revisions\/33265"}],"wp:attachment":[{"href":"https:\/\/www.mobilimariani.com\/fr\/wp-json\/wp\/v2\/media?parent=32143"}],"wp:term":[{"taxonomy":"category","embeddable":true,"href":"https:\/\/www.mobilimariani.com\/fr\/wp-json\/wp\/v2\/categories?post=32143"},{"taxonomy":"post_tag","embeddable":true,"href":"https:\/\/www.mobilimariani.com\/fr\/wp-json\/wp\/v2\/tags?post=32143"}],"curies":[{"name":"wp","href":"https:\/\/api.w.org\/{rel}","templated":true}]}}