{"id":3157,"date":"2024-04-30T19:10:19","date_gmt":"2024-04-30T17:10:19","guid":{"rendered":"https:\/\/www.mobilimariani.com\/?p=3157"},"modified":"2025-09-19T10:56:37","modified_gmt":"2025-09-19T08:56:37","slug":"flou-bas-4-saisons-total-body","status":"publish","type":"post","link":"https:\/\/www.mobilimariani.com\/fr\/flou-bas-4-saisons-total-body\/","title":{"rendered":"FLOU BAS 4 SAISONS TOTAL BODY"},"content":{"rendered":"<p>FLOU BAS 4 SAISONS TOTAL BODY.<\/p>\n<p>Compos\u00e9 de deux couettes (300 gr \/ m\u00b2 + 80 gr \/ m\u00b2): l&#8217;un des poids moyen pour l&#8217;automne et au printemps, la plus l\u00e9g\u00e8re pour l&#8217;\u00e9t\u00e9. Coupl\u00e9 devenu couette pour l&#8217;hiver.<\/p>\n<p>La couette Total Body quatre saisons compl\u00e8te du syst\u00e8me Total Body que l&#8217;utilisation combin\u00e9e de matelas et couette avec ce rembourrage sp\u00e9cial cr\u00e9e une sorte de &#8220;nid de protection&#8221; peut amplifier les avantages sur la circulation sanguine.<\/p>\n<p>Taille cm. 155 x 205<\/p>\n<p>Liste de prix\u00a0 \u20ac.\u00a0 336,00<\/p>\n<h3><strong>PRIX AUTONOME \u20ac.\u00a0 \u00a0198,00<\/strong><\/h3>\n<p>Pour les clients r\u00e9sidant en Suisse, la TVA italienne sera d\u00e9duite<\/p>\n<p>DISPONIBLE JUSQU\u2019\u00c0 \u00c9PUISEMENT DES STOCKS<\/p>\n<p>Pour voir toutes les couettes en solde,\u00a0<a href=\"https:\/\/www.mobilimariani.com\/fr\/search\/FLOU+COUETTE\">cliquez ici<\/a><\/p>\n<p>Pour voir toutes nos ventes,\u00a0<a href=\"https:\/\/www.mobilimariani.com\/fr\/search\/VENTES\">cliquez ici<\/a><\/p>\n<p>Pour d\u00e9couvrir la marque Flou,\u00a0<a href=\"https:\/\/www.mobilimariani.com\/fr\/concessionnaire-flou\/\">cliquez ici<\/a><\/p>\n<p>Avez-vous besoin de plus d\u2019informations?<\/p>\n<p><a href=\"https:\/\/www.mobilimariani.com\/fr\/contacts\/\" target=\"_blank\" rel=\"noreferrer noopener\">Cliquez ici\u00a0<\/a>\u00a0et nous vous r\u00e9pondrons<\/p>\n","protected":false},"excerpt":{"rendered":"FLOU BAS 4 SAISONS TOTAL BODY. Compos\u00e9 de deux couettes (300 gr \/ m\u00b2 + 80 gr \/ m\u00b2): l&#8217;un des poids moyen pour l&#8217;automne et au printemps, la plus l\u00e9g\u00e8re pour l&#8217;\u00e9t\u00e9. Coupl\u00e9 devenu couette pour l&#8217;hiver. La couette Total Body quatre saisons compl\u00e8te du syst\u00e8me Total Body que l&#8217;utilisation combin\u00e9e de matelas et&#8230; <a class=\"view-article\" href=\"https:\/\/www.mobilimariani.com\/fr\/flou-bas-4-saisons-total-body\/\">Voir l&#8217;article<\/a>","protected":false},"author":1,"featured_media":3147,"comment_status":"closed","ping_status":"closed","sticky":false,"template":"","format":"standard","meta":[],"categories":[8,49,14,38],"tags":[2179,2182],"yoast_head":"<!-- This site is optimized with the Yoast SEO plugin v16.2 - https:\/\/yoast.com\/wordpress\/plugins\/seo\/ -->\n<meta name=\"description\" content=\"FLOU BAS 4 SAISONS TOTAL BODY. Compos\u00e9 de deux couettes (300 gr \/ m\u00b2 + 80 gr \/ m\u00b2): l&#039;un des poids moyen pour l&#039;automne et au printemps, la plus l\u00e9g\u00e8re\" \/>\n<meta name=\"robots\" content=\"index, follow, max-snippet:-1, max-image-preview:large, max-video-preview:-1\" \/>\n<link rel=\"canonical\" href=\"https:\/\/www.mobilimariani.com\/fr\/flou-bas-4-saisons-total-body\/\" \/>\n<meta property=\"og:locale\" content=\"fr_FR\" \/>\n<meta property=\"og:type\" content=\"article\" \/>\n<meta property=\"og:title\" content=\"FLOU BAS 4 SAISONS TOTAL BODY | Mobili Mariani\" \/>\n<meta property=\"og:description\" content=\"FLOU BAS 4 SAISONS TOTAL BODY. Compos\u00e9 de deux couettes (300 gr \/ m\u00b2 + 80 gr \/ m\u00b2): l&#039;un des poids moyen pour l&#039;automne et au printemps, la plus l\u00e9g\u00e8re\" \/>\n<meta property=\"og:url\" content=\"https:\/\/www.mobilimariani.com\/fr\/flou-bas-4-saisons-total-body\/\" \/>\n<meta property=\"og:site_name\" content=\"Mobili Mariani\" \/>\n<meta property=\"article:published_time\" content=\"2024-04-30T17:10:19+00:00\" \/>\n<meta property=\"article:modified_time\" content=\"2025-09-19T08:56:37+00:00\" \/>\n<meta property=\"og:image\" content=\"https:\/\/www.mobilimariani.com\/wp-content\/uploads\/2015\/04\/floumino-total-body-RIDOTTO.jpg\" \/>\n\t<meta property=\"og:image:width\" content=\"539\" \/>\n\t<meta property=\"og:image:height\" content=\"318\" \/>\n<meta name=\"twitter:label1\" content=\"Est. reading time\">\n\t<meta name=\"twitter:data1\" content=\"1 minute\">\n<script type=\"application\/ld+json\" class=\"yoast-schema-graph\">{\"@context\":\"https:\/\/schema.org\",\"@graph\":[{\"@type\":\"Organization\",\"@id\":\"https:\/\/www.mobilimariani.com\/#organization\",\"name\":\"Mobili Mariani\",\"url\":\"https:\/\/www.mobilimariani.com\/\",\"sameAs\":[],\"logo\":{\"@type\":\"ImageObject\",\"@id\":\"https:\/\/www.mobilimariani.com\/#logo\",\"inLanguage\":\"fr-CH\",\"url\":\"https:\/\/www.mobilimariani.com\/wp-content\/uploads\/2015\/12\/logo.png\",\"contentUrl\":\"https:\/\/www.mobilimariani.com\/wp-content\/uploads\/2015\/12\/logo.png\",\"width\":160,\"height\":110,\"caption\":\"Mobili Mariani\"},\"image\":{\"@id\":\"https:\/\/www.mobilimariani.com\/#logo\"}},{\"@type\":\"WebSite\",\"@id\":\"https:\/\/www.mobilimariani.com\/#website\",\"url\":\"https:\/\/www.mobilimariani.com\/\",\"name\":\"Mobili Mariani\",\"description\":\"Mobili Italia Svizzera\",\"publisher\":{\"@id\":\"https:\/\/www.mobilimariani.com\/#organization\"},\"potentialAction\":[{\"@type\":\"SearchAction\",\"target\":\"https:\/\/www.mobilimariani.com\/?s={search_term_string}\",\"query-input\":\"required name=search_term_string\"}],\"inLanguage\":\"fr-CH\"},{\"@type\":\"ImageObject\",\"@id\":\"https:\/\/www.mobilimariani.com\/fr\/flou-bas-4-saisons-total-body\/#primaryimage\",\"inLanguage\":\"fr-CH\",\"url\":\"https:\/\/www.mobilimariani.com\/wp-content\/uploads\/2015\/04\/floumino-total-body-RIDOTTO.jpg\",\"contentUrl\":\"https:\/\/www.mobilimariani.com\/wp-content\/uploads\/2015\/04\/floumino-total-body-RIDOTTO.jpg\",\"width\":539,\"height\":318,\"caption\":\"FLOU PIUMINO 4 STAGIONI TOTAL BODY\"},{\"@type\":\"WebPage\",\"@id\":\"https:\/\/www.mobilimariani.com\/fr\/flou-bas-4-saisons-total-body\/#webpage\",\"url\":\"https:\/\/www.mobilimariani.com\/fr\/flou-bas-4-saisons-total-body\/\",\"name\":\"FLOU BAS 4 SAISONS TOTAL BODY | Mobili Mariani\",\"isPartOf\":{\"@id\":\"https:\/\/www.mobilimariani.com\/#website\"},\"primaryImageOfPage\":{\"@id\":\"https:\/\/www.mobilimariani.com\/fr\/flou-bas-4-saisons-total-body\/#primaryimage\"},\"datePublished\":\"2024-04-30T17:10:19+00:00\",\"dateModified\":\"2025-09-19T08:56:37+00:00\",\"description\":\"FLOU BAS 4 SAISONS TOTAL BODY. Compos\\u00e9 de deux couettes (300 gr \/ m\\u00b2 + 80 gr \/ m\\u00b2): l'un des poids moyen pour l'automne et au printemps, la plus l\\u00e9g\\u00e8re\",\"breadcrumb\":{\"@id\":\"https:\/\/www.mobilimariani.com\/fr\/flou-bas-4-saisons-total-body\/#breadcrumb\"},\"inLanguage\":\"fr-CH\",\"potentialAction\":[{\"@type\":\"ReadAction\",\"target\":[\"https:\/\/www.mobilimariani.com\/fr\/flou-bas-4-saisons-total-body\/\"]}]},{\"@type\":\"BreadcrumbList\",\"@id\":\"https:\/\/www.mobilimariani.com\/fr\/flou-bas-4-saisons-total-body\/#breadcrumb\",\"itemListElement\":[{\"@type\":\"ListItem\",\"position\":1,\"item\":{\"@type\":\"WebPage\",\"@id\":\"https:\/\/www.mobilimariani.com\/\",\"url\":\"https:\/\/www.mobilimariani.com\/\",\"name\":\"Home\"}},{\"@type\":\"ListItem\",\"position\":2,\"item\":{\"@id\":\"https:\/\/www.mobilimariani.com\/fr\/flou-bas-4-saisons-total-body\/#webpage\"}}]},{\"@type\":\"Article\",\"@id\":\"https:\/\/www.mobilimariani.com\/fr\/flou-bas-4-saisons-total-body\/#article\",\"isPartOf\":{\"@id\":\"https:\/\/www.mobilimariani.com\/fr\/flou-bas-4-saisons-total-body\/#webpage\"},\"author\":{\"@id\":\"https:\/\/www.mobilimariani.com\/#\/schema\/person\/4685d9f51269134e53f988c9122315f4\"},\"headline\":\"FLOU BAS 4 SAISONS TOTAL BODY\",\"datePublished\":\"2024-04-30T17:10:19+00:00\",\"dateModified\":\"2025-09-19T08:56:37+00:00\",\"mainEntityOfPage\":{\"@id\":\"https:\/\/www.mobilimariani.com\/fr\/flou-bas-4-saisons-total-body\/#webpage\"},\"publisher\":{\"@id\":\"https:\/\/www.mobilimariani.com\/#organization\"},\"image\":{\"@id\":\"https:\/\/www.mobilimariani.com\/fr\/flou-bas-4-saisons-total-body\/#primaryimage\"},\"keywords\":[\"accessoires de lit\",\"couettes Flou\"],\"articleSection\":[\"News\",\"Offres zone nuit\",\"Outlet\",\"Promotions\"],\"inLanguage\":\"fr-CH\"},{\"@type\":\"Person\",\"@id\":\"https:\/\/www.mobilimariani.com\/#\/schema\/person\/4685d9f51269134e53f988c9122315f4\",\"name\":\"14m4rC008\",\"image\":{\"@type\":\"ImageObject\",\"@id\":\"https:\/\/www.mobilimariani.com\/#personlogo\",\"inLanguage\":\"fr-CH\",\"url\":\"https:\/\/secure.gravatar.com\/avatar\/dfaa6e536fec7030712cf850e9ddef45?s=96&d=mm&r=g\",\"contentUrl\":\"https:\/\/secure.gravatar.com\/avatar\/dfaa6e536fec7030712cf850e9ddef45?s=96&d=mm&r=g\",\"caption\":\"14m4rC008\"}}]}<\/script>\n<!-- \/ Yoast SEO plugin. -->","_links":{"self":[{"href":"https:\/\/www.mobilimariani.com\/fr\/wp-json\/wp\/v2\/posts\/3157"}],"collection":[{"href":"https:\/\/www.mobilimariani.com\/fr\/wp-json\/wp\/v2\/posts"}],"about":[{"href":"https:\/\/www.mobilimariani.com\/fr\/wp-json\/wp\/v2\/types\/post"}],"author":[{"embeddable":true,"href":"https:\/\/www.mobilimariani.com\/fr\/wp-json\/wp\/v2\/users\/1"}],"replies":[{"embeddable":true,"href":"https:\/\/www.mobilimariani.com\/fr\/wp-json\/wp\/v2\/comments?post=3157"}],"version-history":[{"count":9,"href":"https:\/\/www.mobilimariani.com\/fr\/wp-json\/wp\/v2\/posts\/3157\/revisions"}],"predecessor-version":[{"id":32959,"href":"https:\/\/www.mobilimariani.com\/fr\/wp-json\/wp\/v2\/posts\/3157\/revisions\/32959"}],"wp:featuredmedia":[{"embeddable":true,"href":"https:\/\/www.mobilimariani.com\/fr\/wp-json\/wp\/v2\/media\/3147"}],"wp:attachment":[{"href":"https:\/\/www.mobilimariani.com\/fr\/wp-json\/wp\/v2\/media?parent=3157"}],"wp:term":[{"taxonomy":"category","embeddable":true,"href":"https:\/\/www.mobilimariani.com\/fr\/wp-json\/wp\/v2\/categories?post=3157"},{"taxonomy":"post_tag","embeddable":true,"href":"https:\/\/www.mobilimariani.com\/fr\/wp-json\/wp\/v2\/tags?post=3157"}],"curies":[{"name":"wp","href":"https:\/\/api.w.org\/{rel}","templated":true}]}}