{"id":3154,"date":"2024-04-29T19:15:53","date_gmt":"2024-04-29T17:15:53","guid":{"rendered":"https:\/\/www.mobilimariani.com\/?p=3154"},"modified":"2026-01-07T09:36:24","modified_gmt":"2026-01-07T08:36:24","slug":"flou-goose-bas-4-saisons","status":"publish","type":"post","link":"https:\/\/www.mobilimariani.com\/fr\/flou-goose-bas-4-saisons\/","title":{"rendered":"FLOU GOOSE BAS 4 SAISONS"},"content":{"rendered":"<p>FLOU GOOSE BAS 4 SAISONS.<\/p>\n<p>Couette compos\u00e9e de deux couettes (160 gr \/ m\u00b2 + 100 gr \/ m\u00b2): l&#8217;un des poids moyen pour l&#8217;automne et au printemps, le plus l\u00e9ger pour l&#8217;\u00e9t\u00e9. Coupl\u00e9 avec un tour automatique sp\u00e9cial dans une couette fantastique pour l&#8217;hiver. Toile enduite ficelle 100% coton.<\/p>\n<p>Taille cm. 155 x 205<\/p>\n<p>Liste de prix \u20ac.\u00a0 731,00<\/p>\n<h3><strong>PRIX AUTONOME \u20ac.\u00a0 399,00<\/strong><\/h3>\n<p>DISPONIBLE JUSQU\u2019\u00c0 \u00c9PUISEMENT DES STOCKS<\/p>\n<p>Pour voir toutes les couettes en solde,\u00a0<a href=\"https:\/\/www.mobilimariani.com\/fr\/search\/FLOU+COUETTE\">cliquez ici<\/a><\/p>\n<p>Pour voir toutes nos ventes,\u00a0<a href=\"https:\/\/www.mobilimariani.com\/fr\/search\/VENTES\">cliquez ici<\/a><\/p>\n<p>Pour d\u00e9couvrir la marque Flou,\u00a0<a href=\"https:\/\/www.mobilimariani.com\/fr\/concessionnaire-flou\/\">cliquez ici<\/a><\/p>\n<p>Avez-vous besoin de plus d\u2019informations?<\/p>\n<p><a href=\"https:\/\/www.mobilimariani.com\/fr\/contacts\/\" target=\"_blank\" rel=\"noreferrer noopener\">Cliquez ici\u00a0<\/a>\u00a0et nous vous r\u00e9pondrons<\/p>\n<p>&nbsp;<\/p>\n","protected":false},"excerpt":{"rendered":"FLOU GOOSE BAS 4 SAISONS. Couette compos\u00e9e de deux couettes (160 gr \/ m\u00b2 + 100 gr \/ m\u00b2): l&#8217;un des poids moyen pour l&#8217;automne et au printemps, le plus l\u00e9ger pour l&#8217;\u00e9t\u00e9. Coupl\u00e9 avec un tour automatique sp\u00e9cial dans une couette fantastique pour l&#8217;hiver. Toile enduite ficelle 100% coton. Taille cm. 155 x 205&#8230; <a class=\"view-article\" href=\"https:\/\/www.mobilimariani.com\/fr\/flou-goose-bas-4-saisons\/\">Voir l&#8217;article<\/a>","protected":false},"author":1,"featured_media":3148,"comment_status":"closed","ping_status":"closed","sticky":false,"template":"","format":"standard","meta":[],"categories":[8,49,14,38],"tags":[2179,2182],"yoast_head":"<!-- This site is optimized with the Yoast SEO plugin v16.2 - https:\/\/yoast.com\/wordpress\/plugins\/seo\/ -->\n<meta name=\"description\" content=\"FLOU GOOSE BAS 4 SAISONS. Couette compos\u00e9e de deux couettes (160 gr \/ m\u00b2 + 100 gr \/ m\u00b2): l&#039;un des poids moyen pour l&#039;automne et au printemps, le plus\" \/>\n<meta name=\"robots\" content=\"index, follow, max-snippet:-1, max-image-preview:large, max-video-preview:-1\" \/>\n<link rel=\"canonical\" href=\"https:\/\/www.mobilimariani.com\/fr\/flou-goose-bas-4-saisons\/\" \/>\n<meta property=\"og:locale\" content=\"fr_FR\" \/>\n<meta property=\"og:type\" content=\"article\" \/>\n<meta property=\"og:title\" content=\"FLOU GOOSE BAS 4 SAISONS | Mobili Mariani\" \/>\n<meta property=\"og:description\" content=\"FLOU GOOSE BAS 4 SAISONS. Couette compos\u00e9e de deux couettes (160 gr \/ m\u00b2 + 100 gr \/ m\u00b2): l&#039;un des poids moyen pour l&#039;automne et au printemps, le plus\" \/>\n<meta property=\"og:url\" content=\"https:\/\/www.mobilimariani.com\/fr\/flou-goose-bas-4-saisons\/\" \/>\n<meta property=\"og:site_name\" content=\"Mobili Mariani\" \/>\n<meta property=\"article:published_time\" content=\"2024-04-29T17:15:53+00:00\" \/>\n<meta property=\"article:modified_time\" content=\"2026-01-07T08:36:24+00:00\" \/>\n<meta property=\"og:image\" content=\"https:\/\/www.mobilimariani.com\/wp-content\/uploads\/2015\/04\/foulino-piuma-RIDOTTO.jpg\" \/>\n\t<meta property=\"og:image:width\" content=\"539\" \/>\n\t<meta property=\"og:image:height\" content=\"317\" \/>\n<meta name=\"twitter:label1\" content=\"Est. reading time\">\n\t<meta name=\"twitter:data1\" content=\"1 minute\">\n<script type=\"application\/ld+json\" class=\"yoast-schema-graph\">{\"@context\":\"https:\/\/schema.org\",\"@graph\":[{\"@type\":\"Organization\",\"@id\":\"https:\/\/www.mobilimariani.com\/#organization\",\"name\":\"Mobili Mariani\",\"url\":\"https:\/\/www.mobilimariani.com\/\",\"sameAs\":[],\"logo\":{\"@type\":\"ImageObject\",\"@id\":\"https:\/\/www.mobilimariani.com\/#logo\",\"inLanguage\":\"fr-CH\",\"url\":\"https:\/\/www.mobilimariani.com\/wp-content\/uploads\/2015\/12\/logo.png\",\"contentUrl\":\"https:\/\/www.mobilimariani.com\/wp-content\/uploads\/2015\/12\/logo.png\",\"width\":160,\"height\":110,\"caption\":\"Mobili Mariani\"},\"image\":{\"@id\":\"https:\/\/www.mobilimariani.com\/#logo\"}},{\"@type\":\"WebSite\",\"@id\":\"https:\/\/www.mobilimariani.com\/#website\",\"url\":\"https:\/\/www.mobilimariani.com\/\",\"name\":\"Mobili Mariani\",\"description\":\"Mobili Italia Svizzera\",\"publisher\":{\"@id\":\"https:\/\/www.mobilimariani.com\/#organization\"},\"potentialAction\":[{\"@type\":\"SearchAction\",\"target\":\"https:\/\/www.mobilimariani.com\/?s={search_term_string}\",\"query-input\":\"required name=search_term_string\"}],\"inLanguage\":\"fr-CH\"},{\"@type\":\"ImageObject\",\"@id\":\"https:\/\/www.mobilimariani.com\/fr\/flou-goose-bas-4-saisons\/#primaryimage\",\"inLanguage\":\"fr-CH\",\"url\":\"https:\/\/www.mobilimariani.com\/wp-content\/uploads\/2015\/04\/foulino-piuma-RIDOTTO.jpg\",\"contentUrl\":\"https:\/\/www.mobilimariani.com\/wp-content\/uploads\/2015\/04\/foulino-piuma-RIDOTTO.jpg\",\"width\":539,\"height\":317,\"caption\":\"FLOU PIUMINO 4 STAGIONI D'OCA\"},{\"@type\":\"WebPage\",\"@id\":\"https:\/\/www.mobilimariani.com\/fr\/flou-goose-bas-4-saisons\/#webpage\",\"url\":\"https:\/\/www.mobilimariani.com\/fr\/flou-goose-bas-4-saisons\/\",\"name\":\"FLOU GOOSE BAS 4 SAISONS | Mobili Mariani\",\"isPartOf\":{\"@id\":\"https:\/\/www.mobilimariani.com\/#website\"},\"primaryImageOfPage\":{\"@id\":\"https:\/\/www.mobilimariani.com\/fr\/flou-goose-bas-4-saisons\/#primaryimage\"},\"datePublished\":\"2024-04-29T17:15:53+00:00\",\"dateModified\":\"2026-01-07T08:36:24+00:00\",\"description\":\"FLOU GOOSE BAS 4 SAISONS. Couette compos\\u00e9e de deux couettes (160 gr \/ m\\u00b2 + 100 gr \/ m\\u00b2): l'un des poids moyen pour l'automne et au printemps, le plus\",\"breadcrumb\":{\"@id\":\"https:\/\/www.mobilimariani.com\/fr\/flou-goose-bas-4-saisons\/#breadcrumb\"},\"inLanguage\":\"fr-CH\",\"potentialAction\":[{\"@type\":\"ReadAction\",\"target\":[\"https:\/\/www.mobilimariani.com\/fr\/flou-goose-bas-4-saisons\/\"]}]},{\"@type\":\"BreadcrumbList\",\"@id\":\"https:\/\/www.mobilimariani.com\/fr\/flou-goose-bas-4-saisons\/#breadcrumb\",\"itemListElement\":[{\"@type\":\"ListItem\",\"position\":1,\"item\":{\"@type\":\"WebPage\",\"@id\":\"https:\/\/www.mobilimariani.com\/\",\"url\":\"https:\/\/www.mobilimariani.com\/\",\"name\":\"Home\"}},{\"@type\":\"ListItem\",\"position\":2,\"item\":{\"@id\":\"https:\/\/www.mobilimariani.com\/fr\/flou-goose-bas-4-saisons\/#webpage\"}}]},{\"@type\":\"Article\",\"@id\":\"https:\/\/www.mobilimariani.com\/fr\/flou-goose-bas-4-saisons\/#article\",\"isPartOf\":{\"@id\":\"https:\/\/www.mobilimariani.com\/fr\/flou-goose-bas-4-saisons\/#webpage\"},\"author\":{\"@id\":\"https:\/\/www.mobilimariani.com\/#\/schema\/person\/4685d9f51269134e53f988c9122315f4\"},\"headline\":\"FLOU GOOSE BAS 4 SAISONS\",\"datePublished\":\"2024-04-29T17:15:53+00:00\",\"dateModified\":\"2026-01-07T08:36:24+00:00\",\"mainEntityOfPage\":{\"@id\":\"https:\/\/www.mobilimariani.com\/fr\/flou-goose-bas-4-saisons\/#webpage\"},\"publisher\":{\"@id\":\"https:\/\/www.mobilimariani.com\/#organization\"},\"image\":{\"@id\":\"https:\/\/www.mobilimariani.com\/fr\/flou-goose-bas-4-saisons\/#primaryimage\"},\"keywords\":[\"accessoires de lit\",\"couettes Flou\"],\"articleSection\":[\"News\",\"Offres zone nuit\",\"Outlet\",\"Promotions\"],\"inLanguage\":\"fr-CH\"},{\"@type\":\"Person\",\"@id\":\"https:\/\/www.mobilimariani.com\/#\/schema\/person\/4685d9f51269134e53f988c9122315f4\",\"name\":\"14m4rC008\",\"image\":{\"@type\":\"ImageObject\",\"@id\":\"https:\/\/www.mobilimariani.com\/#personlogo\",\"inLanguage\":\"fr-CH\",\"url\":\"https:\/\/secure.gravatar.com\/avatar\/dfaa6e536fec7030712cf850e9ddef45?s=96&d=mm&r=g\",\"contentUrl\":\"https:\/\/secure.gravatar.com\/avatar\/dfaa6e536fec7030712cf850e9ddef45?s=96&d=mm&r=g\",\"caption\":\"14m4rC008\"}}]}<\/script>\n<!-- \/ Yoast SEO plugin. -->","_links":{"self":[{"href":"https:\/\/www.mobilimariani.com\/fr\/wp-json\/wp\/v2\/posts\/3154"}],"collection":[{"href":"https:\/\/www.mobilimariani.com\/fr\/wp-json\/wp\/v2\/posts"}],"about":[{"href":"https:\/\/www.mobilimariani.com\/fr\/wp-json\/wp\/v2\/types\/post"}],"author":[{"embeddable":true,"href":"https:\/\/www.mobilimariani.com\/fr\/wp-json\/wp\/v2\/users\/1"}],"replies":[{"embeddable":true,"href":"https:\/\/www.mobilimariani.com\/fr\/wp-json\/wp\/v2\/comments?post=3154"}],"version-history":[{"count":6,"href":"https:\/\/www.mobilimariani.com\/fr\/wp-json\/wp\/v2\/posts\/3154\/revisions"}],"predecessor-version":[{"id":33007,"href":"https:\/\/www.mobilimariani.com\/fr\/wp-json\/wp\/v2\/posts\/3154\/revisions\/33007"}],"wp:featuredmedia":[{"embeddable":true,"href":"https:\/\/www.mobilimariani.com\/fr\/wp-json\/wp\/v2\/media\/3148"}],"wp:attachment":[{"href":"https:\/\/www.mobilimariani.com\/fr\/wp-json\/wp\/v2\/media?parent=3154"}],"wp:term":[{"taxonomy":"category","embeddable":true,"href":"https:\/\/www.mobilimariani.com\/fr\/wp-json\/wp\/v2\/categories?post=3154"},{"taxonomy":"post_tag","embeddable":true,"href":"https:\/\/www.mobilimariani.com\/fr\/wp-json\/wp\/v2\/tags?post=3154"}],"curies":[{"name":"wp","href":"https:\/\/api.w.org\/{rel}","templated":true}]}}