{"id":31130,"date":"2023-03-03T17:56:11","date_gmt":"2023-03-03T16:56:11","guid":{"rendered":"https:\/\/www.mobilimariani.com\/?p=31130"},"modified":"2025-08-21T18:20:47","modified_gmt":"2025-08-21T16:20:47","slug":"vente-avec-lampe-applique-plafond-meridiana","status":"publish","type":"post","link":"https:\/\/www.mobilimariani.com\/fr\/vente-avec-lampe-applique-plafond-meridiana\/","title":{"rendered":"VENTE AVEC LAMPE APPLIQUE \u2013 PLAFOND MERIDIANA"},"content":{"rendered":"<p>VENTE AVEC LAMPE APPLIQUE \u2013 PLAFOND MERIDIANA<\/p>\n<p>Applique\/plafonnier vintage, produit en 1989. La lampe est \u00e9quip\u00e9e d&#8217;un diffuseur circulaire en verre opalin blanc, structure en m\u00e9tal et bouton de fermeture couleur acier<\/p>\n<p>Diam\u00e8tre : cm. 60 x 13 h<\/p>\n<p>\u00c9clairage : MAX 300W \u2013 R7s<\/p>\n<p>Liste de prix\u00a0 \u20ac<\/p>\n<p>PRIX AUTONOME \u20ac VENDU<\/p>\n<p>Pour voir toutes nos lampes en vente\u00a0<a href=\"https:\/\/www.mobilimariani.com\/fr\/search\/lampe\">cliquez ici<\/a><\/p>\n<p>Pour voir toutes nos ventes,\u00a0<a href=\"https:\/\/www.mobilimariani.com\/fr\/search\/VENTES\">cliquez ici<\/a><\/p>\n<p>Pour les clients r\u00e9sidant en Suisse, la TVA italienne sera d\u00e9duite<\/p>\n<p>Avez-vous besoin de plus d\u2019informations?<\/p>\n<p><a href=\"https:\/\/www.mobilimariani.com\/fr\/contacts\/\" target=\"_blank\" rel=\"noreferrer noopener\">Cliquez ici\u00a0<\/a>\u00a0et nous vous r\u00e9pondrons<\/p>\n<p>&nbsp;<\/p>\n","protected":false},"excerpt":{"rendered":"VENTE AVEC LAMPE APPLIQUE \u2013 PLAFOND MERIDIANA Applique\/plafonnier vintage, produit en 1989. La lampe est \u00e9quip\u00e9e d&#8217;un diffuseur circulaire en verre opalin blanc, structure en m\u00e9tal et bouton de fermeture couleur acier Diam\u00e8tre : cm. 60 x 13 h \u00c9clairage : MAX 300W \u2013 R7s Liste de prix\u00a0 \u20ac PRIX AUTONOME \u20ac VENDU Pour voir&#8230; <a class=\"view-article\" href=\"https:\/\/www.mobilimariani.com\/fr\/vente-avec-lampe-applique-plafond-meridiana\/\">Voir l&#8217;article<\/a>","protected":false},"author":1,"featured_media":0,"comment_status":"closed","ping_status":"closed","sticky":false,"template":"","format":"standard","meta":[],"categories":[8,2207,50,48,49,14],"tags":[],"yoast_head":"<!-- This site is optimized with the Yoast SEO plugin v16.2 - https:\/\/yoast.com\/wordpress\/plugins\/seo\/ -->\n<meta name=\"description\" content=\"VENTE AVEC LAMPE APPLIQUE \u2013 PLAFOND MERIDIANA Applique\/plafonnier vintage, produit en 1989. La lampe est \u00e9quip\u00e9e d&#039;un diffuseur circulaire en verre opalin\" \/>\n<meta name=\"robots\" content=\"index, follow, max-snippet:-1, max-image-preview:large, max-video-preview:-1\" \/>\n<link rel=\"canonical\" href=\"https:\/\/www.mobilimariani.com\/fr\/vente-avec-lampe-applique-plafond-meridiana\/\" \/>\n<meta property=\"og:locale\" content=\"fr_FR\" \/>\n<meta property=\"og:type\" content=\"article\" \/>\n<meta property=\"og:title\" content=\"VENTE AVEC LAMPE APPLIQUE \u2013 PLAFOND MERIDIANA | Mobili Mariani\" \/>\n<meta property=\"og:description\" content=\"VENTE AVEC LAMPE APPLIQUE \u2013 PLAFOND MERIDIANA Applique\/plafonnier vintage, produit en 1989. La lampe est \u00e9quip\u00e9e d&#039;un diffuseur circulaire en verre opalin\" \/>\n<meta property=\"og:url\" content=\"https:\/\/www.mobilimariani.com\/fr\/vente-avec-lampe-applique-plafond-meridiana\/\" \/>\n<meta property=\"og:site_name\" content=\"Mobili Mariani\" \/>\n<meta property=\"article:published_time\" content=\"2023-03-03T16:56:11+00:00\" \/>\n<meta property=\"article:modified_time\" content=\"2025-08-21T16:20:47+00:00\" \/>\n<meta name=\"twitter:label1\" content=\"Est. reading time\">\n\t<meta name=\"twitter:data1\" content=\"1 minute\">\n<script type=\"application\/ld+json\" class=\"yoast-schema-graph\">{\"@context\":\"https:\/\/schema.org\",\"@graph\":[{\"@type\":\"Organization\",\"@id\":\"https:\/\/www.mobilimariani.com\/#organization\",\"name\":\"Mobili Mariani\",\"url\":\"https:\/\/www.mobilimariani.com\/\",\"sameAs\":[],\"logo\":{\"@type\":\"ImageObject\",\"@id\":\"https:\/\/www.mobilimariani.com\/#logo\",\"inLanguage\":\"fr-CH\",\"url\":\"https:\/\/www.mobilimariani.com\/wp-content\/uploads\/2015\/12\/logo.png\",\"contentUrl\":\"https:\/\/www.mobilimariani.com\/wp-content\/uploads\/2015\/12\/logo.png\",\"width\":160,\"height\":110,\"caption\":\"Mobili Mariani\"},\"image\":{\"@id\":\"https:\/\/www.mobilimariani.com\/#logo\"}},{\"@type\":\"WebSite\",\"@id\":\"https:\/\/www.mobilimariani.com\/#website\",\"url\":\"https:\/\/www.mobilimariani.com\/\",\"name\":\"Mobili Mariani\",\"description\":\"Mobili Italia Svizzera\",\"publisher\":{\"@id\":\"https:\/\/www.mobilimariani.com\/#organization\"},\"potentialAction\":[{\"@type\":\"SearchAction\",\"target\":\"https:\/\/www.mobilimariani.com\/?s={search_term_string}\",\"query-input\":\"required name=search_term_string\"}],\"inLanguage\":\"fr-CH\"},{\"@type\":\"WebPage\",\"@id\":\"https:\/\/www.mobilimariani.com\/fr\/vente-avec-lampe-applique-plafond-meridiana\/#webpage\",\"url\":\"https:\/\/www.mobilimariani.com\/fr\/vente-avec-lampe-applique-plafond-meridiana\/\",\"name\":\"VENTE AVEC LAMPE APPLIQUE \\u2013 PLAFOND MERIDIANA | Mobili Mariani\",\"isPartOf\":{\"@id\":\"https:\/\/www.mobilimariani.com\/#website\"},\"datePublished\":\"2023-03-03T16:56:11+00:00\",\"dateModified\":\"2025-08-21T16:20:47+00:00\",\"description\":\"VENTE AVEC LAMPE APPLIQUE \\u2013 PLAFOND MERIDIANA Applique\/plafonnier vintage, produit en 1989. La lampe est \\u00e9quip\\u00e9e d'un diffuseur circulaire en verre opalin\",\"breadcrumb\":{\"@id\":\"https:\/\/www.mobilimariani.com\/fr\/vente-avec-lampe-applique-plafond-meridiana\/#breadcrumb\"},\"inLanguage\":\"fr-CH\",\"potentialAction\":[{\"@type\":\"ReadAction\",\"target\":[\"https:\/\/www.mobilimariani.com\/fr\/vente-avec-lampe-applique-plafond-meridiana\/\"]}]},{\"@type\":\"BreadcrumbList\",\"@id\":\"https:\/\/www.mobilimariani.com\/fr\/vente-avec-lampe-applique-plafond-meridiana\/#breadcrumb\",\"itemListElement\":[{\"@type\":\"ListItem\",\"position\":1,\"item\":{\"@type\":\"WebPage\",\"@id\":\"https:\/\/www.mobilimariani.com\/\",\"url\":\"https:\/\/www.mobilimariani.com\/\",\"name\":\"Home\"}},{\"@type\":\"ListItem\",\"position\":2,\"item\":{\"@id\":\"https:\/\/www.mobilimariani.com\/fr\/vente-avec-lampe-applique-plafond-meridiana\/#webpage\"}}]},{\"@type\":\"Article\",\"@id\":\"https:\/\/www.mobilimariani.com\/fr\/vente-avec-lampe-applique-plafond-meridiana\/#article\",\"isPartOf\":{\"@id\":\"https:\/\/www.mobilimariani.com\/fr\/vente-avec-lampe-applique-plafond-meridiana\/#webpage\"},\"author\":{\"@id\":\"https:\/\/www.mobilimariani.com\/#\/schema\/person\/4685d9f51269134e53f988c9122315f4\"},\"headline\":\"VENTE AVEC LAMPE APPLIQUE \\u2013 PLAFOND MERIDIANA\",\"datePublished\":\"2023-03-03T16:56:11+00:00\",\"dateModified\":\"2025-08-21T16:20:47+00:00\",\"mainEntityOfPage\":{\"@id\":\"https:\/\/www.mobilimariani.com\/fr\/vente-avec-lampe-applique-plafond-meridiana\/#webpage\"},\"publisher\":{\"@id\":\"https:\/\/www.mobilimariani.com\/#organization\"},\"articleSection\":[\"News\",\"Offerte bagno\",\"Offres Cuisines \",\"Offres Zone Jour\",\"Offres zone nuit\",\"Outlet\"],\"inLanguage\":\"fr-CH\"},{\"@type\":\"Person\",\"@id\":\"https:\/\/www.mobilimariani.com\/#\/schema\/person\/4685d9f51269134e53f988c9122315f4\",\"name\":\"14m4rC008\",\"image\":{\"@type\":\"ImageObject\",\"@id\":\"https:\/\/www.mobilimariani.com\/#personlogo\",\"inLanguage\":\"fr-CH\",\"url\":\"https:\/\/secure.gravatar.com\/avatar\/dfaa6e536fec7030712cf850e9ddef45?s=96&d=mm&r=g\",\"contentUrl\":\"https:\/\/secure.gravatar.com\/avatar\/dfaa6e536fec7030712cf850e9ddef45?s=96&d=mm&r=g\",\"caption\":\"14m4rC008\"}}]}<\/script>\n<!-- \/ Yoast SEO plugin. -->","_links":{"self":[{"href":"https:\/\/www.mobilimariani.com\/fr\/wp-json\/wp\/v2\/posts\/31130"}],"collection":[{"href":"https:\/\/www.mobilimariani.com\/fr\/wp-json\/wp\/v2\/posts"}],"about":[{"href":"https:\/\/www.mobilimariani.com\/fr\/wp-json\/wp\/v2\/types\/post"}],"author":[{"embeddable":true,"href":"https:\/\/www.mobilimariani.com\/fr\/wp-json\/wp\/v2\/users\/1"}],"replies":[{"embeddable":true,"href":"https:\/\/www.mobilimariani.com\/fr\/wp-json\/wp\/v2\/comments?post=31130"}],"version-history":[{"count":2,"href":"https:\/\/www.mobilimariani.com\/fr\/wp-json\/wp\/v2\/posts\/31130\/revisions"}],"predecessor-version":[{"id":32621,"href":"https:\/\/www.mobilimariani.com\/fr\/wp-json\/wp\/v2\/posts\/31130\/revisions\/32621"}],"wp:attachment":[{"href":"https:\/\/www.mobilimariani.com\/fr\/wp-json\/wp\/v2\/media?parent=31130"}],"wp:term":[{"taxonomy":"category","embeddable":true,"href":"https:\/\/www.mobilimariani.com\/fr\/wp-json\/wp\/v2\/categories?post=31130"},{"taxonomy":"post_tag","embeddable":true,"href":"https:\/\/www.mobilimariani.com\/fr\/wp-json\/wp\/v2\/tags?post=31130"}],"curies":[{"name":"wp","href":"https:\/\/api.w.org\/{rel}","templated":true}]}}