{"id":31007,"date":"2024-08-24T16:07:05","date_gmt":"2024-08-24T14:07:05","guid":{"rendered":"https:\/\/www.mobilimariani.com\/?p=31007"},"modified":"2024-12-28T18:32:09","modified_gmt":"2024-12-28T17:32:09","slug":"peinture-paesaggio-de-semenzato","status":"publish","type":"post","link":"https:\/\/www.mobilimariani.com\/fr\/peinture-paesaggio-de-semenzato\/","title":{"rendered":"Peinture Paesaggio de Semenzato"},"content":{"rendered":"<p>Peinture Paesaggio de Semenzato<\/p>\n<p>Peinture : Paesaggio<\/p>\n<p>cm. 60 x 130 mesures avec cadre cm. 86 x 156<\/p>\n<p>Peintre: Semenzato<\/p>\n<p>PRIX AUTONOME \u20ac 2.280,00<\/p>\n<p>Pour les clients r\u00e9sidant en Suisse, la TVA italienne sera d\u00e9duite<\/p>\n<p>Pour voir nos \u0153uvres d\u2019auteur, cliquez sur\u00a0 \u00a0 V<a href=\"https:\/\/www.mobilimariani.com\/fr\/search\/ohira\">ases Yoichi Ohira<\/a>\u00a0 \u00a0\u00a0<a href=\"https:\/\/www.mobilimariani.com\/fr\/peinture-composition-de-circiello\/\">Peintures Circiello<\/a>\u00a0 \u00a0\u00a0<a href=\"https:\/\/www.mobilimariani.com\/fr\/peinture-paesaggio-de-semenzato\/\">Peintures Semenzato<\/a>\u00a0 \u00a0<a href=\"https:\/\/www.mobilimariani.com\/fr\/search\/bronze\">Sculptures<\/a><\/p>\n<p><strong>Paolo Semenzato<\/strong> est n\u00e9 \u00e0 Venise en 1956, ville o\u00f9 il vit et travaille toujours. Il a commenc\u00e9 \u00e0 peindre d\u00e8s son enfance, en autodidacte, remportant de nombreux prix. \u00c0 l\u2019\u00e2ge adulte, il devient peintre professionnel.<\/p>\n<p>Au fil du temps, il a \u00e9t\u00e9 largement salu\u00e9 par la critique et a obtenu d&#8217;excellents r\u00e9sultats dans de nombreux concours nationaux.<br \/>\nTravailleur tr\u00e8s passionn\u00e9, <strong>il peint non pas au pinceau mais \u00e0 la spatule,<\/strong> non au chevalet mais sur une surface plane ; un tableau demande parfois des semaines enti\u00e8res de travail.<\/p>\n<p>Son \u0153uvre est enti\u00e8rement impr\u00e9gn\u00e9e de sa signature stylistique qui rend l\u2019une de ses toiles reconnaissable au premier coup d\u2019\u0153il.<\/p>\n<p>Face \u00e0 la peinture de Paolo Semenzato, ce qui vient \u00e0 l&#8217;esprit n&#8217;est pas de chercher les anc\u00eatres de l&#8217;\u00e9cole et du style, mais de se perdre dans l&#8217;heureux enchantement qu&#8217;il peut susciter.<\/p>\n<p>Son langage inventif <strong>n\u2019est pas l\u2019expression d\u2019une inqui\u00e9tude<\/strong> ou de conflits internes.<br \/>\n<strong>Il recherche une repr\u00e9sentation synth\u00e9tique de la r\u00e9alit\u00e9<\/strong>, \u00e9voque un humble bonheur de vivre, une vision du monde affranchie des sophismes intellectualistes.<\/p>\n<p>&nbsp;<\/p>\n<p>Pour voir toutes nos ventes,\u00a0<a href=\"https:\/\/www.mobilimariani.com\/fr\/search\/VENTES\">cliquez ici<\/a><\/p>\n<p>Avez-vous besoin de plus d\u2019informations?<\/p>\n<p><a href=\"https:\/\/www.mobilimariani.com\/fr\/contacts\/\" target=\"_blank\" rel=\"noreferrer noopener\">Cliquez ici\u00a0<\/a>\u00a0et nous vous r\u00e9pondrons<\/p>\n","protected":false},"excerpt":{"rendered":"Peinture Paesaggio de Semenzato Peinture : Paesaggio cm. 60 x 130 mesures avec cadre cm. 86 x 156 Peintre: Semenzato PRIX AUTONOME \u20ac 2.280,00 Pour les clients r\u00e9sidant en Suisse, la TVA italienne sera d\u00e9duite Pour voir nos \u0153uvres d\u2019auteur, cliquez sur\u00a0 \u00a0 Vases Yoichi Ohira\u00a0 \u00a0\u00a0Peintures Circiello\u00a0 \u00a0\u00a0Peintures Semenzato\u00a0 \u00a0Sculptures Paolo Semenzato est n\u00e9&#8230; <a class=\"view-article\" href=\"https:\/\/www.mobilimariani.com\/fr\/peinture-paesaggio-de-semenzato\/\">Voir l&#8217;article<\/a>","protected":false},"author":1,"featured_media":0,"comment_status":"closed","ping_status":"closed","sticky":false,"template":"","format":"standard","meta":[],"categories":[29,8,2236],"tags":[],"yoast_head":"<!-- This site is optimized with the Yoast SEO plugin v16.2 - https:\/\/yoast.com\/wordpress\/plugins\/seo\/ -->\n<meta name=\"description\" content=\"Peinture Paesaggio de Semenzato Peinture : Paesaggio cm. 60 x 130 mesures avec cadre cm. 86 x 156 Peintre: Semenzato PRIX AUTONOME \u20ac 2.280,00 Pour les\" \/>\n<meta name=\"robots\" content=\"index, follow, max-snippet:-1, max-image-preview:large, max-video-preview:-1\" \/>\n<link rel=\"canonical\" href=\"https:\/\/www.mobilimariani.com\/fr\/peinture-paesaggio-de-semenzato\/\" \/>\n<meta property=\"og:locale\" content=\"fr_FR\" \/>\n<meta property=\"og:type\" content=\"article\" \/>\n<meta property=\"og:title\" content=\"Peinture Paesaggio de Semenzato | Mobili Mariani\" \/>\n<meta property=\"og:description\" content=\"Peinture Paesaggio de Semenzato Peinture : Paesaggio cm. 60 x 130 mesures avec cadre cm. 86 x 156 Peintre: Semenzato PRIX AUTONOME \u20ac 2.280,00 Pour les\" \/>\n<meta property=\"og:url\" content=\"https:\/\/www.mobilimariani.com\/fr\/peinture-paesaggio-de-semenzato\/\" \/>\n<meta property=\"og:site_name\" content=\"Mobili Mariani\" \/>\n<meta property=\"article:published_time\" content=\"2024-08-24T14:07:05+00:00\" \/>\n<meta property=\"article:modified_time\" content=\"2024-12-28T17:32:09+00:00\" \/>\n<meta name=\"twitter:label1\" content=\"Est. reading time\">\n\t<meta name=\"twitter:data1\" content=\"2 minutes\">\n<script type=\"application\/ld+json\" class=\"yoast-schema-graph\">{\"@context\":\"https:\/\/schema.org\",\"@graph\":[{\"@type\":\"Organization\",\"@id\":\"https:\/\/www.mobilimariani.com\/#organization\",\"name\":\"Mobili Mariani\",\"url\":\"https:\/\/www.mobilimariani.com\/\",\"sameAs\":[],\"logo\":{\"@type\":\"ImageObject\",\"@id\":\"https:\/\/www.mobilimariani.com\/#logo\",\"inLanguage\":\"fr-CH\",\"url\":\"https:\/\/www.mobilimariani.com\/wp-content\/uploads\/2015\/12\/logo.png\",\"contentUrl\":\"https:\/\/www.mobilimariani.com\/wp-content\/uploads\/2015\/12\/logo.png\",\"width\":160,\"height\":110,\"caption\":\"Mobili Mariani\"},\"image\":{\"@id\":\"https:\/\/www.mobilimariani.com\/#logo\"}},{\"@type\":\"WebSite\",\"@id\":\"https:\/\/www.mobilimariani.com\/#website\",\"url\":\"https:\/\/www.mobilimariani.com\/\",\"name\":\"Mobili Mariani\",\"description\":\"Mobili Italia Svizzera\",\"publisher\":{\"@id\":\"https:\/\/www.mobilimariani.com\/#organization\"},\"potentialAction\":[{\"@type\":\"SearchAction\",\"target\":\"https:\/\/www.mobilimariani.com\/?s={search_term_string}\",\"query-input\":\"required name=search_term_string\"}],\"inLanguage\":\"fr-CH\"},{\"@type\":\"WebPage\",\"@id\":\"https:\/\/www.mobilimariani.com\/fr\/peinture-paesaggio-de-semenzato\/#webpage\",\"url\":\"https:\/\/www.mobilimariani.com\/fr\/peinture-paesaggio-de-semenzato\/\",\"name\":\"Peinture Paesaggio de Semenzato | Mobili Mariani\",\"isPartOf\":{\"@id\":\"https:\/\/www.mobilimariani.com\/#website\"},\"datePublished\":\"2024-08-24T14:07:05+00:00\",\"dateModified\":\"2024-12-28T17:32:09+00:00\",\"description\":\"Peinture Paesaggio de Semenzato Peinture : Paesaggio cm. 60 x 130 mesures avec cadre cm. 86 x 156 Peintre: Semenzato PRIX AUTONOME \\u20ac 2.280,00 Pour les\",\"breadcrumb\":{\"@id\":\"https:\/\/www.mobilimariani.com\/fr\/peinture-paesaggio-de-semenzato\/#breadcrumb\"},\"inLanguage\":\"fr-CH\",\"potentialAction\":[{\"@type\":\"ReadAction\",\"target\":[\"https:\/\/www.mobilimariani.com\/fr\/peinture-paesaggio-de-semenzato\/\"]}]},{\"@type\":\"BreadcrumbList\",\"@id\":\"https:\/\/www.mobilimariani.com\/fr\/peinture-paesaggio-de-semenzato\/#breadcrumb\",\"itemListElement\":[{\"@type\":\"ListItem\",\"position\":1,\"item\":{\"@type\":\"WebPage\",\"@id\":\"https:\/\/www.mobilimariani.com\/\",\"url\":\"https:\/\/www.mobilimariani.com\/\",\"name\":\"Home\"}},{\"@type\":\"ListItem\",\"position\":2,\"item\":{\"@id\":\"https:\/\/www.mobilimariani.com\/fr\/peinture-paesaggio-de-semenzato\/#webpage\"}}]},{\"@type\":\"Article\",\"@id\":\"https:\/\/www.mobilimariani.com\/fr\/peinture-paesaggio-de-semenzato\/#article\",\"isPartOf\":{\"@id\":\"https:\/\/www.mobilimariani.com\/fr\/peinture-paesaggio-de-semenzato\/#webpage\"},\"author\":{\"@id\":\"https:\/\/www.mobilimariani.com\/#\/schema\/person\/4685d9f51269134e53f988c9122315f4\"},\"headline\":\"Peinture Paesaggio de Semenzato\",\"datePublished\":\"2024-08-24T14:07:05+00:00\",\"dateModified\":\"2024-12-28T17:32:09+00:00\",\"mainEntityOfPage\":{\"@id\":\"https:\/\/www.mobilimariani.com\/fr\/peinture-paesaggio-de-semenzato\/#webpage\"},\"publisher\":{\"@id\":\"https:\/\/www.mobilimariani.com\/#organization\"},\"articleSection\":[\"Accessoires\",\"News\",\"Per collezionisti\"],\"inLanguage\":\"fr-CH\"},{\"@type\":\"Person\",\"@id\":\"https:\/\/www.mobilimariani.com\/#\/schema\/person\/4685d9f51269134e53f988c9122315f4\",\"name\":\"14m4rC008\",\"image\":{\"@type\":\"ImageObject\",\"@id\":\"https:\/\/www.mobilimariani.com\/#personlogo\",\"inLanguage\":\"fr-CH\",\"url\":\"https:\/\/secure.gravatar.com\/avatar\/dfaa6e536fec7030712cf850e9ddef45?s=96&d=mm&r=g\",\"contentUrl\":\"https:\/\/secure.gravatar.com\/avatar\/dfaa6e536fec7030712cf850e9ddef45?s=96&d=mm&r=g\",\"caption\":\"14m4rC008\"}}]}<\/script>\n<!-- \/ Yoast SEO plugin. -->","_links":{"self":[{"href":"https:\/\/www.mobilimariani.com\/fr\/wp-json\/wp\/v2\/posts\/31007"}],"collection":[{"href":"https:\/\/www.mobilimariani.com\/fr\/wp-json\/wp\/v2\/posts"}],"about":[{"href":"https:\/\/www.mobilimariani.com\/fr\/wp-json\/wp\/v2\/types\/post"}],"author":[{"embeddable":true,"href":"https:\/\/www.mobilimariani.com\/fr\/wp-json\/wp\/v2\/users\/1"}],"replies":[{"embeddable":true,"href":"https:\/\/www.mobilimariani.com\/fr\/wp-json\/wp\/v2\/comments?post=31007"}],"version-history":[{"count":3,"href":"https:\/\/www.mobilimariani.com\/fr\/wp-json\/wp\/v2\/posts\/31007\/revisions"}],"predecessor-version":[{"id":32195,"href":"https:\/\/www.mobilimariani.com\/fr\/wp-json\/wp\/v2\/posts\/31007\/revisions\/32195"}],"wp:attachment":[{"href":"https:\/\/www.mobilimariani.com\/fr\/wp-json\/wp\/v2\/media?parent=31007"}],"wp:term":[{"taxonomy":"category","embeddable":true,"href":"https:\/\/www.mobilimariani.com\/fr\/wp-json\/wp\/v2\/categories?post=31007"},{"taxonomy":"post_tag","embeddable":true,"href":"https:\/\/www.mobilimariani.com\/fr\/wp-json\/wp\/v2\/tags?post=31007"}],"curies":[{"name":"wp","href":"https:\/\/api.w.org\/{rel}","templated":true}]}}