{"id":30882,"date":"2024-05-02T17:05:32","date_gmt":"2024-05-02T15:05:32","guid":{"rendered":"https:\/\/www.mobilimariani.com\/?p=30882"},"modified":"2025-09-16T13:46:58","modified_gmt":"2025-09-16T11:46:58","slug":"ventes-de-tapis-kilim-sammarie-rows","status":"publish","type":"post","link":"https:\/\/www.mobilimariani.com\/fr\/ventes-de-tapis-kilim-sammarie-rows\/","title":{"rendered":"VENTES DE TAPIS KILIM SAMMARIE Rows"},"content":{"rendered":"<p>VENTES DE TAPIS KILIM SAMMARIE Rows<\/p>\n<p>cm. 256\u00d7139<\/p>\n<p>Fabriqu\u00e9 \u00e0 la main \u00e0 partir de fibres naturelles, surface plane sans poils<\/p>\n<p>Liste de prix \u20ac.\u00a0 1.085,00<\/p>\n<p>PRIX AUTONOME \u20ac.\u00a0 430,00<\/p>\n<p>Pour voir nos tapis\u00a0<a href=\"https:\/\/www.mobilimariani.com\/fr\/search\/tapis\">cliquez ici<\/a><\/p>\n<p>Pour voir toutes nos ventes,\u00a0<a href=\"https:\/\/www.mobilimariani.com\/fr\/search\/VENTES\">cliquez ici<\/a><\/p>\n<p>Avez-vous besoin de plus d\u2019informations?<\/p>\n<p><a href=\"https:\/\/www.mobilimariani.com\/fr\/contacts\/\" target=\"_blank\" rel=\"noreferrer noopener\">Cliquez ici\u00a0<\/a>\u00a0et nous vous r\u00e9pondrons<\/p>\n","protected":false},"excerpt":{"rendered":"VENTES DE TAPIS KILIM SAMMARIE Rows cm. 256\u00d7139 Fabriqu\u00e9 \u00e0 la main \u00e0 partir de fibres naturelles, surface plane sans poils Liste de prix \u20ac.\u00a0 1.085,00 PRIX AUTONOME \u20ac.\u00a0 430,00 Pour voir nos tapis\u00a0cliquez ici Pour voir toutes nos ventes,\u00a0cliquez ici Avez-vous besoin de plus d\u2019informations? Cliquez ici\u00a0\u00a0et nous vous r\u00e9pondrons","protected":false},"author":1,"featured_media":0,"comment_status":"closed","ping_status":"closed","sticky":false,"template":"","format":"standard","meta":[],"categories":[8,48,49,14,38,2217,6,2],"tags":[],"yoast_head":"<!-- This site is optimized with the Yoast SEO plugin v16.2 - https:\/\/yoast.com\/wordpress\/plugins\/seo\/ -->\n<meta name=\"description\" content=\"VENTES DE TAPIS KILIM SAMMARIE Rows cm. 256\u00d7139 Fabriqu\u00e9 \u00e0 la main \u00e0 partir de fibres naturelles, surface plane sans poils Liste de prix \u20ac.\u00a0 1.085,00 PRIX\" \/>\n<meta name=\"robots\" content=\"index, follow, max-snippet:-1, max-image-preview:large, max-video-preview:-1\" \/>\n<link rel=\"canonical\" href=\"https:\/\/www.mobilimariani.com\/fr\/ventes-de-tapis-kilim-sammarie-rows\/\" \/>\n<meta property=\"og:locale\" content=\"fr_FR\" \/>\n<meta property=\"og:type\" content=\"article\" \/>\n<meta property=\"og:title\" content=\"VENTES DE TAPIS KILIM SAMMARIE Rows | Mobili Mariani\" \/>\n<meta property=\"og:description\" content=\"VENTES DE TAPIS KILIM SAMMARIE Rows cm. 256\u00d7139 Fabriqu\u00e9 \u00e0 la main \u00e0 partir de fibres naturelles, surface plane sans poils Liste de prix \u20ac.\u00a0 1.085,00 PRIX\" \/>\n<meta property=\"og:url\" content=\"https:\/\/www.mobilimariani.com\/fr\/ventes-de-tapis-kilim-sammarie-rows\/\" \/>\n<meta property=\"og:site_name\" content=\"Mobili Mariani\" \/>\n<meta property=\"article:published_time\" content=\"2024-05-02T15:05:32+00:00\" \/>\n<meta property=\"article:modified_time\" content=\"2025-09-16T11:46:58+00:00\" \/>\n<meta name=\"twitter:label1\" content=\"Est. reading time\">\n\t<meta name=\"twitter:data1\" content=\"1 minute\">\n<script type=\"application\/ld+json\" class=\"yoast-schema-graph\">{\"@context\":\"https:\/\/schema.org\",\"@graph\":[{\"@type\":\"Organization\",\"@id\":\"https:\/\/www.mobilimariani.com\/#organization\",\"name\":\"Mobili Mariani\",\"url\":\"https:\/\/www.mobilimariani.com\/\",\"sameAs\":[],\"logo\":{\"@type\":\"ImageObject\",\"@id\":\"https:\/\/www.mobilimariani.com\/#logo\",\"inLanguage\":\"fr-CH\",\"url\":\"https:\/\/www.mobilimariani.com\/wp-content\/uploads\/2015\/12\/logo.png\",\"contentUrl\":\"https:\/\/www.mobilimariani.com\/wp-content\/uploads\/2015\/12\/logo.png\",\"width\":160,\"height\":110,\"caption\":\"Mobili Mariani\"},\"image\":{\"@id\":\"https:\/\/www.mobilimariani.com\/#logo\"}},{\"@type\":\"WebSite\",\"@id\":\"https:\/\/www.mobilimariani.com\/#website\",\"url\":\"https:\/\/www.mobilimariani.com\/\",\"name\":\"Mobili Mariani\",\"description\":\"Mobili Italia Svizzera\",\"publisher\":{\"@id\":\"https:\/\/www.mobilimariani.com\/#organization\"},\"potentialAction\":[{\"@type\":\"SearchAction\",\"target\":\"https:\/\/www.mobilimariani.com\/?s={search_term_string}\",\"query-input\":\"required name=search_term_string\"}],\"inLanguage\":\"fr-CH\"},{\"@type\":\"WebPage\",\"@id\":\"https:\/\/www.mobilimariani.com\/fr\/ventes-de-tapis-kilim-sammarie-rows\/#webpage\",\"url\":\"https:\/\/www.mobilimariani.com\/fr\/ventes-de-tapis-kilim-sammarie-rows\/\",\"name\":\"VENTES DE TAPIS KILIM SAMMARIE Rows | Mobili Mariani\",\"isPartOf\":{\"@id\":\"https:\/\/www.mobilimariani.com\/#website\"},\"datePublished\":\"2024-05-02T15:05:32+00:00\",\"dateModified\":\"2025-09-16T11:46:58+00:00\",\"description\":\"VENTES DE TAPIS KILIM SAMMARIE Rows cm. 256\\u00d7139 Fabriqu\\u00e9 \\u00e0 la main \\u00e0 partir de fibres naturelles, surface plane sans poils Liste de prix \\u20ac.\\u00a0 1.085,00 PRIX\",\"breadcrumb\":{\"@id\":\"https:\/\/www.mobilimariani.com\/fr\/ventes-de-tapis-kilim-sammarie-rows\/#breadcrumb\"},\"inLanguage\":\"fr-CH\",\"potentialAction\":[{\"@type\":\"ReadAction\",\"target\":[\"https:\/\/www.mobilimariani.com\/fr\/ventes-de-tapis-kilim-sammarie-rows\/\"]}]},{\"@type\":\"BreadcrumbList\",\"@id\":\"https:\/\/www.mobilimariani.com\/fr\/ventes-de-tapis-kilim-sammarie-rows\/#breadcrumb\",\"itemListElement\":[{\"@type\":\"ListItem\",\"position\":1,\"item\":{\"@type\":\"WebPage\",\"@id\":\"https:\/\/www.mobilimariani.com\/\",\"url\":\"https:\/\/www.mobilimariani.com\/\",\"name\":\"Home\"}},{\"@type\":\"ListItem\",\"position\":2,\"item\":{\"@id\":\"https:\/\/www.mobilimariani.com\/fr\/ventes-de-tapis-kilim-sammarie-rows\/#webpage\"}}]},{\"@type\":\"Article\",\"@id\":\"https:\/\/www.mobilimariani.com\/fr\/ventes-de-tapis-kilim-sammarie-rows\/#article\",\"isPartOf\":{\"@id\":\"https:\/\/www.mobilimariani.com\/fr\/ventes-de-tapis-kilim-sammarie-rows\/#webpage\"},\"author\":{\"@id\":\"https:\/\/www.mobilimariani.com\/#\/schema\/person\/4685d9f51269134e53f988c9122315f4\"},\"headline\":\"VENTES DE TAPIS KILIM SAMMARIE Rows\",\"datePublished\":\"2024-05-02T15:05:32+00:00\",\"dateModified\":\"2025-09-16T11:46:58+00:00\",\"mainEntityOfPage\":{\"@id\":\"https:\/\/www.mobilimariani.com\/fr\/ventes-de-tapis-kilim-sammarie-rows\/#webpage\"},\"publisher\":{\"@id\":\"https:\/\/www.mobilimariani.com\/#organization\"},\"articleSection\":[\"News\",\"Offres Zone Jour\",\"Offres zone nuit\",\"Outlet\",\"Promotions\",\"Tappeti\",\"Salle jour\",\"Zone nuit\"],\"inLanguage\":\"fr-CH\"},{\"@type\":\"Person\",\"@id\":\"https:\/\/www.mobilimariani.com\/#\/schema\/person\/4685d9f51269134e53f988c9122315f4\",\"name\":\"14m4rC008\",\"image\":{\"@type\":\"ImageObject\",\"@id\":\"https:\/\/www.mobilimariani.com\/#personlogo\",\"inLanguage\":\"fr-CH\",\"url\":\"https:\/\/secure.gravatar.com\/avatar\/dfaa6e536fec7030712cf850e9ddef45?s=96&d=mm&r=g\",\"contentUrl\":\"https:\/\/secure.gravatar.com\/avatar\/dfaa6e536fec7030712cf850e9ddef45?s=96&d=mm&r=g\",\"caption\":\"14m4rC008\"}}]}<\/script>\n<!-- \/ Yoast SEO plugin. -->","_links":{"self":[{"href":"https:\/\/www.mobilimariani.com\/fr\/wp-json\/wp\/v2\/posts\/30882"}],"collection":[{"href":"https:\/\/www.mobilimariani.com\/fr\/wp-json\/wp\/v2\/posts"}],"about":[{"href":"https:\/\/www.mobilimariani.com\/fr\/wp-json\/wp\/v2\/types\/post"}],"author":[{"embeddable":true,"href":"https:\/\/www.mobilimariani.com\/fr\/wp-json\/wp\/v2\/users\/1"}],"replies":[{"embeddable":true,"href":"https:\/\/www.mobilimariani.com\/fr\/wp-json\/wp\/v2\/comments?post=30882"}],"version-history":[{"count":3,"href":"https:\/\/www.mobilimariani.com\/fr\/wp-json\/wp\/v2\/posts\/30882\/revisions"}],"predecessor-version":[{"id":32768,"href":"https:\/\/www.mobilimariani.com\/fr\/wp-json\/wp\/v2\/posts\/30882\/revisions\/32768"}],"wp:attachment":[{"href":"https:\/\/www.mobilimariani.com\/fr\/wp-json\/wp\/v2\/media?parent=30882"}],"wp:term":[{"taxonomy":"category","embeddable":true,"href":"https:\/\/www.mobilimariani.com\/fr\/wp-json\/wp\/v2\/categories?post=30882"},{"taxonomy":"post_tag","embeddable":true,"href":"https:\/\/www.mobilimariani.com\/fr\/wp-json\/wp\/v2\/tags?post=30882"}],"curies":[{"name":"wp","href":"https:\/\/api.w.org\/{rel}","templated":true}]}}