{"id":30811,"date":"2024-08-16T11:05:41","date_gmt":"2024-08-16T09:05:41","guid":{"rendered":"https:\/\/www.mobilimariani.com\/?p=30811"},"modified":"2025-10-16T19:16:02","modified_gmt":"2025-10-16T17:16:02","slug":"ventes-avec-cabine-de-douche","status":"publish","type":"post","link":"https:\/\/www.mobilimariani.com\/fr\/ventes-avec-cabine-de-douche\/","title":{"rendered":"VENTES AVEC CABINE DE DOUCHE"},"content":{"rendered":"<p>VENTES AVEC CABINE DE DOUCHE<\/p>\n<p>Cabine de douche en verre feuillet\u00e9 cm. 120 x 10 x 190 h<\/p>\n<p>Verre feuillet\u00e9 compos\u00e9 de deux feuilles jumelles de 5 mm d&#8217;\u00e9paisseur au milieu desquelles est ins\u00e9r\u00e9e une maille d\u00e9corative iris\u00e9e.<\/p>\n<p>La cabine de douchet est livr\u00e9e avec des supports chrom\u00e9s pour la fixation au mur + receveur de douche.<\/p>\n<p>Le receveur de douche rectangulaire Geromin Hafro est le mod\u00e8le Forma H3 en r\u00e9sine, d&#8217;une hauteur de 3 centim\u00e8tres et est \u00e9quip\u00e9 d&#8217;un couvercle de vidange en acier satin\u00e9. La beaut\u00e9 de l&#8217;effet pierre s&#8217;allie \u00e0 la s\u00e9curit\u00e9 d&#8217;un mat\u00e9riau naturellement antid\u00e9rapant. Il peut \u00eatre install\u00e9 en pose libre ou \u00e0 fleur de sol.<\/p>\n<p>Receveur de douche cm. 120 x 80 x 3 h<\/p>\n<p>Liste de prix \u20ac 2.720,00<\/p>\n<p>PRIX AUTONOME \u20ac 995,00<\/p>\n<p>Pour voir toutes nos ventes,\u00a0<a href=\"https:\/\/www.mobilimariani.com\/fr\/search\/VENTES\">cliquez ici<\/a><\/p>\n<p>Avez-vous besoin de plus d\u2019informations?<\/p>\n<p><a href=\"https:\/\/www.mobilimariani.com\/fr\/contacts\/\" target=\"_blank\" rel=\"noreferrer noopener\">Cliquez ici\u00a0<\/a>\u00a0et nous vous r\u00e9pondrons<\/p>\n","protected":false},"excerpt":{"rendered":"VENTES AVEC CABINE DE DOUCHE Cabine de douche en verre feuillet\u00e9 cm. 120 x 10 x 190 h Verre feuillet\u00e9 compos\u00e9 de deux feuilles jumelles de 5 mm d&#8217;\u00e9paisseur au milieu desquelles est ins\u00e9r\u00e9e une maille d\u00e9corative iris\u00e9e. La cabine de douchet est livr\u00e9e avec des supports chrom\u00e9s pour la fixation au mur + receveur&#8230; <a class=\"view-article\" href=\"https:\/\/www.mobilimariani.com\/fr\/ventes-avec-cabine-de-douche\/\">Voir l&#8217;article<\/a>","protected":false},"author":1,"featured_media":0,"comment_status":"closed","ping_status":"closed","sticky":false,"template":"","format":"standard","meta":[],"categories":[8,2207,14,38],"tags":[],"yoast_head":"<!-- This site is optimized with the Yoast SEO plugin v16.2 - https:\/\/yoast.com\/wordpress\/plugins\/seo\/ -->\n<meta name=\"description\" content=\"VENTES AVEC CABINE DE DOUCHE Cabine de douche en verre feuillet\u00e9 cm. 120 x 10 x 190 h Verre feuillet\u00e9 compos\u00e9 de deux feuilles jumelles de 5 mm\" \/>\n<meta name=\"robots\" content=\"index, follow, max-snippet:-1, max-image-preview:large, max-video-preview:-1\" \/>\n<link rel=\"canonical\" href=\"https:\/\/www.mobilimariani.com\/fr\/ventes-avec-cabine-de-douche\/\" \/>\n<meta property=\"og:locale\" content=\"fr_FR\" \/>\n<meta property=\"og:type\" content=\"article\" \/>\n<meta property=\"og:title\" content=\"VENTES AVEC CABINE DE DOUCHE | Mobili Mariani\" \/>\n<meta property=\"og:description\" content=\"VENTES AVEC CABINE DE DOUCHE Cabine de douche en verre feuillet\u00e9 cm. 120 x 10 x 190 h Verre feuillet\u00e9 compos\u00e9 de deux feuilles jumelles de 5 mm\" \/>\n<meta property=\"og:url\" content=\"https:\/\/www.mobilimariani.com\/fr\/ventes-avec-cabine-de-douche\/\" \/>\n<meta property=\"og:site_name\" content=\"Mobili Mariani\" \/>\n<meta property=\"article:published_time\" content=\"2024-08-16T09:05:41+00:00\" \/>\n<meta property=\"article:modified_time\" content=\"2025-10-16T17:16:02+00:00\" \/>\n<meta name=\"twitter:label1\" content=\"Est. reading time\">\n\t<meta name=\"twitter:data1\" content=\"1 minute\">\n<script type=\"application\/ld+json\" class=\"yoast-schema-graph\">{\"@context\":\"https:\/\/schema.org\",\"@graph\":[{\"@type\":\"Organization\",\"@id\":\"https:\/\/www.mobilimariani.com\/#organization\",\"name\":\"Mobili Mariani\",\"url\":\"https:\/\/www.mobilimariani.com\/\",\"sameAs\":[],\"logo\":{\"@type\":\"ImageObject\",\"@id\":\"https:\/\/www.mobilimariani.com\/#logo\",\"inLanguage\":\"fr-CH\",\"url\":\"https:\/\/www.mobilimariani.com\/wp-content\/uploads\/2015\/12\/logo.png\",\"contentUrl\":\"https:\/\/www.mobilimariani.com\/wp-content\/uploads\/2015\/12\/logo.png\",\"width\":160,\"height\":110,\"caption\":\"Mobili Mariani\"},\"image\":{\"@id\":\"https:\/\/www.mobilimariani.com\/#logo\"}},{\"@type\":\"WebSite\",\"@id\":\"https:\/\/www.mobilimariani.com\/#website\",\"url\":\"https:\/\/www.mobilimariani.com\/\",\"name\":\"Mobili Mariani\",\"description\":\"Mobili Italia Svizzera\",\"publisher\":{\"@id\":\"https:\/\/www.mobilimariani.com\/#organization\"},\"potentialAction\":[{\"@type\":\"SearchAction\",\"target\":\"https:\/\/www.mobilimariani.com\/?s={search_term_string}\",\"query-input\":\"required name=search_term_string\"}],\"inLanguage\":\"fr-CH\"},{\"@type\":\"WebPage\",\"@id\":\"https:\/\/www.mobilimariani.com\/fr\/ventes-avec-cabine-de-douche\/#webpage\",\"url\":\"https:\/\/www.mobilimariani.com\/fr\/ventes-avec-cabine-de-douche\/\",\"name\":\"VENTES AVEC CABINE DE DOUCHE | Mobili Mariani\",\"isPartOf\":{\"@id\":\"https:\/\/www.mobilimariani.com\/#website\"},\"datePublished\":\"2024-08-16T09:05:41+00:00\",\"dateModified\":\"2025-10-16T17:16:02+00:00\",\"description\":\"VENTES AVEC CABINE DE DOUCHE Cabine de douche en verre feuillet\\u00e9 cm. 120 x 10 x 190 h Verre feuillet\\u00e9 compos\\u00e9 de deux feuilles jumelles de 5 mm\",\"breadcrumb\":{\"@id\":\"https:\/\/www.mobilimariani.com\/fr\/ventes-avec-cabine-de-douche\/#breadcrumb\"},\"inLanguage\":\"fr-CH\",\"potentialAction\":[{\"@type\":\"ReadAction\",\"target\":[\"https:\/\/www.mobilimariani.com\/fr\/ventes-avec-cabine-de-douche\/\"]}]},{\"@type\":\"BreadcrumbList\",\"@id\":\"https:\/\/www.mobilimariani.com\/fr\/ventes-avec-cabine-de-douche\/#breadcrumb\",\"itemListElement\":[{\"@type\":\"ListItem\",\"position\":1,\"item\":{\"@type\":\"WebPage\",\"@id\":\"https:\/\/www.mobilimariani.com\/\",\"url\":\"https:\/\/www.mobilimariani.com\/\",\"name\":\"Home\"}},{\"@type\":\"ListItem\",\"position\":2,\"item\":{\"@id\":\"https:\/\/www.mobilimariani.com\/fr\/ventes-avec-cabine-de-douche\/#webpage\"}}]},{\"@type\":\"Article\",\"@id\":\"https:\/\/www.mobilimariani.com\/fr\/ventes-avec-cabine-de-douche\/#article\",\"isPartOf\":{\"@id\":\"https:\/\/www.mobilimariani.com\/fr\/ventes-avec-cabine-de-douche\/#webpage\"},\"author\":{\"@id\":\"https:\/\/www.mobilimariani.com\/#\/schema\/person\/4685d9f51269134e53f988c9122315f4\"},\"headline\":\"VENTES AVEC CABINE DE DOUCHE\",\"datePublished\":\"2024-08-16T09:05:41+00:00\",\"dateModified\":\"2025-10-16T17:16:02+00:00\",\"mainEntityOfPage\":{\"@id\":\"https:\/\/www.mobilimariani.com\/fr\/ventes-avec-cabine-de-douche\/#webpage\"},\"publisher\":{\"@id\":\"https:\/\/www.mobilimariani.com\/#organization\"},\"articleSection\":[\"News\",\"Offerte bagno\",\"Outlet\",\"Promotions\"],\"inLanguage\":\"fr-CH\"},{\"@type\":\"Person\",\"@id\":\"https:\/\/www.mobilimariani.com\/#\/schema\/person\/4685d9f51269134e53f988c9122315f4\",\"name\":\"14m4rC008\",\"image\":{\"@type\":\"ImageObject\",\"@id\":\"https:\/\/www.mobilimariani.com\/#personlogo\",\"inLanguage\":\"fr-CH\",\"url\":\"https:\/\/secure.gravatar.com\/avatar\/dfaa6e536fec7030712cf850e9ddef45?s=96&d=mm&r=g\",\"contentUrl\":\"https:\/\/secure.gravatar.com\/avatar\/dfaa6e536fec7030712cf850e9ddef45?s=96&d=mm&r=g\",\"caption\":\"14m4rC008\"}}]}<\/script>\n<!-- \/ Yoast SEO plugin. -->","_links":{"self":[{"href":"https:\/\/www.mobilimariani.com\/fr\/wp-json\/wp\/v2\/posts\/30811"}],"collection":[{"href":"https:\/\/www.mobilimariani.com\/fr\/wp-json\/wp\/v2\/posts"}],"about":[{"href":"https:\/\/www.mobilimariani.com\/fr\/wp-json\/wp\/v2\/types\/post"}],"author":[{"embeddable":true,"href":"https:\/\/www.mobilimariani.com\/fr\/wp-json\/wp\/v2\/users\/1"}],"replies":[{"embeddable":true,"href":"https:\/\/www.mobilimariani.com\/fr\/wp-json\/wp\/v2\/comments?post=30811"}],"version-history":[{"count":3,"href":"https:\/\/www.mobilimariani.com\/fr\/wp-json\/wp\/v2\/posts\/30811\/revisions"}],"predecessor-version":[{"id":32699,"href":"https:\/\/www.mobilimariani.com\/fr\/wp-json\/wp\/v2\/posts\/30811\/revisions\/32699"}],"wp:attachment":[{"href":"https:\/\/www.mobilimariani.com\/fr\/wp-json\/wp\/v2\/media?parent=30811"}],"wp:term":[{"taxonomy":"category","embeddable":true,"href":"https:\/\/www.mobilimariani.com\/fr\/wp-json\/wp\/v2\/categories?post=30811"},{"taxonomy":"post_tag","embeddable":true,"href":"https:\/\/www.mobilimariani.com\/fr\/wp-json\/wp\/v2\/tags?post=30811"}],"curies":[{"name":"wp","href":"https:\/\/api.w.org\/{rel}","templated":true}]}}