{"id":3053,"date":"2017-01-20T17:46:30","date_gmt":"2017-01-20T16:46:30","guid":{"rendered":"https:\/\/www.mobilimariani.com\/?p=3053"},"modified":"2017-09-09T16:23:06","modified_gmt":"2017-09-09T14:23:06","slug":"flou-celine-canape-lit","status":"publish","type":"post","link":"https:\/\/www.mobilimariani.com\/fr\/flou-celine-canape-lit\/","title":{"rendered":"FLOU C\u00c9LINE CANAP\u00c9-LIT"},"content":{"rendered":"<p>FLOU C\u00c9LINE CANAP\u00c9-LIT DESIGN RICCARDO GIOVANETTI<\/p>\n<p>C\u00e9line de salon spacieux et confortable, un grand canap\u00e9 qui se ouvre pour devenir un lit double \u00a0(cm. 160 x 200).<\/p>\n<p>\u00c0 la fois totalement amovible, peut \u00eatre rev\u00eatu de tissu ou Faux, ou dans un stratifi\u00e9 tissu sp\u00e9cial et matelass\u00e9. Le canap\u00e9 matelas Memoform ou de bienvenue sp\u00e9cial que, selon l&#8217;usage, ils se plient, se chevauchent ou se d\u00e9tendre sur la structure \u00e0 lattes \u00e9quip\u00e9 de roues, facile \u00e0 enlever si n\u00e9cessaire pour transformer le canap\u00e9 en lit double.<\/p>\n<p>Pour conna\u00eetre les\u00a0<span id=\"OT432079633\">rev\u00eatements\u00a0<\/span>\u00a0en tissu\u00a0<a href=\"https:\/\/www.mobilimariani.com\/fr\/flou-les-revetements\/\">cliquez ici\u00a0<\/a>pour les rev\u00eatements en faux cuir\u00a0<a href=\"https:\/\/www.mobilimariani.com\/flou-rivestimenti-lecopelle\/?lang=fr\">ici<\/a><\/p>\n<p>Pour d\u00e9couvrir la marque Flou<a title=\"FLOU\" href=\"https:\/\/www.mobilimariani.com\/fr\/concessionnaire-flou\/\"> cliquez ici<\/a><\/p>\n<p>Vous voulez conna\u00eetre notre meilleur prix pour cet article?<a href=\"https:\/\/www.mobilimariani.com\/fr\/contacts\/\">\u00a0Cliquez ici <\/a>et envoyez-nous la demande<\/p>\n<p><strong>\u00a0<\/strong><strong>Pour nos clients suisses, il sera d\u00e9duit l&#8217;I.V.A. italienne \u00e0 hauteur de 22%.<\/strong><\/p>\n<p>&nbsp;<\/p>\n","protected":false},"excerpt":{"rendered":"FLOU C\u00c9LINE CANAP\u00c9-LIT DESIGN RICCARDO GIOVANETTI C\u00e9line de salon spacieux et confortable, un grand canap\u00e9 qui se ouvre pour devenir un lit double \u00a0(cm. 160 x 200). \u00c0 la fois totalement amovible, peut \u00eatre rev\u00eatu de tissu ou Faux, ou dans un stratifi\u00e9 tissu sp\u00e9cial et matelass\u00e9. Le canap\u00e9 matelas Memoform ou de bienvenue sp\u00e9cial&#8230; <a class=\"view-article\" href=\"https:\/\/www.mobilimariani.com\/fr\/flou-celine-canape-lit\/\">Voir l&#8217;article<\/a>","protected":false},"author":1,"featured_media":2131,"comment_status":"closed","ping_status":"closed","sticky":false,"template":"","format":"standard","meta":[],"categories":[1,7,6],"tags":[2150],"yoast_head":"<!-- This site is optimized with the Yoast SEO plugin v16.2 - https:\/\/yoast.com\/wordpress\/plugins\/seo\/ -->\n<meta name=\"description\" content=\"FLOU C\u00c9LINE CANAP\u00c9-LIT DESIGN RICCARDO GIOVANETTI C\u00e9line de salon spacieux et confortable, un grand canap\u00e9 qui se ouvre pour devenir un lit double \u00a0(cm.\" \/>\n<meta name=\"robots\" content=\"index, follow, max-snippet:-1, max-image-preview:large, max-video-preview:-1\" \/>\n<link rel=\"canonical\" href=\"https:\/\/www.mobilimariani.com\/fr\/flou-celine-canape-lit\/\" \/>\n<meta property=\"og:locale\" content=\"fr_FR\" \/>\n<meta property=\"og:type\" content=\"article\" \/>\n<meta property=\"og:title\" content=\"FLOU C\u00c9LINE CANAP\u00c9-LIT | Mobili Mariani\" \/>\n<meta property=\"og:description\" content=\"FLOU C\u00c9LINE CANAP\u00c9-LIT DESIGN RICCARDO GIOVANETTI C\u00e9line de salon spacieux et confortable, un grand canap\u00e9 qui se ouvre pour devenir un lit double \u00a0(cm.\" \/>\n<meta property=\"og:url\" content=\"https:\/\/www.mobilimariani.com\/fr\/flou-celine-canape-lit\/\" \/>\n<meta property=\"og:site_name\" content=\"Mobili Mariani\" \/>\n<meta property=\"article:published_time\" content=\"2017-01-20T16:46:30+00:00\" \/>\n<meta property=\"article:modified_time\" content=\"2017-09-09T14:23:06+00:00\" \/>\n<meta property=\"og:image\" content=\"https:\/\/www.mobilimariani.com\/wp-content\/uploads\/2015\/03\/Appunti05.jpg\" \/>\n\t<meta property=\"og:image:width\" content=\"734\" \/>\n\t<meta property=\"og:image:height\" content=\"460\" \/>\n<meta name=\"twitter:label1\" content=\"Est. reading time\">\n\t<meta name=\"twitter:data1\" content=\"1 minute\">\n<script type=\"application\/ld+json\" class=\"yoast-schema-graph\">{\"@context\":\"https:\/\/schema.org\",\"@graph\":[{\"@type\":\"Organization\",\"@id\":\"https:\/\/www.mobilimariani.com\/#organization\",\"name\":\"Mobili Mariani\",\"url\":\"https:\/\/www.mobilimariani.com\/\",\"sameAs\":[],\"logo\":{\"@type\":\"ImageObject\",\"@id\":\"https:\/\/www.mobilimariani.com\/#logo\",\"inLanguage\":\"fr-CH\",\"url\":\"https:\/\/www.mobilimariani.com\/wp-content\/uploads\/2015\/12\/logo.png\",\"contentUrl\":\"https:\/\/www.mobilimariani.com\/wp-content\/uploads\/2015\/12\/logo.png\",\"width\":160,\"height\":110,\"caption\":\"Mobili Mariani\"},\"image\":{\"@id\":\"https:\/\/www.mobilimariani.com\/#logo\"}},{\"@type\":\"WebSite\",\"@id\":\"https:\/\/www.mobilimariani.com\/#website\",\"url\":\"https:\/\/www.mobilimariani.com\/\",\"name\":\"Mobili Mariani\",\"description\":\"Mobili Italia Svizzera\",\"publisher\":{\"@id\":\"https:\/\/www.mobilimariani.com\/#organization\"},\"potentialAction\":[{\"@type\":\"SearchAction\",\"target\":\"https:\/\/www.mobilimariani.com\/?s={search_term_string}\",\"query-input\":\"required name=search_term_string\"}],\"inLanguage\":\"fr-CH\"},{\"@type\":\"ImageObject\",\"@id\":\"https:\/\/www.mobilimariani.com\/fr\/flou-celine-canape-lit\/#primaryimage\",\"inLanguage\":\"fr-CH\",\"url\":\"https:\/\/www.mobilimariani.com\/wp-content\/uploads\/2015\/03\/Appunti05.jpg\",\"contentUrl\":\"https:\/\/www.mobilimariani.com\/wp-content\/uploads\/2015\/03\/Appunti05.jpg\",\"width\":734,\"height\":460,\"caption\":\"FLOU C\\u00c9LINE POLTRONA E DIVANO A LETTO\"},{\"@type\":\"WebPage\",\"@id\":\"https:\/\/www.mobilimariani.com\/fr\/flou-celine-canape-lit\/#webpage\",\"url\":\"https:\/\/www.mobilimariani.com\/fr\/flou-celine-canape-lit\/\",\"name\":\"FLOU C\\u00c9LINE CANAP\\u00c9-LIT | Mobili Mariani\",\"isPartOf\":{\"@id\":\"https:\/\/www.mobilimariani.com\/#website\"},\"primaryImageOfPage\":{\"@id\":\"https:\/\/www.mobilimariani.com\/fr\/flou-celine-canape-lit\/#primaryimage\"},\"datePublished\":\"2017-01-20T16:46:30+00:00\",\"dateModified\":\"2017-09-09T14:23:06+00:00\",\"description\":\"FLOU C\\u00c9LINE CANAP\\u00c9-LIT DESIGN RICCARDO GIOVANETTI C\\u00e9line de salon spacieux et confortable, un grand canap\\u00e9 qui se ouvre pour devenir un lit double \\u00a0(cm.\",\"breadcrumb\":{\"@id\":\"https:\/\/www.mobilimariani.com\/fr\/flou-celine-canape-lit\/#breadcrumb\"},\"inLanguage\":\"fr-CH\",\"potentialAction\":[{\"@type\":\"ReadAction\",\"target\":[\"https:\/\/www.mobilimariani.com\/fr\/flou-celine-canape-lit\/\"]}]},{\"@type\":\"BreadcrumbList\",\"@id\":\"https:\/\/www.mobilimariani.com\/fr\/flou-celine-canape-lit\/#breadcrumb\",\"itemListElement\":[{\"@type\":\"ListItem\",\"position\":1,\"item\":{\"@type\":\"WebPage\",\"@id\":\"https:\/\/www.mobilimariani.com\/\",\"url\":\"https:\/\/www.mobilimariani.com\/\",\"name\":\"Home\"}},{\"@type\":\"ListItem\",\"position\":2,\"item\":{\"@id\":\"https:\/\/www.mobilimariani.com\/fr\/flou-celine-canape-lit\/#webpage\"}}]},{\"@type\":\"Article\",\"@id\":\"https:\/\/www.mobilimariani.com\/fr\/flou-celine-canape-lit\/#article\",\"isPartOf\":{\"@id\":\"https:\/\/www.mobilimariani.com\/fr\/flou-celine-canape-lit\/#webpage\"},\"author\":{\"@id\":\"https:\/\/www.mobilimariani.com\/#\/schema\/person\/4685d9f51269134e53f988c9122315f4\"},\"headline\":\"FLOU C\\u00c9LINE CANAP\\u00c9-LIT\",\"datePublished\":\"2017-01-20T16:46:30+00:00\",\"dateModified\":\"2017-09-09T14:23:06+00:00\",\"mainEntityOfPage\":{\"@id\":\"https:\/\/www.mobilimariani.com\/fr\/flou-celine-canape-lit\/#webpage\"},\"publisher\":{\"@id\":\"https:\/\/www.mobilimariani.com\/#organization\"},\"image\":{\"@id\":\"https:\/\/www.mobilimariani.com\/fr\/flou-celine-canape-lit\/#primaryimage\"},\"keywords\":[\"canap\\u00e9s lits italian design\"],\"articleSection\":[\"Catalogue\",\"Sofa\",\"Salle jour\"],\"inLanguage\":\"fr-CH\"},{\"@type\":\"Person\",\"@id\":\"https:\/\/www.mobilimariani.com\/#\/schema\/person\/4685d9f51269134e53f988c9122315f4\",\"name\":\"14m4rC008\",\"image\":{\"@type\":\"ImageObject\",\"@id\":\"https:\/\/www.mobilimariani.com\/#personlogo\",\"inLanguage\":\"fr-CH\",\"url\":\"https:\/\/secure.gravatar.com\/avatar\/dfaa6e536fec7030712cf850e9ddef45?s=96&d=mm&r=g\",\"contentUrl\":\"https:\/\/secure.gravatar.com\/avatar\/dfaa6e536fec7030712cf850e9ddef45?s=96&d=mm&r=g\",\"caption\":\"14m4rC008\"}}]}<\/script>\n<!-- \/ Yoast SEO plugin. -->","_links":{"self":[{"href":"https:\/\/www.mobilimariani.com\/fr\/wp-json\/wp\/v2\/posts\/3053"}],"collection":[{"href":"https:\/\/www.mobilimariani.com\/fr\/wp-json\/wp\/v2\/posts"}],"about":[{"href":"https:\/\/www.mobilimariani.com\/fr\/wp-json\/wp\/v2\/types\/post"}],"author":[{"embeddable":true,"href":"https:\/\/www.mobilimariani.com\/fr\/wp-json\/wp\/v2\/users\/1"}],"replies":[{"embeddable":true,"href":"https:\/\/www.mobilimariani.com\/fr\/wp-json\/wp\/v2\/comments?post=3053"}],"version-history":[{"count":6,"href":"https:\/\/www.mobilimariani.com\/fr\/wp-json\/wp\/v2\/posts\/3053\/revisions"}],"predecessor-version":[{"id":19440,"href":"https:\/\/www.mobilimariani.com\/fr\/wp-json\/wp\/v2\/posts\/3053\/revisions\/19440"}],"wp:featuredmedia":[{"embeddable":true,"href":"https:\/\/www.mobilimariani.com\/fr\/wp-json\/wp\/v2\/media\/2131"}],"wp:attachment":[{"href":"https:\/\/www.mobilimariani.com\/fr\/wp-json\/wp\/v2\/media?parent=3053"}],"wp:term":[{"taxonomy":"category","embeddable":true,"href":"https:\/\/www.mobilimariani.com\/fr\/wp-json\/wp\/v2\/categories?post=3053"},{"taxonomy":"post_tag","embeddable":true,"href":"https:\/\/www.mobilimariani.com\/fr\/wp-json\/wp\/v2\/tags?post=3053"}],"curies":[{"name":"wp","href":"https:\/\/api.w.org\/{rel}","templated":true}]}}