{"id":30371,"date":"2024-01-20T17:44:03","date_gmt":"2024-01-20T16:44:03","guid":{"rendered":"https:\/\/www.mobilimariani.com\/?p=30371"},"modified":"2025-08-01T11:35:43","modified_gmt":"2025-08-01T09:35:43","slug":"vente-avec-ensemble-de-plat-saint-georges-limoges-france-isabella-41-pieces","status":"publish","type":"post","link":"https:\/\/www.mobilimariani.com\/fr\/vente-avec-ensemble-de-plat-saint-georges-limoges-france-isabella-41-pieces\/","title":{"rendered":"VENTE AVEC ENSEMBLE DE PLAT SAINT GEORGES LIMOGES FRANCE ISABELLA 41 PI\u00c8CES"},"content":{"rendered":"<p>VENTE AVEC ENSEMBLE DE PLAT SAINT GEORGES LIMOGES FRANCE ISABELLA 41 PI\u00c8CES<\/p>\n<p>Service de table SAINT GEORGES LIMOGES FRANCE ISABELLA 41 pi\u00e8ces compos\u00e9 de :<br \/>\nn\u00b0 12 assiettes plates<br \/>\nn\u00b0 12 assiettes creuses<br \/>\nn\u00b0 12 assiettes de fruits<br \/>\nn\u00b0 01 soupi\u00e8re<br \/>\nn\u00b0 01 assiette ronde<br \/>\nn\u00b0 01 assiette ovale<br \/>\nn\u00b0 01 raviera<br \/>\nn\u00b001 saladier<\/p>\n<p>Liste de prix\u00a0 \u20ac 1690,00<\/p>\n<p>PRIX AUTONOME \u20ac 676,00<\/p>\n<p>Pour voir toutes nos ventes,\u00a0<a href=\"https:\/\/www.mobilimariani.com\/fr\/search\/VENTES\">cliquez ici<\/a><\/p>\n<p>Avez-vous besoin de plus d\u2019informations?<\/p>\n<p><a href=\"https:\/\/www.mobilimariani.com\/fr\/contacts\/\" target=\"_blank\" rel=\"noreferrer noopener\">Cliquez ici\u00a0<\/a>\u00a0et nous vous r\u00e9pondrons<\/p>\n","protected":false},"excerpt":{"rendered":"VENTE AVEC ENSEMBLE DE PLAT SAINT GEORGES LIMOGES FRANCE ISABELLA 41 PI\u00c8CES Service de table SAINT GEORGES LIMOGES FRANCE ISABELLA 41 pi\u00e8ces compos\u00e9 de : n\u00b0 12 assiettes plates n\u00b0 12 assiettes creuses n\u00b0 12 assiettes de fruits n\u00b0 01 soupi\u00e8re n\u00b0 01 assiette ronde n\u00b0 01 assiette ovale n\u00b0 01 raviera n\u00b001 saladier Liste&#8230; <a class=\"view-article\" href=\"https:\/\/www.mobilimariani.com\/fr\/vente-avec-ensemble-de-plat-saint-georges-limoges-france-isabella-41-pieces\/\">Voir l&#8217;article<\/a>","protected":false},"author":1,"featured_media":0,"comment_status":"closed","ping_status":"closed","sticky":false,"template":"","format":"standard","meta":[],"categories":[8,50,48,14,38],"tags":[],"yoast_head":"<!-- This site is optimized with the Yoast SEO plugin v16.2 - https:\/\/yoast.com\/wordpress\/plugins\/seo\/ -->\n<meta name=\"description\" content=\"VENTE AVEC ENSEMBLE DE PLAT SAINT GEORGES LIMOGES FRANCE ISABELLA 41 PI\u00c8CES Service de table SAINT GEORGES LIMOGES FRANCE ISABELLA 41 pi\u00e8ces compos\u00e9 de :\" \/>\n<meta name=\"robots\" content=\"index, follow, max-snippet:-1, max-image-preview:large, max-video-preview:-1\" \/>\n<link rel=\"canonical\" href=\"https:\/\/www.mobilimariani.com\/fr\/vente-avec-ensemble-de-plat-saint-georges-limoges-france-isabella-41-pieces\/\" \/>\n<meta property=\"og:locale\" content=\"fr_FR\" \/>\n<meta property=\"og:type\" content=\"article\" \/>\n<meta property=\"og:title\" content=\"VENTE AVEC ENSEMBLE DE PLAT SAINT GEORGES LIMOGES FRANCE ISABELLA 41 PI\u00c8CES | Mobili Mariani\" \/>\n<meta property=\"og:description\" content=\"VENTE AVEC ENSEMBLE DE PLAT SAINT GEORGES LIMOGES FRANCE ISABELLA 41 PI\u00c8CES Service de table SAINT GEORGES LIMOGES FRANCE ISABELLA 41 pi\u00e8ces compos\u00e9 de :\" \/>\n<meta property=\"og:url\" content=\"https:\/\/www.mobilimariani.com\/fr\/vente-avec-ensemble-de-plat-saint-georges-limoges-france-isabella-41-pieces\/\" \/>\n<meta property=\"og:site_name\" content=\"Mobili Mariani\" \/>\n<meta property=\"article:published_time\" content=\"2024-01-20T16:44:03+00:00\" \/>\n<meta property=\"article:modified_time\" content=\"2025-08-01T09:35:43+00:00\" \/>\n<meta name=\"twitter:label1\" content=\"Est. reading time\">\n\t<meta name=\"twitter:data1\" content=\"1 minute\">\n<script type=\"application\/ld+json\" class=\"yoast-schema-graph\">{\"@context\":\"https:\/\/schema.org\",\"@graph\":[{\"@type\":\"Organization\",\"@id\":\"https:\/\/www.mobilimariani.com\/#organization\",\"name\":\"Mobili Mariani\",\"url\":\"https:\/\/www.mobilimariani.com\/\",\"sameAs\":[],\"logo\":{\"@type\":\"ImageObject\",\"@id\":\"https:\/\/www.mobilimariani.com\/#logo\",\"inLanguage\":\"fr-CH\",\"url\":\"https:\/\/www.mobilimariani.com\/wp-content\/uploads\/2015\/12\/logo.png\",\"contentUrl\":\"https:\/\/www.mobilimariani.com\/wp-content\/uploads\/2015\/12\/logo.png\",\"width\":160,\"height\":110,\"caption\":\"Mobili Mariani\"},\"image\":{\"@id\":\"https:\/\/www.mobilimariani.com\/#logo\"}},{\"@type\":\"WebSite\",\"@id\":\"https:\/\/www.mobilimariani.com\/#website\",\"url\":\"https:\/\/www.mobilimariani.com\/\",\"name\":\"Mobili Mariani\",\"description\":\"Mobili Italia Svizzera\",\"publisher\":{\"@id\":\"https:\/\/www.mobilimariani.com\/#organization\"},\"potentialAction\":[{\"@type\":\"SearchAction\",\"target\":\"https:\/\/www.mobilimariani.com\/?s={search_term_string}\",\"query-input\":\"required name=search_term_string\"}],\"inLanguage\":\"fr-CH\"},{\"@type\":\"WebPage\",\"@id\":\"https:\/\/www.mobilimariani.com\/fr\/vente-avec-ensemble-de-plat-saint-georges-limoges-france-isabella-41-pieces\/#webpage\",\"url\":\"https:\/\/www.mobilimariani.com\/fr\/vente-avec-ensemble-de-plat-saint-georges-limoges-france-isabella-41-pieces\/\",\"name\":\"VENTE AVEC ENSEMBLE DE PLAT SAINT GEORGES LIMOGES FRANCE ISABELLA 41 PI\\u00c8CES | Mobili Mariani\",\"isPartOf\":{\"@id\":\"https:\/\/www.mobilimariani.com\/#website\"},\"datePublished\":\"2024-01-20T16:44:03+00:00\",\"dateModified\":\"2025-08-01T09:35:43+00:00\",\"description\":\"VENTE AVEC ENSEMBLE DE PLAT SAINT GEORGES LIMOGES FRANCE ISABELLA 41 PI\\u00c8CES Service de table SAINT GEORGES LIMOGES FRANCE ISABELLA 41 pi\\u00e8ces compos\\u00e9 de :\",\"breadcrumb\":{\"@id\":\"https:\/\/www.mobilimariani.com\/fr\/vente-avec-ensemble-de-plat-saint-georges-limoges-france-isabella-41-pieces\/#breadcrumb\"},\"inLanguage\":\"fr-CH\",\"potentialAction\":[{\"@type\":\"ReadAction\",\"target\":[\"https:\/\/www.mobilimariani.com\/fr\/vente-avec-ensemble-de-plat-saint-georges-limoges-france-isabella-41-pieces\/\"]}]},{\"@type\":\"BreadcrumbList\",\"@id\":\"https:\/\/www.mobilimariani.com\/fr\/vente-avec-ensemble-de-plat-saint-georges-limoges-france-isabella-41-pieces\/#breadcrumb\",\"itemListElement\":[{\"@type\":\"ListItem\",\"position\":1,\"item\":{\"@type\":\"WebPage\",\"@id\":\"https:\/\/www.mobilimariani.com\/\",\"url\":\"https:\/\/www.mobilimariani.com\/\",\"name\":\"Home\"}},{\"@type\":\"ListItem\",\"position\":2,\"item\":{\"@id\":\"https:\/\/www.mobilimariani.com\/fr\/vente-avec-ensemble-de-plat-saint-georges-limoges-france-isabella-41-pieces\/#webpage\"}}]},{\"@type\":\"Article\",\"@id\":\"https:\/\/www.mobilimariani.com\/fr\/vente-avec-ensemble-de-plat-saint-georges-limoges-france-isabella-41-pieces\/#article\",\"isPartOf\":{\"@id\":\"https:\/\/www.mobilimariani.com\/fr\/vente-avec-ensemble-de-plat-saint-georges-limoges-france-isabella-41-pieces\/#webpage\"},\"author\":{\"@id\":\"https:\/\/www.mobilimariani.com\/#\/schema\/person\/4685d9f51269134e53f988c9122315f4\"},\"headline\":\"VENTE AVEC ENSEMBLE DE PLAT SAINT GEORGES LIMOGES FRANCE ISABELLA 41 PI\\u00c8CES\",\"datePublished\":\"2024-01-20T16:44:03+00:00\",\"dateModified\":\"2025-08-01T09:35:43+00:00\",\"mainEntityOfPage\":{\"@id\":\"https:\/\/www.mobilimariani.com\/fr\/vente-avec-ensemble-de-plat-saint-georges-limoges-france-isabella-41-pieces\/#webpage\"},\"publisher\":{\"@id\":\"https:\/\/www.mobilimariani.com\/#organization\"},\"articleSection\":[\"News\",\"Offres Cuisines \",\"Offres Zone Jour\",\"Outlet\",\"Promotions\"],\"inLanguage\":\"fr-CH\"},{\"@type\":\"Person\",\"@id\":\"https:\/\/www.mobilimariani.com\/#\/schema\/person\/4685d9f51269134e53f988c9122315f4\",\"name\":\"14m4rC008\",\"image\":{\"@type\":\"ImageObject\",\"@id\":\"https:\/\/www.mobilimariani.com\/#personlogo\",\"inLanguage\":\"fr-CH\",\"url\":\"https:\/\/secure.gravatar.com\/avatar\/dfaa6e536fec7030712cf850e9ddef45?s=96&d=mm&r=g\",\"contentUrl\":\"https:\/\/secure.gravatar.com\/avatar\/dfaa6e536fec7030712cf850e9ddef45?s=96&d=mm&r=g\",\"caption\":\"14m4rC008\"}}]}<\/script>\n<!-- \/ Yoast SEO plugin. -->","_links":{"self":[{"href":"https:\/\/www.mobilimariani.com\/fr\/wp-json\/wp\/v2\/posts\/30371"}],"collection":[{"href":"https:\/\/www.mobilimariani.com\/fr\/wp-json\/wp\/v2\/posts"}],"about":[{"href":"https:\/\/www.mobilimariani.com\/fr\/wp-json\/wp\/v2\/types\/post"}],"author":[{"embeddable":true,"href":"https:\/\/www.mobilimariani.com\/fr\/wp-json\/wp\/v2\/users\/1"}],"replies":[{"embeddable":true,"href":"https:\/\/www.mobilimariani.com\/fr\/wp-json\/wp\/v2\/comments?post=30371"}],"version-history":[{"count":1,"href":"https:\/\/www.mobilimariani.com\/fr\/wp-json\/wp\/v2\/posts\/30371\/revisions"}],"predecessor-version":[{"id":30372,"href":"https:\/\/www.mobilimariani.com\/fr\/wp-json\/wp\/v2\/posts\/30371\/revisions\/30372"}],"wp:attachment":[{"href":"https:\/\/www.mobilimariani.com\/fr\/wp-json\/wp\/v2\/media?parent=30371"}],"wp:term":[{"taxonomy":"category","embeddable":true,"href":"https:\/\/www.mobilimariani.com\/fr\/wp-json\/wp\/v2\/categories?post=30371"},{"taxonomy":"post_tag","embeddable":true,"href":"https:\/\/www.mobilimariani.com\/fr\/wp-json\/wp\/v2\/tags?post=30371"}],"curies":[{"name":"wp","href":"https:\/\/api.w.org\/{rel}","templated":true}]}}