{"id":30303,"date":"2024-01-04T18:44:24","date_gmt":"2024-01-04T17:44:24","guid":{"rendered":"https:\/\/www.mobilimariani.com\/?p=30303"},"modified":"2024-12-07T11:09:25","modified_gmt":"2024-12-07T10:09:25","slug":"vente-avec-pyroflam","status":"publish","type":"post","link":"https:\/\/www.mobilimariani.com\/fr\/vente-avec-pyroflam\/","title":{"rendered":"VENTE AVEC PYROFLAM"},"content":{"rendered":"<p>VENTE AVEC PYROFLAM<\/p>\n<p>Le Pyroflam est un mat\u00e9riau enti\u00e8rement naturel et hygi\u00e9nique, une caract\u00e9ristique bien adapt\u00e9e \u00e0 une cuisine sans mati\u00e8re grasse. Pour cette raison, il convient \u00e9galement \u00e0 la pr\u00e9paration d&#8217;aliments pour enfants, depuis les premiers aliments pour b\u00e9b\u00e9s jusqu&#8217;aux recettes de croissance. De plus, sa surface lisse ne retient ni les taches ni les odeurs.<\/p>\n<p>Cocotte d. cm. 16 avec poign\u00e9e\u00a0 \u00a0Liste de prix\u00a0 \u00a0\u20ac 43,00\u00a0 \u00a0<strong>PRIX AUTONOME\u00a0 \u00a0\u20ac 23,00<\/strong><\/p>\n<p>Cocotte d. cm. 16 avec couvercle \u00a0 Liste de prix\u00a0 \u00a0\u20ac 43,00\u00a0 \u00a0<strong>PRIX AUTONOME\u00a0 \u00a0\u20ac 23,00<\/strong><\/p>\n<p>Cocotte d. cm. 18 avec couvercle \u00a0 Liste de prix\u00a0 \u00a0\u20ac 49,00\u00a0 \u00a0<strong>PRIX AUTONOME\u00a0 \u00a0\u20ac 26,00<\/strong><\/p>\n<p>Po\u00eale cm. 31\u00a0 \u00a0Liste de prix\u00a0 \u00a0\u20ac 35,00\u00a0 \u00a0<strong>PRIX AUTONOME\u00a0 \u00a0\u20ac 19,00<\/strong><\/p>\n<p>Po\u00eale cm. 35\u00a0 \u00a0Liste de prix\u00a0 \u00a0\u20ac 46,00\u00a0 \u00a0<strong>PRIX AUTONOME\u00a0 \u00a0\u20ac 25,00<\/strong><\/p>\n<p>Po\u00eale cm. 39\u00a0 \u00a0Liste de prix\u00a0 \u00a0\u20ac 53,00\u00a0 \u00a0<strong>PRIX AUTONOME\u00a0 \u00a0\u20ac 29,00<\/strong><\/p>\n<p>Pour voir toutes nos ventes,\u00a0<a href=\"https:\/\/www.mobilimariani.com\/fr\/search\/VENTES\">cliquez ici<\/a><\/p>\n<p>Avez-vous besoin de plus d\u2019informations?<\/p>\n<p><a href=\"https:\/\/www.mobilimariani.com\/fr\/contacts\/\" target=\"_blank\" rel=\"noreferrer noopener\">Cliquez ici\u00a0<\/a>\u00a0et nous vous r\u00e9pondrons<\/p>\n","protected":false},"excerpt":{"rendered":"VENTE AVEC PYROFLAM Le Pyroflam est un mat\u00e9riau enti\u00e8rement naturel et hygi\u00e9nique, une caract\u00e9ristique bien adapt\u00e9e \u00e0 une cuisine sans mati\u00e8re grasse. Pour cette raison, il convient \u00e9galement \u00e0 la pr\u00e9paration d&#8217;aliments pour enfants, depuis les premiers aliments pour b\u00e9b\u00e9s jusqu&#8217;aux recettes de croissance. De plus, sa surface lisse ne retient ni les taches ni&#8230; <a class=\"view-article\" href=\"https:\/\/www.mobilimariani.com\/fr\/vente-avec-pyroflam\/\">Voir l&#8217;article<\/a>","protected":false},"author":1,"featured_media":0,"comment_status":"closed","ping_status":"closed","sticky":false,"template":"","format":"standard","meta":[],"categories":[8,50,14,38],"tags":[],"yoast_head":"<!-- This site is optimized with the Yoast SEO plugin v16.2 - https:\/\/yoast.com\/wordpress\/plugins\/seo\/ -->\n<meta name=\"description\" content=\"VENTE AVEC PYROFLAM Le Pyroflam est un mat\u00e9riau enti\u00e8rement naturel et hygi\u00e9nique, une caract\u00e9ristique bien adapt\u00e9e \u00e0 une cuisine sans mati\u00e8re grasse.\" \/>\n<meta name=\"robots\" content=\"index, follow, max-snippet:-1, max-image-preview:large, max-video-preview:-1\" \/>\n<link rel=\"canonical\" href=\"https:\/\/www.mobilimariani.com\/fr\/vente-avec-pyroflam\/\" \/>\n<meta property=\"og:locale\" content=\"fr_FR\" \/>\n<meta property=\"og:type\" content=\"article\" \/>\n<meta property=\"og:title\" content=\"VENTE AVEC PYROFLAM | Mobili Mariani\" \/>\n<meta property=\"og:description\" content=\"VENTE AVEC PYROFLAM Le Pyroflam est un mat\u00e9riau enti\u00e8rement naturel et hygi\u00e9nique, une caract\u00e9ristique bien adapt\u00e9e \u00e0 une cuisine sans mati\u00e8re grasse.\" \/>\n<meta property=\"og:url\" content=\"https:\/\/www.mobilimariani.com\/fr\/vente-avec-pyroflam\/\" \/>\n<meta property=\"og:site_name\" content=\"Mobili Mariani\" \/>\n<meta property=\"article:published_time\" content=\"2024-01-04T17:44:24+00:00\" \/>\n<meta property=\"article:modified_time\" content=\"2024-12-07T10:09:25+00:00\" \/>\n<meta name=\"twitter:label1\" content=\"Est. reading time\">\n\t<meta name=\"twitter:data1\" content=\"1 minute\">\n<script type=\"application\/ld+json\" class=\"yoast-schema-graph\">{\"@context\":\"https:\/\/schema.org\",\"@graph\":[{\"@type\":\"Organization\",\"@id\":\"https:\/\/www.mobilimariani.com\/#organization\",\"name\":\"Mobili Mariani\",\"url\":\"https:\/\/www.mobilimariani.com\/\",\"sameAs\":[],\"logo\":{\"@type\":\"ImageObject\",\"@id\":\"https:\/\/www.mobilimariani.com\/#logo\",\"inLanguage\":\"fr-CH\",\"url\":\"https:\/\/www.mobilimariani.com\/wp-content\/uploads\/2015\/12\/logo.png\",\"contentUrl\":\"https:\/\/www.mobilimariani.com\/wp-content\/uploads\/2015\/12\/logo.png\",\"width\":160,\"height\":110,\"caption\":\"Mobili Mariani\"},\"image\":{\"@id\":\"https:\/\/www.mobilimariani.com\/#logo\"}},{\"@type\":\"WebSite\",\"@id\":\"https:\/\/www.mobilimariani.com\/#website\",\"url\":\"https:\/\/www.mobilimariani.com\/\",\"name\":\"Mobili Mariani\",\"description\":\"Mobili Italia Svizzera\",\"publisher\":{\"@id\":\"https:\/\/www.mobilimariani.com\/#organization\"},\"potentialAction\":[{\"@type\":\"SearchAction\",\"target\":\"https:\/\/www.mobilimariani.com\/?s={search_term_string}\",\"query-input\":\"required name=search_term_string\"}],\"inLanguage\":\"fr-CH\"},{\"@type\":\"WebPage\",\"@id\":\"https:\/\/www.mobilimariani.com\/fr\/vente-avec-pyroflam\/#webpage\",\"url\":\"https:\/\/www.mobilimariani.com\/fr\/vente-avec-pyroflam\/\",\"name\":\"VENTE AVEC PYROFLAM | Mobili Mariani\",\"isPartOf\":{\"@id\":\"https:\/\/www.mobilimariani.com\/#website\"},\"datePublished\":\"2024-01-04T17:44:24+00:00\",\"dateModified\":\"2024-12-07T10:09:25+00:00\",\"description\":\"VENTE AVEC PYROFLAM Le Pyroflam est un mat\\u00e9riau enti\\u00e8rement naturel et hygi\\u00e9nique, une caract\\u00e9ristique bien adapt\\u00e9e \\u00e0 une cuisine sans mati\\u00e8re grasse.\",\"breadcrumb\":{\"@id\":\"https:\/\/www.mobilimariani.com\/fr\/vente-avec-pyroflam\/#breadcrumb\"},\"inLanguage\":\"fr-CH\",\"potentialAction\":[{\"@type\":\"ReadAction\",\"target\":[\"https:\/\/www.mobilimariani.com\/fr\/vente-avec-pyroflam\/\"]}]},{\"@type\":\"BreadcrumbList\",\"@id\":\"https:\/\/www.mobilimariani.com\/fr\/vente-avec-pyroflam\/#breadcrumb\",\"itemListElement\":[{\"@type\":\"ListItem\",\"position\":1,\"item\":{\"@type\":\"WebPage\",\"@id\":\"https:\/\/www.mobilimariani.com\/\",\"url\":\"https:\/\/www.mobilimariani.com\/\",\"name\":\"Home\"}},{\"@type\":\"ListItem\",\"position\":2,\"item\":{\"@id\":\"https:\/\/www.mobilimariani.com\/fr\/vente-avec-pyroflam\/#webpage\"}}]},{\"@type\":\"Article\",\"@id\":\"https:\/\/www.mobilimariani.com\/fr\/vente-avec-pyroflam\/#article\",\"isPartOf\":{\"@id\":\"https:\/\/www.mobilimariani.com\/fr\/vente-avec-pyroflam\/#webpage\"},\"author\":{\"@id\":\"https:\/\/www.mobilimariani.com\/#\/schema\/person\/4685d9f51269134e53f988c9122315f4\"},\"headline\":\"VENTE AVEC PYROFLAM\",\"datePublished\":\"2024-01-04T17:44:24+00:00\",\"dateModified\":\"2024-12-07T10:09:25+00:00\",\"mainEntityOfPage\":{\"@id\":\"https:\/\/www.mobilimariani.com\/fr\/vente-avec-pyroflam\/#webpage\"},\"publisher\":{\"@id\":\"https:\/\/www.mobilimariani.com\/#organization\"},\"articleSection\":[\"News\",\"Offres Cuisines \",\"Outlet\",\"Promotions\"],\"inLanguage\":\"fr-CH\"},{\"@type\":\"Person\",\"@id\":\"https:\/\/www.mobilimariani.com\/#\/schema\/person\/4685d9f51269134e53f988c9122315f4\",\"name\":\"14m4rC008\",\"image\":{\"@type\":\"ImageObject\",\"@id\":\"https:\/\/www.mobilimariani.com\/#personlogo\",\"inLanguage\":\"fr-CH\",\"url\":\"https:\/\/secure.gravatar.com\/avatar\/dfaa6e536fec7030712cf850e9ddef45?s=96&d=mm&r=g\",\"contentUrl\":\"https:\/\/secure.gravatar.com\/avatar\/dfaa6e536fec7030712cf850e9ddef45?s=96&d=mm&r=g\",\"caption\":\"14m4rC008\"}}]}<\/script>\n<!-- \/ Yoast SEO plugin. -->","_links":{"self":[{"href":"https:\/\/www.mobilimariani.com\/fr\/wp-json\/wp\/v2\/posts\/30303"}],"collection":[{"href":"https:\/\/www.mobilimariani.com\/fr\/wp-json\/wp\/v2\/posts"}],"about":[{"href":"https:\/\/www.mobilimariani.com\/fr\/wp-json\/wp\/v2\/types\/post"}],"author":[{"embeddable":true,"href":"https:\/\/www.mobilimariani.com\/fr\/wp-json\/wp\/v2\/users\/1"}],"replies":[{"embeddable":true,"href":"https:\/\/www.mobilimariani.com\/fr\/wp-json\/wp\/v2\/comments?post=30303"}],"version-history":[{"count":1,"href":"https:\/\/www.mobilimariani.com\/fr\/wp-json\/wp\/v2\/posts\/30303\/revisions"}],"predecessor-version":[{"id":30304,"href":"https:\/\/www.mobilimariani.com\/fr\/wp-json\/wp\/v2\/posts\/30303\/revisions\/30304"}],"wp:attachment":[{"href":"https:\/\/www.mobilimariani.com\/fr\/wp-json\/wp\/v2\/media?parent=30303"}],"wp:term":[{"taxonomy":"category","embeddable":true,"href":"https:\/\/www.mobilimariani.com\/fr\/wp-json\/wp\/v2\/categories?post=30303"},{"taxonomy":"post_tag","embeddable":true,"href":"https:\/\/www.mobilimariani.com\/fr\/wp-json\/wp\/v2\/tags?post=30303"}],"curies":[{"name":"wp","href":"https:\/\/api.w.org\/{rel}","templated":true}]}}