{"id":30295,"date":"2024-01-04T16:41:52","date_gmt":"2024-01-04T15:41:52","guid":{"rendered":"https:\/\/www.mobilimariani.com\/?p=30295"},"modified":"2025-09-13T10:41:02","modified_gmt":"2025-09-13T08:41:02","slug":"vente-avec-lampadaire-sole-antonangeli-fornasetti","status":"publish","type":"post","link":"https:\/\/www.mobilimariani.com\/fr\/vente-avec-lampadaire-sole-antonangeli-fornasetti\/","title":{"rendered":"VENTE AVEC LAMPADAIRE SOLE ANTONANGELI FORNASETTI"},"content":{"rendered":"<p>VENTE AVEC LAMPADAIRE SOLE ANTONANGELI FORNASETTI &#8211; VENDU<\/p>\n<p>Lampadaire \u00ab Sole \u00bb con\u00e7u par le c\u00e9l\u00e8bre designer italien Piero Fornasetti (Milan, 10 novembre 1913 \u2013 Milan, 15 octobre 1988) pour Antonangeli illuminazioni, compos\u00e9 d&#8217;un abat-jour rond en verre avec une lithographie imprim\u00e9e reproduisant un visage en forme de soleil.<\/p>\n<p>Verres lenticulaires<\/p>\n<p>Tige et base recouvertes de feuilles d&#8217;or<\/p>\n<p>\u00c9lectrification : 150W max<\/p>\n<p>Liste de prix\u00a0 \u20ac VENDU<\/p>\n<p>PRIX AUTONOME \u20ac VENDU<\/p>\n<p>Pour voir toutes nos ventes,\u00a0<a href=\"https:\/\/www.mobilimariani.com\/fr\/search\/VENTES\">cliquez ici<\/a><\/p>\n<p>Avez-vous besoin de plus d\u2019informations?<\/p>\n<p><a href=\"https:\/\/www.mobilimariani.com\/fr\/contacts\/\" target=\"_blank\" rel=\"noreferrer noopener\">Cliquez ici\u00a0<\/a>\u00a0et nous vous r\u00e9pondrons<\/p>\n","protected":false},"excerpt":{"rendered":"VENTE AVEC LAMPADAIRE SOLE ANTONANGELI FORNASETTI &#8211; VENDU Lampadaire \u00ab Sole \u00bb con\u00e7u par le c\u00e9l\u00e8bre designer italien Piero Fornasetti (Milan, 10 novembre 1913 \u2013 Milan, 15 octobre 1988) pour Antonangeli illuminazioni, compos\u00e9 d&#8217;un abat-jour rond en verre avec une lithographie imprim\u00e9e reproduisant un visage en forme de soleil. Verres lenticulaires Tige et base recouvertes&#8230; <a class=\"view-article\" href=\"https:\/\/www.mobilimariani.com\/fr\/vente-avec-lampadaire-sole-antonangeli-fornasetti\/\">Voir l&#8217;article<\/a>","protected":false},"author":1,"featured_media":0,"comment_status":"closed","ping_status":"closed","sticky":false,"template":"","format":"standard","meta":[],"categories":[8,50,48,49,14,38],"tags":[],"yoast_head":"<!-- This site is optimized with the Yoast SEO plugin v16.2 - https:\/\/yoast.com\/wordpress\/plugins\/seo\/ -->\n<meta name=\"description\" content=\"VENTE AVEC LAMPADAIRE SOLE ANTONANGELI FORNASETTI - VENDU Lampadaire \u00ab Sole \u00bb con\u00e7u par le c\u00e9l\u00e8bre designer italien Piero Fornasetti (Milan, 10 novembre\" \/>\n<meta name=\"robots\" content=\"index, follow, max-snippet:-1, max-image-preview:large, max-video-preview:-1\" \/>\n<link rel=\"canonical\" href=\"https:\/\/www.mobilimariani.com\/fr\/vente-avec-lampadaire-sole-antonangeli-fornasetti\/\" \/>\n<meta property=\"og:locale\" content=\"fr_FR\" \/>\n<meta property=\"og:type\" content=\"article\" \/>\n<meta property=\"og:title\" content=\"VENTE AVEC LAMPADAIRE SOLE ANTONANGELI FORNASETTI | Mobili Mariani\" \/>\n<meta property=\"og:description\" content=\"VENTE AVEC LAMPADAIRE SOLE ANTONANGELI FORNASETTI - VENDU Lampadaire \u00ab Sole \u00bb con\u00e7u par le c\u00e9l\u00e8bre designer italien Piero Fornasetti (Milan, 10 novembre\" \/>\n<meta property=\"og:url\" content=\"https:\/\/www.mobilimariani.com\/fr\/vente-avec-lampadaire-sole-antonangeli-fornasetti\/\" \/>\n<meta property=\"og:site_name\" content=\"Mobili Mariani\" \/>\n<meta property=\"article:published_time\" content=\"2024-01-04T15:41:52+00:00\" \/>\n<meta property=\"article:modified_time\" content=\"2025-09-13T08:41:02+00:00\" \/>\n<meta name=\"twitter:label1\" content=\"Est. reading time\">\n\t<meta name=\"twitter:data1\" content=\"1 minute\">\n<script type=\"application\/ld+json\" class=\"yoast-schema-graph\">{\"@context\":\"https:\/\/schema.org\",\"@graph\":[{\"@type\":\"Organization\",\"@id\":\"https:\/\/www.mobilimariani.com\/#organization\",\"name\":\"Mobili Mariani\",\"url\":\"https:\/\/www.mobilimariani.com\/\",\"sameAs\":[],\"logo\":{\"@type\":\"ImageObject\",\"@id\":\"https:\/\/www.mobilimariani.com\/#logo\",\"inLanguage\":\"fr-CH\",\"url\":\"https:\/\/www.mobilimariani.com\/wp-content\/uploads\/2015\/12\/logo.png\",\"contentUrl\":\"https:\/\/www.mobilimariani.com\/wp-content\/uploads\/2015\/12\/logo.png\",\"width\":160,\"height\":110,\"caption\":\"Mobili Mariani\"},\"image\":{\"@id\":\"https:\/\/www.mobilimariani.com\/#logo\"}},{\"@type\":\"WebSite\",\"@id\":\"https:\/\/www.mobilimariani.com\/#website\",\"url\":\"https:\/\/www.mobilimariani.com\/\",\"name\":\"Mobili Mariani\",\"description\":\"Mobili Italia Svizzera\",\"publisher\":{\"@id\":\"https:\/\/www.mobilimariani.com\/#organization\"},\"potentialAction\":[{\"@type\":\"SearchAction\",\"target\":\"https:\/\/www.mobilimariani.com\/?s={search_term_string}\",\"query-input\":\"required name=search_term_string\"}],\"inLanguage\":\"fr-CH\"},{\"@type\":\"WebPage\",\"@id\":\"https:\/\/www.mobilimariani.com\/fr\/vente-avec-lampadaire-sole-antonangeli-fornasetti\/#webpage\",\"url\":\"https:\/\/www.mobilimariani.com\/fr\/vente-avec-lampadaire-sole-antonangeli-fornasetti\/\",\"name\":\"VENTE AVEC LAMPADAIRE SOLE ANTONANGELI FORNASETTI | Mobili Mariani\",\"isPartOf\":{\"@id\":\"https:\/\/www.mobilimariani.com\/#website\"},\"datePublished\":\"2024-01-04T15:41:52+00:00\",\"dateModified\":\"2025-09-13T08:41:02+00:00\",\"description\":\"VENTE AVEC LAMPADAIRE SOLE ANTONANGELI FORNASETTI - VENDU Lampadaire \\u00ab Sole \\u00bb con\\u00e7u par le c\\u00e9l\\u00e8bre designer italien Piero Fornasetti (Milan, 10 novembre\",\"breadcrumb\":{\"@id\":\"https:\/\/www.mobilimariani.com\/fr\/vente-avec-lampadaire-sole-antonangeli-fornasetti\/#breadcrumb\"},\"inLanguage\":\"fr-CH\",\"potentialAction\":[{\"@type\":\"ReadAction\",\"target\":[\"https:\/\/www.mobilimariani.com\/fr\/vente-avec-lampadaire-sole-antonangeli-fornasetti\/\"]}]},{\"@type\":\"BreadcrumbList\",\"@id\":\"https:\/\/www.mobilimariani.com\/fr\/vente-avec-lampadaire-sole-antonangeli-fornasetti\/#breadcrumb\",\"itemListElement\":[{\"@type\":\"ListItem\",\"position\":1,\"item\":{\"@type\":\"WebPage\",\"@id\":\"https:\/\/www.mobilimariani.com\/\",\"url\":\"https:\/\/www.mobilimariani.com\/\",\"name\":\"Home\"}},{\"@type\":\"ListItem\",\"position\":2,\"item\":{\"@id\":\"https:\/\/www.mobilimariani.com\/fr\/vente-avec-lampadaire-sole-antonangeli-fornasetti\/#webpage\"}}]},{\"@type\":\"Article\",\"@id\":\"https:\/\/www.mobilimariani.com\/fr\/vente-avec-lampadaire-sole-antonangeli-fornasetti\/#article\",\"isPartOf\":{\"@id\":\"https:\/\/www.mobilimariani.com\/fr\/vente-avec-lampadaire-sole-antonangeli-fornasetti\/#webpage\"},\"author\":{\"@id\":\"https:\/\/www.mobilimariani.com\/#\/schema\/person\/4685d9f51269134e53f988c9122315f4\"},\"headline\":\"VENTE AVEC LAMPADAIRE SOLE ANTONANGELI FORNASETTI\",\"datePublished\":\"2024-01-04T15:41:52+00:00\",\"dateModified\":\"2025-09-13T08:41:02+00:00\",\"mainEntityOfPage\":{\"@id\":\"https:\/\/www.mobilimariani.com\/fr\/vente-avec-lampadaire-sole-antonangeli-fornasetti\/#webpage\"},\"publisher\":{\"@id\":\"https:\/\/www.mobilimariani.com\/#organization\"},\"articleSection\":[\"News\",\"Offres Cuisines \",\"Offres Zone Jour\",\"Offres zone nuit\",\"Outlet\",\"Promotions\"],\"inLanguage\":\"fr-CH\"},{\"@type\":\"Person\",\"@id\":\"https:\/\/www.mobilimariani.com\/#\/schema\/person\/4685d9f51269134e53f988c9122315f4\",\"name\":\"14m4rC008\",\"image\":{\"@type\":\"ImageObject\",\"@id\":\"https:\/\/www.mobilimariani.com\/#personlogo\",\"inLanguage\":\"fr-CH\",\"url\":\"https:\/\/secure.gravatar.com\/avatar\/dfaa6e536fec7030712cf850e9ddef45?s=96&d=mm&r=g\",\"contentUrl\":\"https:\/\/secure.gravatar.com\/avatar\/dfaa6e536fec7030712cf850e9ddef45?s=96&d=mm&r=g\",\"caption\":\"14m4rC008\"}}]}<\/script>\n<!-- \/ Yoast SEO plugin. -->","_links":{"self":[{"href":"https:\/\/www.mobilimariani.com\/fr\/wp-json\/wp\/v2\/posts\/30295"}],"collection":[{"href":"https:\/\/www.mobilimariani.com\/fr\/wp-json\/wp\/v2\/posts"}],"about":[{"href":"https:\/\/www.mobilimariani.com\/fr\/wp-json\/wp\/v2\/types\/post"}],"author":[{"embeddable":true,"href":"https:\/\/www.mobilimariani.com\/fr\/wp-json\/wp\/v2\/users\/1"}],"replies":[{"embeddable":true,"href":"https:\/\/www.mobilimariani.com\/fr\/wp-json\/wp\/v2\/comments?post=30295"}],"version-history":[{"count":3,"href":"https:\/\/www.mobilimariani.com\/fr\/wp-json\/wp\/v2\/posts\/30295\/revisions"}],"predecessor-version":[{"id":32924,"href":"https:\/\/www.mobilimariani.com\/fr\/wp-json\/wp\/v2\/posts\/30295\/revisions\/32924"}],"wp:attachment":[{"href":"https:\/\/www.mobilimariani.com\/fr\/wp-json\/wp\/v2\/media?parent=30295"}],"wp:term":[{"taxonomy":"category","embeddable":true,"href":"https:\/\/www.mobilimariani.com\/fr\/wp-json\/wp\/v2\/categories?post=30295"},{"taxonomy":"post_tag","embeddable":true,"href":"https:\/\/www.mobilimariani.com\/fr\/wp-json\/wp\/v2\/tags?post=30295"}],"curies":[{"name":"wp","href":"https:\/\/api.w.org\/{rel}","templated":true}]}}