{"id":30224,"date":"2024-01-02T18:24:06","date_gmt":"2024-01-02T17:24:06","guid":{"rendered":"https:\/\/www.mobilimariani.com\/?p=30224"},"modified":"2025-08-01T12:10:05","modified_gmt":"2025-08-01T10:10:05","slug":"ventes-avec-lema-armoire-naica-lema","status":"publish","type":"post","link":"https:\/\/www.mobilimariani.com\/fr\/ventes-avec-lema-armoire-naica-lema\/","title":{"rendered":"VENTES AVEC LEMA ARMOIRE NAICA LEMA"},"content":{"rendered":"<p>VENTES AVEC LEMA ARMOIRE NAICA LEMA<\/p>\n<p>Armoire \u00e0 portes battantes avec profil\u00e9s anti-poussi\u00e8re sur la structure et les portes<\/p>\n<p>Complet avec \u00e9quipement interne.<\/p>\n<p>\u00c9tag\u00e8re \u00e0 chaussures amovible ins\u00e9r\u00e9e dans l&#8217;\u00e9l\u00e9ment \u00e9quip\u00e9 d&#8217;AIR CLEANING SYSTEM<\/p>\n<p><span style=\"font-weight: 400;\">LEMA Air Cleaning System gr\u00e2ce \u00e0 l\u2019interaction d\u2019une nanotechnologie avec une lampe UV sp\u00e9ciale, le syst\u00e8me de purification d\u2019air LEMA g\u00e9n\u00e8re une r\u00e9action photochimique qui permet de d\u00e9truire les substances polluantes, les bact\u00e9ries et les moisissures avec un principe actif naturel, purifiant ainsi l\u2019int\u00e9rieur de la garde-robe et de r\u00e9duire les mauvaises odeurs pr\u00e9sentes sur les v\u00eatements et les chaussures qui sont stock\u00e9s \u00e0 plus de 90%. \u00c0 la base, la technologie brevet\u00e9e d\u2019oxydation photocatalytique d\u00e9velopp\u00e9e pour l\u2019assainissement des environnements a\u00e9rospatiaux.<\/span><\/p>\n<p>Mesures: cm. 204 x 61,4 p x 262,4 h<\/p>\n<p>L&#8217;armoire propos\u00e9e est r\u00e9alis\u00e9e dans la version laqu\u00e9e mat Pepe \u00e0 l&#8217;ext\u00e9rieur et m\u00e9lamin\u00e9 Larice \u00e0 l&#8217;int\u00e9rieur.<\/p>\n<p>Liste de prix \u20ac 6.330,00<\/p>\n<h3><strong>PRIX AUTONOME \u20ac 3.798,00<\/strong><\/h3>\n<p>Pour nos clients suisses, il sera d\u00e9duit l\u2019I.V.A. italienne<\/p>\n<p>Pour voir toutes nos ventes,\u00a0<a href=\"https:\/\/www.mobilimariani.com\/fr\/search\/VENTES\">cliquez ici<\/a><\/p>\n<p>Avez-vous besoin de plus d\u2019informations?<\/p>\n<p><a href=\"https:\/\/www.mobilimariani.com\/fr\/contacts\/\" target=\"_blank\" rel=\"noreferrer noopener\">Cliquez ici\u00a0<\/a>\u00a0et nous vous r\u00e9pondrons<\/p>\n","protected":false},"excerpt":{"rendered":"VENTES AVEC LEMA ARMOIRE NAICA LEMA Armoire \u00e0 portes battantes avec profil\u00e9s anti-poussi\u00e8re sur la structure et les portes Complet avec \u00e9quipement interne. \u00c9tag\u00e8re \u00e0 chaussures amovible ins\u00e9r\u00e9e dans l&#8217;\u00e9l\u00e9ment \u00e9quip\u00e9 d&#8217;AIR CLEANING SYSTEM LEMA Air Cleaning System gr\u00e2ce \u00e0 l\u2019interaction d\u2019une nanotechnologie avec une lampe UV sp\u00e9ciale, le syst\u00e8me de purification d\u2019air LEMA g\u00e9n\u00e8re&#8230; <a class=\"view-article\" href=\"https:\/\/www.mobilimariani.com\/fr\/ventes-avec-lema-armoire-naica-lema\/\">Voir l&#8217;article<\/a>","protected":false},"author":1,"featured_media":0,"comment_status":"closed","ping_status":"closed","sticky":false,"template":"","format":"standard","meta":[],"categories":[8,49,14,38],"tags":[],"yoast_head":"<!-- This site is optimized with the Yoast SEO plugin v16.2 - https:\/\/yoast.com\/wordpress\/plugins\/seo\/ -->\n<meta name=\"description\" content=\"VENTES AVEC LEMA ARMOIRE NAICA LEMA Armoire \u00e0 portes battantes avec profil\u00e9s anti-poussi\u00e8re sur la structure et les portes Complet avec \u00e9quipement\" \/>\n<meta name=\"robots\" content=\"index, follow, max-snippet:-1, max-image-preview:large, max-video-preview:-1\" \/>\n<link rel=\"canonical\" href=\"https:\/\/www.mobilimariani.com\/fr\/ventes-avec-lema-armoire-naica-lema\/\" \/>\n<meta property=\"og:locale\" content=\"fr_FR\" \/>\n<meta property=\"og:type\" content=\"article\" \/>\n<meta property=\"og:title\" content=\"VENTES AVEC LEMA ARMOIRE NAICA LEMA | Mobili Mariani\" \/>\n<meta property=\"og:description\" content=\"VENTES AVEC LEMA ARMOIRE NAICA LEMA Armoire \u00e0 portes battantes avec profil\u00e9s anti-poussi\u00e8re sur la structure et les portes Complet avec \u00e9quipement\" \/>\n<meta property=\"og:url\" content=\"https:\/\/www.mobilimariani.com\/fr\/ventes-avec-lema-armoire-naica-lema\/\" \/>\n<meta property=\"og:site_name\" content=\"Mobili Mariani\" \/>\n<meta property=\"article:published_time\" content=\"2024-01-02T17:24:06+00:00\" \/>\n<meta property=\"article:modified_time\" content=\"2025-08-01T10:10:05+00:00\" \/>\n<meta name=\"twitter:label1\" content=\"Est. reading time\">\n\t<meta name=\"twitter:data1\" content=\"1 minute\">\n<script type=\"application\/ld+json\" class=\"yoast-schema-graph\">{\"@context\":\"https:\/\/schema.org\",\"@graph\":[{\"@type\":\"Organization\",\"@id\":\"https:\/\/www.mobilimariani.com\/#organization\",\"name\":\"Mobili Mariani\",\"url\":\"https:\/\/www.mobilimariani.com\/\",\"sameAs\":[],\"logo\":{\"@type\":\"ImageObject\",\"@id\":\"https:\/\/www.mobilimariani.com\/#logo\",\"inLanguage\":\"fr-CH\",\"url\":\"https:\/\/www.mobilimariani.com\/wp-content\/uploads\/2015\/12\/logo.png\",\"contentUrl\":\"https:\/\/www.mobilimariani.com\/wp-content\/uploads\/2015\/12\/logo.png\",\"width\":160,\"height\":110,\"caption\":\"Mobili Mariani\"},\"image\":{\"@id\":\"https:\/\/www.mobilimariani.com\/#logo\"}},{\"@type\":\"WebSite\",\"@id\":\"https:\/\/www.mobilimariani.com\/#website\",\"url\":\"https:\/\/www.mobilimariani.com\/\",\"name\":\"Mobili Mariani\",\"description\":\"Mobili Italia Svizzera\",\"publisher\":{\"@id\":\"https:\/\/www.mobilimariani.com\/#organization\"},\"potentialAction\":[{\"@type\":\"SearchAction\",\"target\":\"https:\/\/www.mobilimariani.com\/?s={search_term_string}\",\"query-input\":\"required name=search_term_string\"}],\"inLanguage\":\"fr-CH\"},{\"@type\":\"WebPage\",\"@id\":\"https:\/\/www.mobilimariani.com\/fr\/ventes-avec-lema-armoire-naica-lema\/#webpage\",\"url\":\"https:\/\/www.mobilimariani.com\/fr\/ventes-avec-lema-armoire-naica-lema\/\",\"name\":\"VENTES AVEC LEMA ARMOIRE NAICA LEMA | Mobili Mariani\",\"isPartOf\":{\"@id\":\"https:\/\/www.mobilimariani.com\/#website\"},\"datePublished\":\"2024-01-02T17:24:06+00:00\",\"dateModified\":\"2025-08-01T10:10:05+00:00\",\"description\":\"VENTES AVEC LEMA ARMOIRE NAICA LEMA Armoire \\u00e0 portes battantes avec profil\\u00e9s anti-poussi\\u00e8re sur la structure et les portes Complet avec \\u00e9quipement\",\"breadcrumb\":{\"@id\":\"https:\/\/www.mobilimariani.com\/fr\/ventes-avec-lema-armoire-naica-lema\/#breadcrumb\"},\"inLanguage\":\"fr-CH\",\"potentialAction\":[{\"@type\":\"ReadAction\",\"target\":[\"https:\/\/www.mobilimariani.com\/fr\/ventes-avec-lema-armoire-naica-lema\/\"]}]},{\"@type\":\"BreadcrumbList\",\"@id\":\"https:\/\/www.mobilimariani.com\/fr\/ventes-avec-lema-armoire-naica-lema\/#breadcrumb\",\"itemListElement\":[{\"@type\":\"ListItem\",\"position\":1,\"item\":{\"@type\":\"WebPage\",\"@id\":\"https:\/\/www.mobilimariani.com\/\",\"url\":\"https:\/\/www.mobilimariani.com\/\",\"name\":\"Home\"}},{\"@type\":\"ListItem\",\"position\":2,\"item\":{\"@id\":\"https:\/\/www.mobilimariani.com\/fr\/ventes-avec-lema-armoire-naica-lema\/#webpage\"}}]},{\"@type\":\"Article\",\"@id\":\"https:\/\/www.mobilimariani.com\/fr\/ventes-avec-lema-armoire-naica-lema\/#article\",\"isPartOf\":{\"@id\":\"https:\/\/www.mobilimariani.com\/fr\/ventes-avec-lema-armoire-naica-lema\/#webpage\"},\"author\":{\"@id\":\"https:\/\/www.mobilimariani.com\/#\/schema\/person\/4685d9f51269134e53f988c9122315f4\"},\"headline\":\"VENTES AVEC LEMA ARMOIRE NAICA LEMA\",\"datePublished\":\"2024-01-02T17:24:06+00:00\",\"dateModified\":\"2025-08-01T10:10:05+00:00\",\"mainEntityOfPage\":{\"@id\":\"https:\/\/www.mobilimariani.com\/fr\/ventes-avec-lema-armoire-naica-lema\/#webpage\"},\"publisher\":{\"@id\":\"https:\/\/www.mobilimariani.com\/#organization\"},\"articleSection\":[\"News\",\"Offres zone nuit\",\"Outlet\",\"Promotions\"],\"inLanguage\":\"fr-CH\"},{\"@type\":\"Person\",\"@id\":\"https:\/\/www.mobilimariani.com\/#\/schema\/person\/4685d9f51269134e53f988c9122315f4\",\"name\":\"14m4rC008\",\"image\":{\"@type\":\"ImageObject\",\"@id\":\"https:\/\/www.mobilimariani.com\/#personlogo\",\"inLanguage\":\"fr-CH\",\"url\":\"https:\/\/secure.gravatar.com\/avatar\/dfaa6e536fec7030712cf850e9ddef45?s=96&d=mm&r=g\",\"contentUrl\":\"https:\/\/secure.gravatar.com\/avatar\/dfaa6e536fec7030712cf850e9ddef45?s=96&d=mm&r=g\",\"caption\":\"14m4rC008\"}}]}<\/script>\n<!-- \/ Yoast SEO plugin. -->","_links":{"self":[{"href":"https:\/\/www.mobilimariani.com\/fr\/wp-json\/wp\/v2\/posts\/30224"}],"collection":[{"href":"https:\/\/www.mobilimariani.com\/fr\/wp-json\/wp\/v2\/posts"}],"about":[{"href":"https:\/\/www.mobilimariani.com\/fr\/wp-json\/wp\/v2\/types\/post"}],"author":[{"embeddable":true,"href":"https:\/\/www.mobilimariani.com\/fr\/wp-json\/wp\/v2\/users\/1"}],"replies":[{"embeddable":true,"href":"https:\/\/www.mobilimariani.com\/fr\/wp-json\/wp\/v2\/comments?post=30224"}],"version-history":[{"count":2,"href":"https:\/\/www.mobilimariani.com\/fr\/wp-json\/wp\/v2\/posts\/30224\/revisions"}],"predecessor-version":[{"id":30531,"href":"https:\/\/www.mobilimariani.com\/fr\/wp-json\/wp\/v2\/posts\/30224\/revisions\/30531"}],"wp:attachment":[{"href":"https:\/\/www.mobilimariani.com\/fr\/wp-json\/wp\/v2\/media?parent=30224"}],"wp:term":[{"taxonomy":"category","embeddable":true,"href":"https:\/\/www.mobilimariani.com\/fr\/wp-json\/wp\/v2\/categories?post=30224"},{"taxonomy":"post_tag","embeddable":true,"href":"https:\/\/www.mobilimariani.com\/fr\/wp-json\/wp\/v2\/tags?post=30224"}],"curies":[{"name":"wp","href":"https:\/\/api.w.org\/{rel}","templated":true}]}}