{"id":30095,"date":"2024-12-03T16:49:17","date_gmt":"2024-12-03T15:49:17","guid":{"rendered":"https:\/\/www.mobilimariani.com\/?p=30095"},"modified":"2025-11-17T11:28:04","modified_gmt":"2025-11-17T10:28:04","slug":"vente-avec-service-a-cafe-15-pieces-scherzer-bavaria","status":"publish","type":"post","link":"https:\/\/www.mobilimariani.com\/fr\/vente-avec-service-a-cafe-15-pieces-scherzer-bavaria\/","title":{"rendered":"VENTE AVEC SERVICE \u00c0 CAF\u00c9 15 PI\u00c8CES SCHERZER BAVARIA"},"content":{"rendered":"<p>VENTE AVEC SERVICE \u00c0 CAF\u00c9 15 PI\u00c8CES SCHERZER BAVARIA<\/p>\n<p>Service \u00e0 caf\u00e9 SCHERZER BAVARIA 15 pi\u00e8ces compos\u00e9 de :<\/p>\n<p>n\u00b0 12 tasses avec soucoupes<\/p>\n<p>n\u00b0 01 sucrier<\/p>\n<p>n\u00b0 01 pot \u00e0 lait<\/p>\n<p>n\u00b001 cafeti\u00e8re<\/p>\n<p>Liste de prix\u00a0 \u20ac.\u00a0 384,00<\/p>\n<p>PRIX AUTONOME \u20ac.\u00a0 134,00<\/p>\n<p>Pour voir toutes nos ventes,\u00a0<a href=\"https:\/\/www.mobilimariani.com\/fr\/search\/VENTES\">cliquez ici<\/a><\/p>\n<p>Avez-vous besoin de plus d\u2019informations?<\/p>\n<p><a href=\"https:\/\/www.mobilimariani.com\/fr\/contacts\/\" target=\"_blank\" rel=\"noreferrer noopener\">Cliquez ici\u00a0<\/a>\u00a0et nous vous r\u00e9pondrons<\/p>\n","protected":false},"excerpt":{"rendered":"VENTE AVEC SERVICE \u00c0 CAF\u00c9 15 PI\u00c8CES SCHERZER BAVARIA Service \u00e0 caf\u00e9 SCHERZER BAVARIA 15 pi\u00e8ces compos\u00e9 de : n\u00b0 12 tasses avec soucoupes n\u00b0 01 sucrier n\u00b0 01 pot \u00e0 lait n\u00b001 cafeti\u00e8re Liste de prix\u00a0 \u20ac.\u00a0 384,00 PRIX AUTONOME \u20ac.\u00a0 134,00 Pour voir toutes nos ventes,\u00a0cliquez ici Avez-vous besoin de plus d\u2019informations? Cliquez&#8230; <a class=\"view-article\" href=\"https:\/\/www.mobilimariani.com\/fr\/vente-avec-service-a-cafe-15-pieces-scherzer-bavaria\/\">Voir l&#8217;article<\/a>","protected":false},"author":1,"featured_media":0,"comment_status":"closed","ping_status":"closed","sticky":false,"template":"","format":"standard","meta":[],"categories":[8,50,48,14,38],"tags":[],"yoast_head":"<!-- This site is optimized with the Yoast SEO plugin v16.2 - https:\/\/yoast.com\/wordpress\/plugins\/seo\/ -->\n<meta name=\"description\" content=\"VENTE AVEC SERVICE \u00c0 CAF\u00c9 15 PI\u00c8CES SCHERZER BAVARIA Service \u00e0 caf\u00e9 SCHERZER BAVARIA 15 pi\u00e8ces compos\u00e9 de : n\u00b0 12 tasses avec soucoupes n\u00b0 01 sucrier n\u00b0\" \/>\n<meta name=\"robots\" content=\"index, follow, max-snippet:-1, max-image-preview:large, max-video-preview:-1\" \/>\n<link rel=\"canonical\" href=\"https:\/\/www.mobilimariani.com\/fr\/vente-avec-service-a-cafe-15-pieces-scherzer-bavaria\/\" \/>\n<meta property=\"og:locale\" content=\"fr_FR\" \/>\n<meta property=\"og:type\" content=\"article\" \/>\n<meta property=\"og:title\" content=\"VENTE AVEC SERVICE \u00c0 CAF\u00c9 15 PI\u00c8CES SCHERZER BAVARIA | Mobili Mariani\" \/>\n<meta property=\"og:description\" content=\"VENTE AVEC SERVICE \u00c0 CAF\u00c9 15 PI\u00c8CES SCHERZER BAVARIA Service \u00e0 caf\u00e9 SCHERZER BAVARIA 15 pi\u00e8ces compos\u00e9 de : n\u00b0 12 tasses avec soucoupes n\u00b0 01 sucrier n\u00b0\" \/>\n<meta property=\"og:url\" content=\"https:\/\/www.mobilimariani.com\/fr\/vente-avec-service-a-cafe-15-pieces-scherzer-bavaria\/\" \/>\n<meta property=\"og:site_name\" content=\"Mobili Mariani\" \/>\n<meta property=\"article:published_time\" content=\"2024-12-03T15:49:17+00:00\" \/>\n<meta property=\"article:modified_time\" content=\"2025-11-17T10:28:04+00:00\" \/>\n<meta name=\"twitter:label1\" content=\"Est. reading time\">\n\t<meta name=\"twitter:data1\" content=\"1 minute\">\n<script type=\"application\/ld+json\" class=\"yoast-schema-graph\">{\"@context\":\"https:\/\/schema.org\",\"@graph\":[{\"@type\":\"Organization\",\"@id\":\"https:\/\/www.mobilimariani.com\/#organization\",\"name\":\"Mobili Mariani\",\"url\":\"https:\/\/www.mobilimariani.com\/\",\"sameAs\":[],\"logo\":{\"@type\":\"ImageObject\",\"@id\":\"https:\/\/www.mobilimariani.com\/#logo\",\"inLanguage\":\"fr-CH\",\"url\":\"https:\/\/www.mobilimariani.com\/wp-content\/uploads\/2015\/12\/logo.png\",\"contentUrl\":\"https:\/\/www.mobilimariani.com\/wp-content\/uploads\/2015\/12\/logo.png\",\"width\":160,\"height\":110,\"caption\":\"Mobili Mariani\"},\"image\":{\"@id\":\"https:\/\/www.mobilimariani.com\/#logo\"}},{\"@type\":\"WebSite\",\"@id\":\"https:\/\/www.mobilimariani.com\/#website\",\"url\":\"https:\/\/www.mobilimariani.com\/\",\"name\":\"Mobili Mariani\",\"description\":\"Mobili Italia Svizzera\",\"publisher\":{\"@id\":\"https:\/\/www.mobilimariani.com\/#organization\"},\"potentialAction\":[{\"@type\":\"SearchAction\",\"target\":\"https:\/\/www.mobilimariani.com\/?s={search_term_string}\",\"query-input\":\"required name=search_term_string\"}],\"inLanguage\":\"fr-CH\"},{\"@type\":\"WebPage\",\"@id\":\"https:\/\/www.mobilimariani.com\/fr\/vente-avec-service-a-cafe-15-pieces-scherzer-bavaria\/#webpage\",\"url\":\"https:\/\/www.mobilimariani.com\/fr\/vente-avec-service-a-cafe-15-pieces-scherzer-bavaria\/\",\"name\":\"VENTE AVEC SERVICE \\u00c0 CAF\\u00c9 15 PI\\u00c8CES SCHERZER BAVARIA | Mobili Mariani\",\"isPartOf\":{\"@id\":\"https:\/\/www.mobilimariani.com\/#website\"},\"datePublished\":\"2024-12-03T15:49:17+00:00\",\"dateModified\":\"2025-11-17T10:28:04+00:00\",\"description\":\"VENTE AVEC SERVICE \\u00c0 CAF\\u00c9 15 PI\\u00c8CES SCHERZER BAVARIA Service \\u00e0 caf\\u00e9 SCHERZER BAVARIA 15 pi\\u00e8ces compos\\u00e9 de : n\\u00b0 12 tasses avec soucoupes n\\u00b0 01 sucrier n\\u00b0\",\"breadcrumb\":{\"@id\":\"https:\/\/www.mobilimariani.com\/fr\/vente-avec-service-a-cafe-15-pieces-scherzer-bavaria\/#breadcrumb\"},\"inLanguage\":\"fr-CH\",\"potentialAction\":[{\"@type\":\"ReadAction\",\"target\":[\"https:\/\/www.mobilimariani.com\/fr\/vente-avec-service-a-cafe-15-pieces-scherzer-bavaria\/\"]}]},{\"@type\":\"BreadcrumbList\",\"@id\":\"https:\/\/www.mobilimariani.com\/fr\/vente-avec-service-a-cafe-15-pieces-scherzer-bavaria\/#breadcrumb\",\"itemListElement\":[{\"@type\":\"ListItem\",\"position\":1,\"item\":{\"@type\":\"WebPage\",\"@id\":\"https:\/\/www.mobilimariani.com\/\",\"url\":\"https:\/\/www.mobilimariani.com\/\",\"name\":\"Home\"}},{\"@type\":\"ListItem\",\"position\":2,\"item\":{\"@id\":\"https:\/\/www.mobilimariani.com\/fr\/vente-avec-service-a-cafe-15-pieces-scherzer-bavaria\/#webpage\"}}]},{\"@type\":\"Article\",\"@id\":\"https:\/\/www.mobilimariani.com\/fr\/vente-avec-service-a-cafe-15-pieces-scherzer-bavaria\/#article\",\"isPartOf\":{\"@id\":\"https:\/\/www.mobilimariani.com\/fr\/vente-avec-service-a-cafe-15-pieces-scherzer-bavaria\/#webpage\"},\"author\":{\"@id\":\"https:\/\/www.mobilimariani.com\/#\/schema\/person\/4685d9f51269134e53f988c9122315f4\"},\"headline\":\"VENTE AVEC SERVICE \\u00c0 CAF\\u00c9 15 PI\\u00c8CES SCHERZER BAVARIA\",\"datePublished\":\"2024-12-03T15:49:17+00:00\",\"dateModified\":\"2025-11-17T10:28:04+00:00\",\"mainEntityOfPage\":{\"@id\":\"https:\/\/www.mobilimariani.com\/fr\/vente-avec-service-a-cafe-15-pieces-scherzer-bavaria\/#webpage\"},\"publisher\":{\"@id\":\"https:\/\/www.mobilimariani.com\/#organization\"},\"articleSection\":[\"News\",\"Offres Cuisines \",\"Offres Zone Jour\",\"Outlet\",\"Promotions\"],\"inLanguage\":\"fr-CH\"},{\"@type\":\"Person\",\"@id\":\"https:\/\/www.mobilimariani.com\/#\/schema\/person\/4685d9f51269134e53f988c9122315f4\",\"name\":\"14m4rC008\",\"image\":{\"@type\":\"ImageObject\",\"@id\":\"https:\/\/www.mobilimariani.com\/#personlogo\",\"inLanguage\":\"fr-CH\",\"url\":\"https:\/\/secure.gravatar.com\/avatar\/dfaa6e536fec7030712cf850e9ddef45?s=96&d=mm&r=g\",\"contentUrl\":\"https:\/\/secure.gravatar.com\/avatar\/dfaa6e536fec7030712cf850e9ddef45?s=96&d=mm&r=g\",\"caption\":\"14m4rC008\"}}]}<\/script>\n<!-- \/ Yoast SEO plugin. -->","_links":{"self":[{"href":"https:\/\/www.mobilimariani.com\/fr\/wp-json\/wp\/v2\/posts\/30095"}],"collection":[{"href":"https:\/\/www.mobilimariani.com\/fr\/wp-json\/wp\/v2\/posts"}],"about":[{"href":"https:\/\/www.mobilimariani.com\/fr\/wp-json\/wp\/v2\/types\/post"}],"author":[{"embeddable":true,"href":"https:\/\/www.mobilimariani.com\/fr\/wp-json\/wp\/v2\/users\/1"}],"replies":[{"embeddable":true,"href":"https:\/\/www.mobilimariani.com\/fr\/wp-json\/wp\/v2\/comments?post=30095"}],"version-history":[{"count":4,"href":"https:\/\/www.mobilimariani.com\/fr\/wp-json\/wp\/v2\/posts\/30095\/revisions"}],"predecessor-version":[{"id":33177,"href":"https:\/\/www.mobilimariani.com\/fr\/wp-json\/wp\/v2\/posts\/30095\/revisions\/33177"}],"wp:attachment":[{"href":"https:\/\/www.mobilimariani.com\/fr\/wp-json\/wp\/v2\/media?parent=30095"}],"wp:term":[{"taxonomy":"category","embeddable":true,"href":"https:\/\/www.mobilimariani.com\/fr\/wp-json\/wp\/v2\/categories?post=30095"},{"taxonomy":"post_tag","embeddable":true,"href":"https:\/\/www.mobilimariani.com\/fr\/wp-json\/wp\/v2\/tags?post=30095"}],"curies":[{"name":"wp","href":"https:\/\/api.w.org\/{rel}","templated":true}]}}