{"id":30052,"date":"2023-12-17T18:27:41","date_gmt":"2023-12-17T17:27:41","guid":{"rendered":"https:\/\/www.mobilimariani.com\/?p=30052"},"modified":"2025-08-01T11:38:45","modified_gmt":"2025-08-01T09:38:45","slug":"vente-avec-lampadaire-vesoi-ino35-ph","status":"publish","type":"post","link":"https:\/\/www.mobilimariani.com\/fr\/vente-avec-lampadaire-vesoi-ino35-ph\/","title":{"rendered":"VENTE AVEC LAMPADAIRE VESOI I\u2026NO35\/PH"},"content":{"rendered":"<p>VENTE AVEC LAMPADAIRE VESOI I\u2026NO35\/PH<\/p>\n<p>Le design du lampadaire I&#8230;NO35\/PH se caract\u00e9rise par un diffuseur en forme de d\u00f4me qui comprend un module LED.<\/p>\n<p>La lumi\u00e8re a une \u00e9mission indirecte sup\u00e9rieure, donnant aux espaces domestiques et non domestiques une atmosph\u00e8re chaleureuse et accueillante<\/p>\n<p>1800lm 3000K \u2013 230V<\/p>\n<p>Hauteur 145 cm<\/p>\n<p>Disponible uniquement en version noire<\/p>\n<p>Liste de prix\u00a0 \u20ac 470,00<\/p>\n<p>PRIX AUTONOME \u20ac 352,00<\/p>\n<p>Pour voir toutes nos lampes en vente <a href=\"https:\/\/www.mobilimariani.com\/fr\/search\/lampe\">cliquez ici<\/a><\/p>\n<p>Pour voir toutes nos ventes,\u00a0<a href=\"https:\/\/www.mobilimariani.com\/fr\/search\/VENTES\">cliquez ici<\/a><\/p>\n<p>Pour les clients r\u00e9sidant en Suisse, la TVA italienne sera d\u00e9duite<\/p>\n<p>Avez-vous besoin de plus d\u2019informations?<\/p>\n<p><a href=\"https:\/\/www.mobilimariani.com\/fr\/contacts\/\" target=\"_blank\" rel=\"noreferrer noopener\">Cliquez ici\u00a0<\/a>\u00a0et nous vous r\u00e9pondrons<\/p>\n","protected":false},"excerpt":{"rendered":"VENTE AVEC LAMPADAIRE VESOI I\u2026NO35\/PH Le design du lampadaire I&#8230;NO35\/PH se caract\u00e9rise par un diffuseur en forme de d\u00f4me qui comprend un module LED. La lumi\u00e8re a une \u00e9mission indirecte sup\u00e9rieure, donnant aux espaces domestiques et non domestiques une atmosph\u00e8re chaleureuse et accueillante 1800lm 3000K \u2013 230V Hauteur 145 cm Disponible uniquement en version noire&#8230; <a class=\"view-article\" href=\"https:\/\/www.mobilimariani.com\/fr\/vente-avec-lampadaire-vesoi-ino35-ph\/\">Voir l&#8217;article<\/a>","protected":false},"author":1,"featured_media":0,"comment_status":"closed","ping_status":"closed","sticky":false,"template":"","format":"standard","meta":[],"categories":[8,50,48,49,14,38,6,2],"tags":[],"yoast_head":"<!-- This site is optimized with the Yoast SEO plugin v16.2 - https:\/\/yoast.com\/wordpress\/plugins\/seo\/ -->\n<meta name=\"description\" content=\"VENTE AVEC LAMPADAIRE VESOI I\u2026NO35\/PH Le design du lampadaire I...NO35\/PH se caract\u00e9rise par un diffuseur en forme de d\u00f4me qui comprend un module LED. La\" \/>\n<meta name=\"robots\" content=\"index, follow, max-snippet:-1, max-image-preview:large, max-video-preview:-1\" \/>\n<link rel=\"canonical\" href=\"https:\/\/www.mobilimariani.com\/fr\/vente-avec-lampadaire-vesoi-ino35-ph\/\" \/>\n<meta property=\"og:locale\" content=\"fr_FR\" \/>\n<meta property=\"og:type\" content=\"article\" \/>\n<meta property=\"og:title\" content=\"VENTE AVEC LAMPADAIRE VESOI I\u2026NO35\/PH | Mobili Mariani\" \/>\n<meta property=\"og:description\" content=\"VENTE AVEC LAMPADAIRE VESOI I\u2026NO35\/PH Le design du lampadaire I...NO35\/PH se caract\u00e9rise par un diffuseur en forme de d\u00f4me qui comprend un module LED. La\" \/>\n<meta property=\"og:url\" content=\"https:\/\/www.mobilimariani.com\/fr\/vente-avec-lampadaire-vesoi-ino35-ph\/\" \/>\n<meta property=\"og:site_name\" content=\"Mobili Mariani\" \/>\n<meta property=\"article:published_time\" content=\"2023-12-17T17:27:41+00:00\" \/>\n<meta property=\"article:modified_time\" content=\"2025-08-01T09:38:45+00:00\" \/>\n<meta name=\"twitter:label1\" content=\"Est. reading time\">\n\t<meta name=\"twitter:data1\" content=\"1 minute\">\n<script type=\"application\/ld+json\" class=\"yoast-schema-graph\">{\"@context\":\"https:\/\/schema.org\",\"@graph\":[{\"@type\":\"Organization\",\"@id\":\"https:\/\/www.mobilimariani.com\/#organization\",\"name\":\"Mobili Mariani\",\"url\":\"https:\/\/www.mobilimariani.com\/\",\"sameAs\":[],\"logo\":{\"@type\":\"ImageObject\",\"@id\":\"https:\/\/www.mobilimariani.com\/#logo\",\"inLanguage\":\"fr-CH\",\"url\":\"https:\/\/www.mobilimariani.com\/wp-content\/uploads\/2015\/12\/logo.png\",\"contentUrl\":\"https:\/\/www.mobilimariani.com\/wp-content\/uploads\/2015\/12\/logo.png\",\"width\":160,\"height\":110,\"caption\":\"Mobili Mariani\"},\"image\":{\"@id\":\"https:\/\/www.mobilimariani.com\/#logo\"}},{\"@type\":\"WebSite\",\"@id\":\"https:\/\/www.mobilimariani.com\/#website\",\"url\":\"https:\/\/www.mobilimariani.com\/\",\"name\":\"Mobili Mariani\",\"description\":\"Mobili Italia Svizzera\",\"publisher\":{\"@id\":\"https:\/\/www.mobilimariani.com\/#organization\"},\"potentialAction\":[{\"@type\":\"SearchAction\",\"target\":\"https:\/\/www.mobilimariani.com\/?s={search_term_string}\",\"query-input\":\"required name=search_term_string\"}],\"inLanguage\":\"fr-CH\"},{\"@type\":\"WebPage\",\"@id\":\"https:\/\/www.mobilimariani.com\/fr\/vente-avec-lampadaire-vesoi-ino35-ph\/#webpage\",\"url\":\"https:\/\/www.mobilimariani.com\/fr\/vente-avec-lampadaire-vesoi-ino35-ph\/\",\"name\":\"VENTE AVEC LAMPADAIRE VESOI I\\u2026NO35\/PH | Mobili Mariani\",\"isPartOf\":{\"@id\":\"https:\/\/www.mobilimariani.com\/#website\"},\"datePublished\":\"2023-12-17T17:27:41+00:00\",\"dateModified\":\"2025-08-01T09:38:45+00:00\",\"description\":\"VENTE AVEC LAMPADAIRE VESOI I\\u2026NO35\/PH Le design du lampadaire I...NO35\/PH se caract\\u00e9rise par un diffuseur en forme de d\\u00f4me qui comprend un module LED. La\",\"breadcrumb\":{\"@id\":\"https:\/\/www.mobilimariani.com\/fr\/vente-avec-lampadaire-vesoi-ino35-ph\/#breadcrumb\"},\"inLanguage\":\"fr-CH\",\"potentialAction\":[{\"@type\":\"ReadAction\",\"target\":[\"https:\/\/www.mobilimariani.com\/fr\/vente-avec-lampadaire-vesoi-ino35-ph\/\"]}]},{\"@type\":\"BreadcrumbList\",\"@id\":\"https:\/\/www.mobilimariani.com\/fr\/vente-avec-lampadaire-vesoi-ino35-ph\/#breadcrumb\",\"itemListElement\":[{\"@type\":\"ListItem\",\"position\":1,\"item\":{\"@type\":\"WebPage\",\"@id\":\"https:\/\/www.mobilimariani.com\/\",\"url\":\"https:\/\/www.mobilimariani.com\/\",\"name\":\"Home\"}},{\"@type\":\"ListItem\",\"position\":2,\"item\":{\"@id\":\"https:\/\/www.mobilimariani.com\/fr\/vente-avec-lampadaire-vesoi-ino35-ph\/#webpage\"}}]},{\"@type\":\"Article\",\"@id\":\"https:\/\/www.mobilimariani.com\/fr\/vente-avec-lampadaire-vesoi-ino35-ph\/#article\",\"isPartOf\":{\"@id\":\"https:\/\/www.mobilimariani.com\/fr\/vente-avec-lampadaire-vesoi-ino35-ph\/#webpage\"},\"author\":{\"@id\":\"https:\/\/www.mobilimariani.com\/#\/schema\/person\/4685d9f51269134e53f988c9122315f4\"},\"headline\":\"VENTE AVEC LAMPADAIRE VESOI I\\u2026NO35\/PH\",\"datePublished\":\"2023-12-17T17:27:41+00:00\",\"dateModified\":\"2025-08-01T09:38:45+00:00\",\"mainEntityOfPage\":{\"@id\":\"https:\/\/www.mobilimariani.com\/fr\/vente-avec-lampadaire-vesoi-ino35-ph\/#webpage\"},\"publisher\":{\"@id\":\"https:\/\/www.mobilimariani.com\/#organization\"},\"articleSection\":[\"News\",\"Offres Cuisines \",\"Offres Zone Jour\",\"Offres zone nuit\",\"Outlet\",\"Promotions\",\"Salle jour\",\"Zone nuit\"],\"inLanguage\":\"fr-CH\"},{\"@type\":\"Person\",\"@id\":\"https:\/\/www.mobilimariani.com\/#\/schema\/person\/4685d9f51269134e53f988c9122315f4\",\"name\":\"14m4rC008\",\"image\":{\"@type\":\"ImageObject\",\"@id\":\"https:\/\/www.mobilimariani.com\/#personlogo\",\"inLanguage\":\"fr-CH\",\"url\":\"https:\/\/secure.gravatar.com\/avatar\/dfaa6e536fec7030712cf850e9ddef45?s=96&d=mm&r=g\",\"contentUrl\":\"https:\/\/secure.gravatar.com\/avatar\/dfaa6e536fec7030712cf850e9ddef45?s=96&d=mm&r=g\",\"caption\":\"14m4rC008\"}}]}<\/script>\n<!-- \/ Yoast SEO plugin. -->","_links":{"self":[{"href":"https:\/\/www.mobilimariani.com\/fr\/wp-json\/wp\/v2\/posts\/30052"}],"collection":[{"href":"https:\/\/www.mobilimariani.com\/fr\/wp-json\/wp\/v2\/posts"}],"about":[{"href":"https:\/\/www.mobilimariani.com\/fr\/wp-json\/wp\/v2\/types\/post"}],"author":[{"embeddable":true,"href":"https:\/\/www.mobilimariani.com\/fr\/wp-json\/wp\/v2\/users\/1"}],"replies":[{"embeddable":true,"href":"https:\/\/www.mobilimariani.com\/fr\/wp-json\/wp\/v2\/comments?post=30052"}],"version-history":[{"count":3,"href":"https:\/\/www.mobilimariani.com\/fr\/wp-json\/wp\/v2\/posts\/30052\/revisions"}],"predecessor-version":[{"id":31092,"href":"https:\/\/www.mobilimariani.com\/fr\/wp-json\/wp\/v2\/posts\/30052\/revisions\/31092"}],"wp:attachment":[{"href":"https:\/\/www.mobilimariani.com\/fr\/wp-json\/wp\/v2\/media?parent=30052"}],"wp:term":[{"taxonomy":"category","embeddable":true,"href":"https:\/\/www.mobilimariani.com\/fr\/wp-json\/wp\/v2\/categories?post=30052"},{"taxonomy":"post_tag","embeddable":true,"href":"https:\/\/www.mobilimariani.com\/fr\/wp-json\/wp\/v2\/tags?post=30052"}],"curies":[{"name":"wp","href":"https:\/\/api.w.org\/{rel}","templated":true}]}}