{"id":3004,"date":"2017-08-11T17:41:17","date_gmt":"2017-08-11T15:41:17","guid":{"rendered":"https:\/\/www.mobilimariani.com\/?p=3004"},"modified":"2021-07-31T18:33:07","modified_gmt":"2021-07-31T16:33:07","slug":"flou-lit-olivier","status":"publish","type":"post","link":"https:\/\/www.mobilimariani.com\/fr\/flou-lit-olivier\/","title":{"rendered":"FLOU LIT OLIVIER"},"content":{"rendered":"<p>FLOU LIT OLIVIER \u00a0DESIGN EMANUELA GARBIN, MARIO DELL&#8217;ORTO<\/p>\n<p>Ultrachic dans la version avec la t\u00eate et le cuir enduit de base con\u00e7u avec brio \u00e0 tisser, il est \u00e9galement en cuir non trait\u00e9 raffin\u00e9e Version ameublement, tissu ou Faux. Enti\u00e8rement d\u00e9montable.<\/p>\n<p>Les deux versions sont compl\u00e8tement fini aussi sur l&#8217;arri\u00e8re de la t\u00eate, de sugg\u00e9rer des endroits appropri\u00e9s dans la salle du centre.<\/p>\n<p>Le sommier peut \u00eatre \u00e0 lattes orientables, avec mouvement \u00e9lectrique, adapt\u00e9 \u00e0 des matels en tailles cm. 160\/170\/180 x \u00a0200\/210 longueur.<\/p>\n<p>La structure en acier et les quatre pieds, finition en aluminium poli peint, donnent du caract\u00e8re \u00e0 la base du lit.<\/p>\n<p>Pour d\u00e9couvrir les bases\u00a0du\u00a0lit,\u00a0<a href=\"https:\/\/www.mobilimariani.com\/flou-le-basi-dei-letti\/?lang=fr\">cliquez ici<\/a><\/p>\n<p>Pour d\u00e9couvrir le sommier\u00a0avec mouvement\u00a0<a href=\"https:\/\/www.mobilimariani.com\/flou-base-rete-movimento\/?lang=fr\">cliquez ici<\/a><\/p>\n<p>Pour conna\u00eetre les\u00a0<span id=\"OT432079633\">rev\u00eatements\u00a0<\/span>\u00a0en tissu\u00a0<a href=\"https:\/\/www.mobilimariani.com\/fr\/flou-les-revetements\/\">cliquez ici\u00a0<\/a>pour les rev\u00eatements en faux cuir\u00a0<a href=\"https:\/\/www.mobilimariani.com\/flou-rivestimenti-lecopelle\/?lang=fr\">ici<\/a>\u00a0pour les\u00a0rev\u00eatements en cuir\u00a0<a href=\"https:\/\/www.mobilimariani.com\/flou-rivestimenti-la-pelle\/?lang=fr\">ici<\/a><\/p>\n<p>Pour d\u00e9couvrir la marque Flou <a title=\"FLOU\" href=\"https:\/\/www.mobilimariani.com\/fr\/concessionnaire-flou\/\">cliquez ici<\/a><\/p>\n<p>Pour d\u00e9couvrir le catalogue de tous nos lits\u00a0<a href=\"https:\/\/www.mobilimariani.com\/fr\/search\/lit\">cliquez ici<\/a><\/p>\n<p>Vous voulez conna\u00eetre notre meilleur prix pour cet article?\u00a0<a href=\"https:\/\/www.mobilimariani.com\/fr\/contacts\/\">Cliquez ici<\/a>\u00a0et envoyez-nous la demande indiquant le lieu d\u2019exp\u00e9dition<\/p>\n<p>Pour nos clients suisses, la TVA italienne sera d\u00e9duite.<\/p>\n","protected":false},"excerpt":{"rendered":"FLOU LIT OLIVIER \u00a0DESIGN EMANUELA GARBIN, MARIO DELL&#8217;ORTO Ultrachic dans la version avec la t\u00eate et le cuir enduit de base con\u00e7u avec brio \u00e0 tisser, il est \u00e9galement en cuir non trait\u00e9 raffin\u00e9e Version ameublement, tissu ou Faux. Enti\u00e8rement d\u00e9montable. Les deux versions sont compl\u00e8tement fini aussi sur l&#8217;arri\u00e8re de la t\u00eate, de sugg\u00e9rer&#8230; <a class=\"view-article\" href=\"https:\/\/www.mobilimariani.com\/fr\/flou-lit-olivier\/\">Voir l&#8217;article<\/a>","protected":false},"author":1,"featured_media":3002,"comment_status":"closed","ping_status":"closed","sticky":false,"template":"","format":"standard","meta":[],"categories":[1,5,2],"tags":[2148,2147],"yoast_head":"<!-- This site is optimized with the Yoast SEO plugin v16.2 - https:\/\/yoast.com\/wordpress\/plugins\/seo\/ -->\n<meta name=\"description\" content=\"FLOU LIT OLIVIER \u00a0DESIGN EMANUELA GARBIN, MARIO DELL&#039;ORTO Ultrachic dans la version avec la t\u00eate et le cuir enduit de base con\u00e7u avec brio \u00e0 tisser, il\" \/>\n<meta name=\"robots\" content=\"index, follow, max-snippet:-1, max-image-preview:large, max-video-preview:-1\" \/>\n<link rel=\"canonical\" href=\"https:\/\/www.mobilimariani.com\/fr\/flou-lit-olivier\/\" \/>\n<meta property=\"og:locale\" content=\"fr_FR\" \/>\n<meta property=\"og:type\" content=\"article\" \/>\n<meta property=\"og:title\" content=\"FLOU LIT OLIVIER | Mobili Mariani\" \/>\n<meta property=\"og:description\" content=\"FLOU LIT OLIVIER \u00a0DESIGN EMANUELA GARBIN, MARIO DELL&#039;ORTO Ultrachic dans la version avec la t\u00eate et le cuir enduit de base con\u00e7u avec brio \u00e0 tisser, il\" \/>\n<meta property=\"og:url\" content=\"https:\/\/www.mobilimariani.com\/fr\/flou-lit-olivier\/\" \/>\n<meta property=\"og:site_name\" content=\"Mobili Mariani\" \/>\n<meta property=\"article:published_time\" content=\"2017-08-11T15:41:17+00:00\" \/>\n<meta property=\"article:modified_time\" content=\"2021-07-31T16:33:07+00:00\" \/>\n<meta property=\"og:image\" content=\"https:\/\/www.mobilimariani.com\/wp-content\/uploads\/2015\/04\/olivier-2.jpg\" \/>\n\t<meta property=\"og:image:width\" content=\"1263\" \/>\n\t<meta property=\"og:image:height\" content=\"643\" \/>\n<meta name=\"twitter:label1\" content=\"Est. reading time\">\n\t<meta name=\"twitter:data1\" content=\"1 minute\">\n<script type=\"application\/ld+json\" class=\"yoast-schema-graph\">{\"@context\":\"https:\/\/schema.org\",\"@graph\":[{\"@type\":\"Organization\",\"@id\":\"https:\/\/www.mobilimariani.com\/#organization\",\"name\":\"Mobili Mariani\",\"url\":\"https:\/\/www.mobilimariani.com\/\",\"sameAs\":[],\"logo\":{\"@type\":\"ImageObject\",\"@id\":\"https:\/\/www.mobilimariani.com\/#logo\",\"inLanguage\":\"fr-CH\",\"url\":\"https:\/\/www.mobilimariani.com\/wp-content\/uploads\/2015\/12\/logo.png\",\"contentUrl\":\"https:\/\/www.mobilimariani.com\/wp-content\/uploads\/2015\/12\/logo.png\",\"width\":160,\"height\":110,\"caption\":\"Mobili Mariani\"},\"image\":{\"@id\":\"https:\/\/www.mobilimariani.com\/#logo\"}},{\"@type\":\"WebSite\",\"@id\":\"https:\/\/www.mobilimariani.com\/#website\",\"url\":\"https:\/\/www.mobilimariani.com\/\",\"name\":\"Mobili Mariani\",\"description\":\"Mobili Italia Svizzera\",\"publisher\":{\"@id\":\"https:\/\/www.mobilimariani.com\/#organization\"},\"potentialAction\":[{\"@type\":\"SearchAction\",\"target\":\"https:\/\/www.mobilimariani.com\/?s={search_term_string}\",\"query-input\":\"required name=search_term_string\"}],\"inLanguage\":\"fr-CH\"},{\"@type\":\"ImageObject\",\"@id\":\"https:\/\/www.mobilimariani.com\/fr\/flou-lit-olivier\/#primaryimage\",\"inLanguage\":\"fr-CH\",\"url\":\"https:\/\/www.mobilimariani.com\/wp-content\/uploads\/2015\/04\/olivier-2.jpg\",\"contentUrl\":\"https:\/\/www.mobilimariani.com\/wp-content\/uploads\/2015\/04\/olivier-2.jpg\",\"width\":1263,\"height\":643,\"caption\":\"FLOU LETTO OLIVIER\"},{\"@type\":\"WebPage\",\"@id\":\"https:\/\/www.mobilimariani.com\/fr\/flou-lit-olivier\/#webpage\",\"url\":\"https:\/\/www.mobilimariani.com\/fr\/flou-lit-olivier\/\",\"name\":\"FLOU LIT OLIVIER | Mobili Mariani\",\"isPartOf\":{\"@id\":\"https:\/\/www.mobilimariani.com\/#website\"},\"primaryImageOfPage\":{\"@id\":\"https:\/\/www.mobilimariani.com\/fr\/flou-lit-olivier\/#primaryimage\"},\"datePublished\":\"2017-08-11T15:41:17+00:00\",\"dateModified\":\"2021-07-31T16:33:07+00:00\",\"description\":\"FLOU LIT OLIVIER \\u00a0DESIGN EMANUELA GARBIN, MARIO DELL'ORTO Ultrachic dans la version avec la t\\u00eate et le cuir enduit de base con\\u00e7u avec brio \\u00e0 tisser, il\",\"breadcrumb\":{\"@id\":\"https:\/\/www.mobilimariani.com\/fr\/flou-lit-olivier\/#breadcrumb\"},\"inLanguage\":\"fr-CH\",\"potentialAction\":[{\"@type\":\"ReadAction\",\"target\":[\"https:\/\/www.mobilimariani.com\/fr\/flou-lit-olivier\/\"]}]},{\"@type\":\"BreadcrumbList\",\"@id\":\"https:\/\/www.mobilimariani.com\/fr\/flou-lit-olivier\/#breadcrumb\",\"itemListElement\":[{\"@type\":\"ListItem\",\"position\":1,\"item\":{\"@type\":\"WebPage\",\"@id\":\"https:\/\/www.mobilimariani.com\/\",\"url\":\"https:\/\/www.mobilimariani.com\/\",\"name\":\"Home\"}},{\"@type\":\"ListItem\",\"position\":2,\"item\":{\"@id\":\"https:\/\/www.mobilimariani.com\/fr\/flou-lit-olivier\/#webpage\"}}]},{\"@type\":\"Article\",\"@id\":\"https:\/\/www.mobilimariani.com\/fr\/flou-lit-olivier\/#article\",\"isPartOf\":{\"@id\":\"https:\/\/www.mobilimariani.com\/fr\/flou-lit-olivier\/#webpage\"},\"author\":{\"@id\":\"https:\/\/www.mobilimariani.com\/#\/schema\/person\/4685d9f51269134e53f988c9122315f4\"},\"headline\":\"FLOU LIT OLIVIER\",\"datePublished\":\"2017-08-11T15:41:17+00:00\",\"dateModified\":\"2021-07-31T16:33:07+00:00\",\"mainEntityOfPage\":{\"@id\":\"https:\/\/www.mobilimariani.com\/fr\/flou-lit-olivier\/#webpage\"},\"publisher\":{\"@id\":\"https:\/\/www.mobilimariani.com\/#organization\"},\"image\":{\"@id\":\"https:\/\/www.mobilimariani.com\/fr\/flou-lit-olivier\/#primaryimage\"},\"keywords\":[\"chambres lit design italien\",\"lits design italien\"],\"articleSection\":[\"Catalogue\",\"Lits\",\"Zone nuit\"],\"inLanguage\":\"fr-CH\"},{\"@type\":\"Person\",\"@id\":\"https:\/\/www.mobilimariani.com\/#\/schema\/person\/4685d9f51269134e53f988c9122315f4\",\"name\":\"14m4rC008\",\"image\":{\"@type\":\"ImageObject\",\"@id\":\"https:\/\/www.mobilimariani.com\/#personlogo\",\"inLanguage\":\"fr-CH\",\"url\":\"https:\/\/secure.gravatar.com\/avatar\/dfaa6e536fec7030712cf850e9ddef45?s=96&d=mm&r=g\",\"contentUrl\":\"https:\/\/secure.gravatar.com\/avatar\/dfaa6e536fec7030712cf850e9ddef45?s=96&d=mm&r=g\",\"caption\":\"14m4rC008\"}}]}<\/script>\n<!-- \/ Yoast SEO plugin. -->","_links":{"self":[{"href":"https:\/\/www.mobilimariani.com\/fr\/wp-json\/wp\/v2\/posts\/3004"}],"collection":[{"href":"https:\/\/www.mobilimariani.com\/fr\/wp-json\/wp\/v2\/posts"}],"about":[{"href":"https:\/\/www.mobilimariani.com\/fr\/wp-json\/wp\/v2\/types\/post"}],"author":[{"embeddable":true,"href":"https:\/\/www.mobilimariani.com\/fr\/wp-json\/wp\/v2\/users\/1"}],"replies":[{"embeddable":true,"href":"https:\/\/www.mobilimariani.com\/fr\/wp-json\/wp\/v2\/comments?post=3004"}],"version-history":[{"count":7,"href":"https:\/\/www.mobilimariani.com\/fr\/wp-json\/wp\/v2\/posts\/3004\/revisions"}],"predecessor-version":[{"id":27413,"href":"https:\/\/www.mobilimariani.com\/fr\/wp-json\/wp\/v2\/posts\/3004\/revisions\/27413"}],"wp:featuredmedia":[{"embeddable":true,"href":"https:\/\/www.mobilimariani.com\/fr\/wp-json\/wp\/v2\/media\/3002"}],"wp:attachment":[{"href":"https:\/\/www.mobilimariani.com\/fr\/wp-json\/wp\/v2\/media?parent=3004"}],"wp:term":[{"taxonomy":"category","embeddable":true,"href":"https:\/\/www.mobilimariani.com\/fr\/wp-json\/wp\/v2\/categories?post=3004"},{"taxonomy":"post_tag","embeddable":true,"href":"https:\/\/www.mobilimariani.com\/fr\/wp-json\/wp\/v2\/tags?post=3004"}],"curies":[{"name":"wp","href":"https:\/\/api.w.org\/{rel}","templated":true}]}}