{"id":2974,"date":"2015-04-18T12:28:18","date_gmt":"2015-04-18T10:28:18","guid":{"rendered":"https:\/\/www.mobilimariani.com\/?p=2974"},"modified":"2025-01-03T16:16:35","modified_gmt":"2025-01-03T15:16:35","slug":"flou-mod-mono-paire-de-chevet","status":"publish","type":"post","link":"https:\/\/www.mobilimariani.com\/fr\/flou-mod-mono-paire-de-chevet\/","title":{"rendered":"FLOU MOD. MONO PAIRE DE CHEVET"},"content":{"rendered":"<p>FLOU MOD. MONO PAIRE DE CHEVET<\/p>\n<p>S\u00e9rie de meubles en bois de cerisier, fini, m\u00eame en arri\u00e8re.<\/p>\n<p>Chevet deux tiroirs cm. 60x47x45h<\/p>\n<p>Table de chevet tiroir + compartiment cm. 50x47x50h<\/p>\n<p>Liste des prix \u20ac 1.230,00 quelques<\/p>\n<p>Prix r\u00e9duit quelques \u20ac 686,00<\/p>\n<p>&nbsp;<\/p>\n<p>EXCLUSION transport et le montage<\/p>\n<p>Pour d\u00e9couvrir la marque Flou <a title=\"FLOU\" href=\"https:\/\/www.mobilimariani.com\/fr\/concessionnaire-flou\/\">cliquez ici<\/a><\/p>\n<p><strong>Pour nos clients suisses, il sera d\u00e9duit l&#8217;I.V.A. italienne \u00e0 hauteur de 22%.<\/strong><\/p>\n","protected":false},"excerpt":{"rendered":"FLOU MOD. MONO PAIRE DE CHEVET S\u00e9rie de meubles en bois de cerisier, fini, m\u00eame en arri\u00e8re. Chevet deux tiroirs cm. 60x47x45h Table de chevet tiroir + compartiment cm. 50x47x50h Liste des prix \u20ac 1.230,00 quelques Prix r\u00e9duit quelques \u20ac 686,00 &nbsp; EXCLUSION transport et le montage Pour d\u00e9couvrir la marque Flou cliquez ici Pour&#8230; <a class=\"view-article\" href=\"https:\/\/www.mobilimariani.com\/fr\/flou-mod-mono-paire-de-chevet\/\">Voir l&#8217;article<\/a>","protected":false},"author":1,"featured_media":1345,"comment_status":"closed","ping_status":"closed","sticky":false,"template":"","format":"standard","meta":[],"categories":[49,14],"tags":[],"yoast_head":"<!-- This site is optimized with the Yoast SEO plugin v16.2 - https:\/\/yoast.com\/wordpress\/plugins\/seo\/ -->\n<meta name=\"description\" content=\"FLOU MOD. MONO PAIRE DE CHEVET S\u00e9rie de meubles en bois de cerisier, fini, m\u00eame en arri\u00e8re. Chevet deux tiroirs cm. 60x47x45h Table de chevet tiroir +\" \/>\n<meta name=\"robots\" content=\"index, follow, max-snippet:-1, max-image-preview:large, max-video-preview:-1\" \/>\n<link rel=\"canonical\" href=\"https:\/\/www.mobilimariani.com\/fr\/flou-mod-mono-paire-de-chevet\/\" \/>\n<meta property=\"og:locale\" content=\"fr_FR\" \/>\n<meta property=\"og:type\" content=\"article\" \/>\n<meta property=\"og:title\" content=\"FLOU MOD. MONO PAIRE DE CHEVET | Mobili Mariani\" \/>\n<meta property=\"og:description\" content=\"FLOU MOD. MONO PAIRE DE CHEVET S\u00e9rie de meubles en bois de cerisier, fini, m\u00eame en arri\u00e8re. Chevet deux tiroirs cm. 60x47x45h Table de chevet tiroir +\" \/>\n<meta property=\"og:url\" content=\"https:\/\/www.mobilimariani.com\/fr\/flou-mod-mono-paire-de-chevet\/\" \/>\n<meta property=\"og:site_name\" content=\"Mobili Mariani\" \/>\n<meta property=\"article:published_time\" content=\"2015-04-18T10:28:18+00:00\" \/>\n<meta property=\"article:modified_time\" content=\"2025-01-03T15:16:35+00:00\" \/>\n<meta property=\"og:image\" content=\"https:\/\/www.mobilimariani.com\/wp-content\/uploads\/2015\/02\/FLOU-MONO-1.jpg\" \/>\n\t<meta property=\"og:image:width\" content=\"500\" \/>\n\t<meta property=\"og:image:height\" content=\"375\" \/>\n<script type=\"application\/ld+json\" class=\"yoast-schema-graph\">{\"@context\":\"https:\/\/schema.org\",\"@graph\":[{\"@type\":\"Organization\",\"@id\":\"https:\/\/www.mobilimariani.com\/#organization\",\"name\":\"Mobili Mariani\",\"url\":\"https:\/\/www.mobilimariani.com\/\",\"sameAs\":[],\"logo\":{\"@type\":\"ImageObject\",\"@id\":\"https:\/\/www.mobilimariani.com\/#logo\",\"inLanguage\":\"fr-CH\",\"url\":\"https:\/\/www.mobilimariani.com\/wp-content\/uploads\/2015\/12\/logo.png\",\"contentUrl\":\"https:\/\/www.mobilimariani.com\/wp-content\/uploads\/2015\/12\/logo.png\",\"width\":160,\"height\":110,\"caption\":\"Mobili Mariani\"},\"image\":{\"@id\":\"https:\/\/www.mobilimariani.com\/#logo\"}},{\"@type\":\"WebSite\",\"@id\":\"https:\/\/www.mobilimariani.com\/#website\",\"url\":\"https:\/\/www.mobilimariani.com\/\",\"name\":\"Mobili Mariani\",\"description\":\"Mobili Italia Svizzera\",\"publisher\":{\"@id\":\"https:\/\/www.mobilimariani.com\/#organization\"},\"potentialAction\":[{\"@type\":\"SearchAction\",\"target\":\"https:\/\/www.mobilimariani.com\/?s={search_term_string}\",\"query-input\":\"required name=search_term_string\"}],\"inLanguage\":\"fr-CH\"},{\"@type\":\"ImageObject\",\"@id\":\"https:\/\/www.mobilimariani.com\/fr\/flou-mod-mono-paire-de-chevet\/#primaryimage\",\"inLanguage\":\"fr-CH\",\"url\":\"https:\/\/www.mobilimariani.com\/wp-content\/uploads\/2015\/02\/FLOU-MONO-1.jpg\",\"contentUrl\":\"https:\/\/www.mobilimariani.com\/wp-content\/uploads\/2015\/02\/FLOU-MONO-1.jpg\",\"width\":500,\"height\":375,\"caption\":\"FLOU MONO COPPIA COMODINI\"},{\"@type\":\"WebPage\",\"@id\":\"https:\/\/www.mobilimariani.com\/fr\/flou-mod-mono-paire-de-chevet\/#webpage\",\"url\":\"https:\/\/www.mobilimariani.com\/fr\/flou-mod-mono-paire-de-chevet\/\",\"name\":\"FLOU MOD. MONO PAIRE DE CHEVET | Mobili Mariani\",\"isPartOf\":{\"@id\":\"https:\/\/www.mobilimariani.com\/#website\"},\"primaryImageOfPage\":{\"@id\":\"https:\/\/www.mobilimariani.com\/fr\/flou-mod-mono-paire-de-chevet\/#primaryimage\"},\"datePublished\":\"2015-04-18T10:28:18+00:00\",\"dateModified\":\"2025-01-03T15:16:35+00:00\",\"description\":\"FLOU MOD. MONO PAIRE DE CHEVET S\\u00e9rie de meubles en bois de cerisier, fini, m\\u00eame en arri\\u00e8re. Chevet deux tiroirs cm. 60x47x45h Table de chevet tiroir +\",\"breadcrumb\":{\"@id\":\"https:\/\/www.mobilimariani.com\/fr\/flou-mod-mono-paire-de-chevet\/#breadcrumb\"},\"inLanguage\":\"fr-CH\",\"potentialAction\":[{\"@type\":\"ReadAction\",\"target\":[\"https:\/\/www.mobilimariani.com\/fr\/flou-mod-mono-paire-de-chevet\/\"]}]},{\"@type\":\"BreadcrumbList\",\"@id\":\"https:\/\/www.mobilimariani.com\/fr\/flou-mod-mono-paire-de-chevet\/#breadcrumb\",\"itemListElement\":[{\"@type\":\"ListItem\",\"position\":1,\"item\":{\"@type\":\"WebPage\",\"@id\":\"https:\/\/www.mobilimariani.com\/\",\"url\":\"https:\/\/www.mobilimariani.com\/\",\"name\":\"Home\"}},{\"@type\":\"ListItem\",\"position\":2,\"item\":{\"@id\":\"https:\/\/www.mobilimariani.com\/fr\/flou-mod-mono-paire-de-chevet\/#webpage\"}}]},{\"@type\":\"Article\",\"@id\":\"https:\/\/www.mobilimariani.com\/fr\/flou-mod-mono-paire-de-chevet\/#article\",\"isPartOf\":{\"@id\":\"https:\/\/www.mobilimariani.com\/fr\/flou-mod-mono-paire-de-chevet\/#webpage\"},\"author\":{\"@id\":\"https:\/\/www.mobilimariani.com\/#\/schema\/person\/4685d9f51269134e53f988c9122315f4\"},\"headline\":\"FLOU MOD. MONO PAIRE DE CHEVET\",\"datePublished\":\"2015-04-18T10:28:18+00:00\",\"dateModified\":\"2025-01-03T15:16:35+00:00\",\"mainEntityOfPage\":{\"@id\":\"https:\/\/www.mobilimariani.com\/fr\/flou-mod-mono-paire-de-chevet\/#webpage\"},\"publisher\":{\"@id\":\"https:\/\/www.mobilimariani.com\/#organization\"},\"image\":{\"@id\":\"https:\/\/www.mobilimariani.com\/fr\/flou-mod-mono-paire-de-chevet\/#primaryimage\"},\"articleSection\":[\"Offres zone nuit\",\"Outlet\"],\"inLanguage\":\"fr-CH\"},{\"@type\":\"Person\",\"@id\":\"https:\/\/www.mobilimariani.com\/#\/schema\/person\/4685d9f51269134e53f988c9122315f4\",\"name\":\"14m4rC008\",\"image\":{\"@type\":\"ImageObject\",\"@id\":\"https:\/\/www.mobilimariani.com\/#personlogo\",\"inLanguage\":\"fr-CH\",\"url\":\"https:\/\/secure.gravatar.com\/avatar\/dfaa6e536fec7030712cf850e9ddef45?s=96&d=mm&r=g\",\"contentUrl\":\"https:\/\/secure.gravatar.com\/avatar\/dfaa6e536fec7030712cf850e9ddef45?s=96&d=mm&r=g\",\"caption\":\"14m4rC008\"}}]}<\/script>\n<!-- \/ Yoast SEO plugin. -->","_links":{"self":[{"href":"https:\/\/www.mobilimariani.com\/fr\/wp-json\/wp\/v2\/posts\/2974"}],"collection":[{"href":"https:\/\/www.mobilimariani.com\/fr\/wp-json\/wp\/v2\/posts"}],"about":[{"href":"https:\/\/www.mobilimariani.com\/fr\/wp-json\/wp\/v2\/types\/post"}],"author":[{"embeddable":true,"href":"https:\/\/www.mobilimariani.com\/fr\/wp-json\/wp\/v2\/users\/1"}],"replies":[{"embeddable":true,"href":"https:\/\/www.mobilimariani.com\/fr\/wp-json\/wp\/v2\/comments?post=2974"}],"version-history":[{"count":7,"href":"https:\/\/www.mobilimariani.com\/fr\/wp-json\/wp\/v2\/posts\/2974\/revisions"}],"predecessor-version":[{"id":9623,"href":"https:\/\/www.mobilimariani.com\/fr\/wp-json\/wp\/v2\/posts\/2974\/revisions\/9623"}],"wp:featuredmedia":[{"embeddable":true,"href":"https:\/\/www.mobilimariani.com\/fr\/wp-json\/wp\/v2\/media\/1345"}],"wp:attachment":[{"href":"https:\/\/www.mobilimariani.com\/fr\/wp-json\/wp\/v2\/media?parent=2974"}],"wp:term":[{"taxonomy":"category","embeddable":true,"href":"https:\/\/www.mobilimariani.com\/fr\/wp-json\/wp\/v2\/categories?post=2974"},{"taxonomy":"post_tag","embeddable":true,"href":"https:\/\/www.mobilimariani.com\/fr\/wp-json\/wp\/v2\/tags?post=2974"}],"curies":[{"name":"wp","href":"https:\/\/api.w.org\/{rel}","templated":true}]}}