{"id":28961,"date":"2024-06-03T18:49:05","date_gmt":"2024-06-03T16:49:05","guid":{"rendered":"https:\/\/www.mobilimariani.com\/?p=28961"},"modified":"2026-01-28T12:06:06","modified_gmt":"2026-01-28T11:06:06","slug":"ventes-flou-couette-total-body-100","status":"publish","type":"post","link":"https:\/\/www.mobilimariani.com\/fr\/ventes-flou-couette-total-body-100\/","title":{"rendered":"VENTES FLOU COUETTE TOTAL BODY 100"},"content":{"rendered":"<p>VENTES FLOU COUETTE TOTAL BODY 100<\/p>\n<p>Compos\u00e9 de deux couettes (300 gr \/ m\u00b2 + 80 gr \/ m\u00b2): l\u2019un des poids moyen pour l\u2019automne et au printemps, la plus l\u00e9g\u00e8re pour l\u2019\u00e9t\u00e9. Coupl\u00e9 devenu couette pour l\u2019hiver.<\/p>\n<p>La couette Total Body quatre saisons compl\u00e8te du syst\u00e8me Total Body que l\u2019utilisation combin\u00e9e de matelas et couette avec ce rembourrage sp\u00e9cial cr\u00e9e une sorte de \u201cnid de protection\u201d peut amplifier les avantages sur la circulation sanguine.<\/p>\n<p>Taille cm. 180 x 205<\/p>\n<p>Liste de prix\u00a0 \u20ac.\u00a0 443,00<\/p>\n<h3><strong>PRIX AUTONOME \u20ac.\u00a0 \u00a0219,00<\/strong><\/h3>\n<p>Pour les clients r\u00e9sidant en Suisse, la TVA italienne sera d\u00e9duite<\/p>\n<p>DISPONIBLE JUSQU\u2019\u00c0 \u00c9PUISEMENT DES STOCKS<\/p>\n<p>Pour voir toutes les couettes en solde,\u00a0<a href=\"https:\/\/www.mobilimariani.com\/fr\/search\/FLOU+COUETTE\">cliquez ici<\/a><\/p>\n<p>Pour voir toutes nos ventes,\u00a0<a href=\"https:\/\/www.mobilimariani.com\/fr\/search\/VENTES\">cliquez ici<\/a><\/p>\n<p>Pour d\u00e9couvrir la marque Flou,\u00a0<a href=\"https:\/\/www.mobilimariani.com\/fr\/concessionnaire-flou\/\">cliquez ici<\/a><\/p>\n<p>Avez-vous besoin de plus d\u2019informations?<\/p>\n<p><a href=\"https:\/\/www.mobilimariani.com\/fr\/contacts\/\" target=\"_blank\" rel=\"noreferrer noopener\">Cliquez ici\u00a0<\/a>\u00a0et nous vous r\u00e9pondrons<\/p>\n","protected":false},"excerpt":{"rendered":"VENTES FLOU COUETTE TOTAL BODY 100 Compos\u00e9 de deux couettes (300 gr \/ m\u00b2 + 80 gr \/ m\u00b2): l\u2019un des poids moyen pour l\u2019automne et au printemps, la plus l\u00e9g\u00e8re pour l\u2019\u00e9t\u00e9. Coupl\u00e9 devenu couette pour l\u2019hiver. La couette Total Body quatre saisons compl\u00e8te du syst\u00e8me Total Body que l\u2019utilisation combin\u00e9e de matelas et&#8230; <a class=\"view-article\" href=\"https:\/\/www.mobilimariani.com\/fr\/ventes-flou-couette-total-body-100\/\">Voir l&#8217;article<\/a>","protected":false},"author":1,"featured_media":0,"comment_status":"closed","ping_status":"closed","sticky":false,"template":"","format":"standard","meta":[],"categories":[8,49,14,38],"tags":[],"yoast_head":"<!-- This site is optimized with the Yoast SEO plugin v16.2 - https:\/\/yoast.com\/wordpress\/plugins\/seo\/ -->\n<meta name=\"description\" content=\"VENTES FLOU COUETTE TOTAL BODY 100 Compos\u00e9 de deux couettes (300 gr \/ m\u00b2 + 80 gr \/ m\u00b2): l\u2019un des poids moyen pour l\u2019automne et au printemps, la plus\" \/>\n<meta name=\"robots\" content=\"index, follow, max-snippet:-1, max-image-preview:large, max-video-preview:-1\" \/>\n<link rel=\"canonical\" href=\"https:\/\/www.mobilimariani.com\/fr\/ventes-flou-couette-total-body-100\/\" \/>\n<meta property=\"og:locale\" content=\"fr_FR\" \/>\n<meta property=\"og:type\" content=\"article\" \/>\n<meta property=\"og:title\" content=\"VENTES FLOU COUETTE TOTAL BODY 100 | Mobili Mariani\" \/>\n<meta property=\"og:description\" content=\"VENTES FLOU COUETTE TOTAL BODY 100 Compos\u00e9 de deux couettes (300 gr \/ m\u00b2 + 80 gr \/ m\u00b2): l\u2019un des poids moyen pour l\u2019automne et au printemps, la plus\" \/>\n<meta property=\"og:url\" content=\"https:\/\/www.mobilimariani.com\/fr\/ventes-flou-couette-total-body-100\/\" \/>\n<meta property=\"og:site_name\" content=\"Mobili Mariani\" \/>\n<meta property=\"article:published_time\" content=\"2024-06-03T16:49:05+00:00\" \/>\n<meta property=\"article:modified_time\" content=\"2026-01-28T11:06:06+00:00\" \/>\n<meta name=\"twitter:label1\" content=\"Est. reading time\">\n\t<meta name=\"twitter:data1\" content=\"1 minute\">\n<script type=\"application\/ld+json\" class=\"yoast-schema-graph\">{\"@context\":\"https:\/\/schema.org\",\"@graph\":[{\"@type\":\"Organization\",\"@id\":\"https:\/\/www.mobilimariani.com\/#organization\",\"name\":\"Mobili Mariani\",\"url\":\"https:\/\/www.mobilimariani.com\/\",\"sameAs\":[],\"logo\":{\"@type\":\"ImageObject\",\"@id\":\"https:\/\/www.mobilimariani.com\/#logo\",\"inLanguage\":\"fr-CH\",\"url\":\"https:\/\/www.mobilimariani.com\/wp-content\/uploads\/2015\/12\/logo.png\",\"contentUrl\":\"https:\/\/www.mobilimariani.com\/wp-content\/uploads\/2015\/12\/logo.png\",\"width\":160,\"height\":110,\"caption\":\"Mobili Mariani\"},\"image\":{\"@id\":\"https:\/\/www.mobilimariani.com\/#logo\"}},{\"@type\":\"WebSite\",\"@id\":\"https:\/\/www.mobilimariani.com\/#website\",\"url\":\"https:\/\/www.mobilimariani.com\/\",\"name\":\"Mobili Mariani\",\"description\":\"Mobili Italia Svizzera\",\"publisher\":{\"@id\":\"https:\/\/www.mobilimariani.com\/#organization\"},\"potentialAction\":[{\"@type\":\"SearchAction\",\"target\":\"https:\/\/www.mobilimariani.com\/?s={search_term_string}\",\"query-input\":\"required name=search_term_string\"}],\"inLanguage\":\"fr-CH\"},{\"@type\":\"WebPage\",\"@id\":\"https:\/\/www.mobilimariani.com\/fr\/ventes-flou-couette-total-body-100\/#webpage\",\"url\":\"https:\/\/www.mobilimariani.com\/fr\/ventes-flou-couette-total-body-100\/\",\"name\":\"VENTES FLOU COUETTE TOTAL BODY 100 | Mobili Mariani\",\"isPartOf\":{\"@id\":\"https:\/\/www.mobilimariani.com\/#website\"},\"datePublished\":\"2024-06-03T16:49:05+00:00\",\"dateModified\":\"2026-01-28T11:06:06+00:00\",\"description\":\"VENTES FLOU COUETTE TOTAL BODY 100 Compos\\u00e9 de deux couettes (300 gr \/ m\\u00b2 + 80 gr \/ m\\u00b2): l\\u2019un des poids moyen pour l\\u2019automne et au printemps, la plus\",\"breadcrumb\":{\"@id\":\"https:\/\/www.mobilimariani.com\/fr\/ventes-flou-couette-total-body-100\/#breadcrumb\"},\"inLanguage\":\"fr-CH\",\"potentialAction\":[{\"@type\":\"ReadAction\",\"target\":[\"https:\/\/www.mobilimariani.com\/fr\/ventes-flou-couette-total-body-100\/\"]}]},{\"@type\":\"BreadcrumbList\",\"@id\":\"https:\/\/www.mobilimariani.com\/fr\/ventes-flou-couette-total-body-100\/#breadcrumb\",\"itemListElement\":[{\"@type\":\"ListItem\",\"position\":1,\"item\":{\"@type\":\"WebPage\",\"@id\":\"https:\/\/www.mobilimariani.com\/\",\"url\":\"https:\/\/www.mobilimariani.com\/\",\"name\":\"Home\"}},{\"@type\":\"ListItem\",\"position\":2,\"item\":{\"@id\":\"https:\/\/www.mobilimariani.com\/fr\/ventes-flou-couette-total-body-100\/#webpage\"}}]},{\"@type\":\"Article\",\"@id\":\"https:\/\/www.mobilimariani.com\/fr\/ventes-flou-couette-total-body-100\/#article\",\"isPartOf\":{\"@id\":\"https:\/\/www.mobilimariani.com\/fr\/ventes-flou-couette-total-body-100\/#webpage\"},\"author\":{\"@id\":\"https:\/\/www.mobilimariani.com\/#\/schema\/person\/4685d9f51269134e53f988c9122315f4\"},\"headline\":\"VENTES FLOU COUETTE TOTAL BODY 100\",\"datePublished\":\"2024-06-03T16:49:05+00:00\",\"dateModified\":\"2026-01-28T11:06:06+00:00\",\"mainEntityOfPage\":{\"@id\":\"https:\/\/www.mobilimariani.com\/fr\/ventes-flou-couette-total-body-100\/#webpage\"},\"publisher\":{\"@id\":\"https:\/\/www.mobilimariani.com\/#organization\"},\"articleSection\":[\"News\",\"Offres zone nuit\",\"Outlet\",\"Promotions\"],\"inLanguage\":\"fr-CH\"},{\"@type\":\"Person\",\"@id\":\"https:\/\/www.mobilimariani.com\/#\/schema\/person\/4685d9f51269134e53f988c9122315f4\",\"name\":\"14m4rC008\",\"image\":{\"@type\":\"ImageObject\",\"@id\":\"https:\/\/www.mobilimariani.com\/#personlogo\",\"inLanguage\":\"fr-CH\",\"url\":\"https:\/\/secure.gravatar.com\/avatar\/dfaa6e536fec7030712cf850e9ddef45?s=96&d=mm&r=g\",\"contentUrl\":\"https:\/\/secure.gravatar.com\/avatar\/dfaa6e536fec7030712cf850e9ddef45?s=96&d=mm&r=g\",\"caption\":\"14m4rC008\"}}]}<\/script>\n<!-- \/ Yoast SEO plugin. -->","_links":{"self":[{"href":"https:\/\/www.mobilimariani.com\/fr\/wp-json\/wp\/v2\/posts\/28961"}],"collection":[{"href":"https:\/\/www.mobilimariani.com\/fr\/wp-json\/wp\/v2\/posts"}],"about":[{"href":"https:\/\/www.mobilimariani.com\/fr\/wp-json\/wp\/v2\/types\/post"}],"author":[{"embeddable":true,"href":"https:\/\/www.mobilimariani.com\/fr\/wp-json\/wp\/v2\/users\/1"}],"replies":[{"embeddable":true,"href":"https:\/\/www.mobilimariani.com\/fr\/wp-json\/wp\/v2\/comments?post=28961"}],"version-history":[{"count":5,"href":"https:\/\/www.mobilimariani.com\/fr\/wp-json\/wp\/v2\/posts\/28961\/revisions"}],"predecessor-version":[{"id":32913,"href":"https:\/\/www.mobilimariani.com\/fr\/wp-json\/wp\/v2\/posts\/28961\/revisions\/32913"}],"wp:attachment":[{"href":"https:\/\/www.mobilimariani.com\/fr\/wp-json\/wp\/v2\/media?parent=28961"}],"wp:term":[{"taxonomy":"category","embeddable":true,"href":"https:\/\/www.mobilimariani.com\/fr\/wp-json\/wp\/v2\/categories?post=28961"},{"taxonomy":"post_tag","embeddable":true,"href":"https:\/\/www.mobilimariani.com\/fr\/wp-json\/wp\/v2\/tags?post=28961"}],"curies":[{"name":"wp","href":"https:\/\/api.w.org\/{rel}","templated":true}]}}