{"id":2888,"date":"2016-01-25T18:11:22","date_gmt":"2016-01-25T17:11:22","guid":{"rendered":"https:\/\/www.mobilimariani.com\/?p=2888"},"modified":"2021-08-07T19:10:51","modified_gmt":"2021-08-07T17:10:51","slug":"flou-lit-relais","status":"publish","type":"post","link":"https:\/\/www.mobilimariani.com\/fr\/flou-lit-relais\/","title":{"rendered":"FLOU LIT RELAIS"},"content":{"rendered":"<p>FLOU LIT RELAIS DESIGN RODOLFO DORDONI &#8211; INDISPONIBLE<\/p>\n<p>La sobri\u00e9t\u00e9 et la tradition de la modernit\u00e9 caract\u00e9risent ce lit con\u00e7u par Rodolfo Dordoni.<br \/>\nLit avec t\u00eate g\u00e9om\u00e9trique plaid matelass\u00e9 usin\u00e9e entrecoup\u00e9 de boutons d\u00e9coratifs qui peuvent \u00eatre choisies dans la m\u00eame couleur ou \u00e9co-cuir veste ou, alternativement, de l&#8217;or ou transparent.<\/p>\n<p>Disponible avec rev\u00eatemente en cuir, faux cuir, faux cuir Dollaro (non amovible) dans la large gamme de couleurs Flou. Relais peut avoir la base avec conteneur ou base fixe h. 25 cm. Le matelas peut \u00eatre en lattes orthop\u00e9diques, orientables, \u00a0r\u00e9seau avec mouvement.<\/p>\n<p>Disponible pour matelas cm. 160\/170\/180\/200 x 190\/200\/210.<\/p>\n<p>Pour d\u00e9couvrir la marque Flou <a title=\"FLOU\" href=\"https:\/\/www.mobilimariani.com\/fr\/concessionnaire-flou\/\">cliquez ici<\/a><\/p>\n<p>Pour d\u00e9couvrir le catalogue de tous nos lits\u00a0<a href=\"https:\/\/www.mobilimariani.com\/fr\/search\/lit\">cliquez ici<\/a><\/p>\n<p>&nbsp;<\/p>\n<p>&nbsp;<\/p>\n","protected":false},"excerpt":{"rendered":"FLOU LIT RELAIS DESIGN RODOLFO DORDONI &#8211; INDISPONIBLE La sobri\u00e9t\u00e9 et la tradition de la modernit\u00e9 caract\u00e9risent ce lit con\u00e7u par Rodolfo Dordoni. Lit avec t\u00eate g\u00e9om\u00e9trique plaid matelass\u00e9 usin\u00e9e entrecoup\u00e9 de boutons d\u00e9coratifs qui peuvent \u00eatre choisies dans la m\u00eame couleur ou \u00e9co-cuir veste ou, alternativement, de l&#8217;or ou transparent. Disponible avec rev\u00eatemente en&#8230; <a class=\"view-article\" href=\"https:\/\/www.mobilimariani.com\/fr\/flou-lit-relais\/\">Voir l&#8217;article<\/a>","protected":false},"author":1,"featured_media":2884,"comment_status":"closed","ping_status":"closed","sticky":false,"template":"","format":"standard","meta":[],"categories":[1,5,2],"tags":[2148,2147],"yoast_head":"<!-- This site is optimized with the Yoast SEO plugin v16.2 - https:\/\/yoast.com\/wordpress\/plugins\/seo\/ -->\n<meta name=\"description\" content=\"FLOU LIT RELAIS DESIGN RODOLFO DORDONI - INDISPONIBLE La sobri\u00e9t\u00e9 et la tradition de la modernit\u00e9 caract\u00e9risent ce lit con\u00e7u par Rodolfo Dordoni. Lit avec\" \/>\n<meta name=\"robots\" content=\"index, follow, max-snippet:-1, max-image-preview:large, max-video-preview:-1\" \/>\n<link rel=\"canonical\" href=\"https:\/\/www.mobilimariani.com\/fr\/flou-lit-relais\/\" \/>\n<meta property=\"og:locale\" content=\"fr_FR\" \/>\n<meta property=\"og:type\" content=\"article\" \/>\n<meta property=\"og:title\" content=\"FLOU LIT RELAIS | Mobili Mariani\" \/>\n<meta property=\"og:description\" content=\"FLOU LIT RELAIS DESIGN RODOLFO DORDONI - INDISPONIBLE La sobri\u00e9t\u00e9 et la tradition de la modernit\u00e9 caract\u00e9risent ce lit con\u00e7u par Rodolfo Dordoni. Lit avec\" \/>\n<meta property=\"og:url\" content=\"https:\/\/www.mobilimariani.com\/fr\/flou-lit-relais\/\" \/>\n<meta property=\"og:site_name\" content=\"Mobili Mariani\" \/>\n<meta property=\"article:published_time\" content=\"2016-01-25T17:11:22+00:00\" \/>\n<meta property=\"article:modified_time\" content=\"2021-08-07T17:10:51+00:00\" \/>\n<meta property=\"og:image\" content=\"https:\/\/www.mobilimariani.com\/wp-content\/uploads\/2015\/04\/5.jpg\" \/>\n\t<meta property=\"og:image:width\" content=\"735\" \/>\n\t<meta property=\"og:image:height\" content=\"419\" \/>\n<meta name=\"twitter:label1\" content=\"Est. reading time\">\n\t<meta name=\"twitter:data1\" content=\"1 minute\">\n<script type=\"application\/ld+json\" class=\"yoast-schema-graph\">{\"@context\":\"https:\/\/schema.org\",\"@graph\":[{\"@type\":\"Organization\",\"@id\":\"https:\/\/www.mobilimariani.com\/#organization\",\"name\":\"Mobili Mariani\",\"url\":\"https:\/\/www.mobilimariani.com\/\",\"sameAs\":[],\"logo\":{\"@type\":\"ImageObject\",\"@id\":\"https:\/\/www.mobilimariani.com\/#logo\",\"inLanguage\":\"fr-CH\",\"url\":\"https:\/\/www.mobilimariani.com\/wp-content\/uploads\/2015\/12\/logo.png\",\"contentUrl\":\"https:\/\/www.mobilimariani.com\/wp-content\/uploads\/2015\/12\/logo.png\",\"width\":160,\"height\":110,\"caption\":\"Mobili Mariani\"},\"image\":{\"@id\":\"https:\/\/www.mobilimariani.com\/#logo\"}},{\"@type\":\"WebSite\",\"@id\":\"https:\/\/www.mobilimariani.com\/#website\",\"url\":\"https:\/\/www.mobilimariani.com\/\",\"name\":\"Mobili Mariani\",\"description\":\"Mobili Italia Svizzera\",\"publisher\":{\"@id\":\"https:\/\/www.mobilimariani.com\/#organization\"},\"potentialAction\":[{\"@type\":\"SearchAction\",\"target\":\"https:\/\/www.mobilimariani.com\/?s={search_term_string}\",\"query-input\":\"required name=search_term_string\"}],\"inLanguage\":\"fr-CH\"},{\"@type\":\"ImageObject\",\"@id\":\"https:\/\/www.mobilimariani.com\/fr\/flou-lit-relais\/#primaryimage\",\"inLanguage\":\"fr-CH\",\"url\":\"https:\/\/www.mobilimariani.com\/wp-content\/uploads\/2015\/04\/5.jpg\",\"contentUrl\":\"https:\/\/www.mobilimariani.com\/wp-content\/uploads\/2015\/04\/5.jpg\",\"width\":735,\"height\":419,\"caption\":\"FLOU LETTO RELAIS\"},{\"@type\":\"WebPage\",\"@id\":\"https:\/\/www.mobilimariani.com\/fr\/flou-lit-relais\/#webpage\",\"url\":\"https:\/\/www.mobilimariani.com\/fr\/flou-lit-relais\/\",\"name\":\"FLOU LIT RELAIS | Mobili Mariani\",\"isPartOf\":{\"@id\":\"https:\/\/www.mobilimariani.com\/#website\"},\"primaryImageOfPage\":{\"@id\":\"https:\/\/www.mobilimariani.com\/fr\/flou-lit-relais\/#primaryimage\"},\"datePublished\":\"2016-01-25T17:11:22+00:00\",\"dateModified\":\"2021-08-07T17:10:51+00:00\",\"description\":\"FLOU LIT RELAIS DESIGN RODOLFO DORDONI - INDISPONIBLE La sobri\\u00e9t\\u00e9 et la tradition de la modernit\\u00e9 caract\\u00e9risent ce lit con\\u00e7u par Rodolfo Dordoni. Lit avec\",\"breadcrumb\":{\"@id\":\"https:\/\/www.mobilimariani.com\/fr\/flou-lit-relais\/#breadcrumb\"},\"inLanguage\":\"fr-CH\",\"potentialAction\":[{\"@type\":\"ReadAction\",\"target\":[\"https:\/\/www.mobilimariani.com\/fr\/flou-lit-relais\/\"]}]},{\"@type\":\"BreadcrumbList\",\"@id\":\"https:\/\/www.mobilimariani.com\/fr\/flou-lit-relais\/#breadcrumb\",\"itemListElement\":[{\"@type\":\"ListItem\",\"position\":1,\"item\":{\"@type\":\"WebPage\",\"@id\":\"https:\/\/www.mobilimariani.com\/\",\"url\":\"https:\/\/www.mobilimariani.com\/\",\"name\":\"Home\"}},{\"@type\":\"ListItem\",\"position\":2,\"item\":{\"@id\":\"https:\/\/www.mobilimariani.com\/fr\/flou-lit-relais\/#webpage\"}}]},{\"@type\":\"Article\",\"@id\":\"https:\/\/www.mobilimariani.com\/fr\/flou-lit-relais\/#article\",\"isPartOf\":{\"@id\":\"https:\/\/www.mobilimariani.com\/fr\/flou-lit-relais\/#webpage\"},\"author\":{\"@id\":\"https:\/\/www.mobilimariani.com\/#\/schema\/person\/4685d9f51269134e53f988c9122315f4\"},\"headline\":\"FLOU LIT RELAIS\",\"datePublished\":\"2016-01-25T17:11:22+00:00\",\"dateModified\":\"2021-08-07T17:10:51+00:00\",\"mainEntityOfPage\":{\"@id\":\"https:\/\/www.mobilimariani.com\/fr\/flou-lit-relais\/#webpage\"},\"publisher\":{\"@id\":\"https:\/\/www.mobilimariani.com\/#organization\"},\"image\":{\"@id\":\"https:\/\/www.mobilimariani.com\/fr\/flou-lit-relais\/#primaryimage\"},\"keywords\":[\"chambres lit design italien\",\"lits design italien\"],\"articleSection\":[\"Catalogue\",\"Lits\",\"Zone nuit\"],\"inLanguage\":\"fr-CH\"},{\"@type\":\"Person\",\"@id\":\"https:\/\/www.mobilimariani.com\/#\/schema\/person\/4685d9f51269134e53f988c9122315f4\",\"name\":\"14m4rC008\",\"image\":{\"@type\":\"ImageObject\",\"@id\":\"https:\/\/www.mobilimariani.com\/#personlogo\",\"inLanguage\":\"fr-CH\",\"url\":\"https:\/\/secure.gravatar.com\/avatar\/dfaa6e536fec7030712cf850e9ddef45?s=96&d=mm&r=g\",\"contentUrl\":\"https:\/\/secure.gravatar.com\/avatar\/dfaa6e536fec7030712cf850e9ddef45?s=96&d=mm&r=g\",\"caption\":\"14m4rC008\"}}]}<\/script>\n<!-- \/ Yoast SEO plugin. -->","_links":{"self":[{"href":"https:\/\/www.mobilimariani.com\/fr\/wp-json\/wp\/v2\/posts\/2888"}],"collection":[{"href":"https:\/\/www.mobilimariani.com\/fr\/wp-json\/wp\/v2\/posts"}],"about":[{"href":"https:\/\/www.mobilimariani.com\/fr\/wp-json\/wp\/v2\/types\/post"}],"author":[{"embeddable":true,"href":"https:\/\/www.mobilimariani.com\/fr\/wp-json\/wp\/v2\/users\/1"}],"replies":[{"embeddable":true,"href":"https:\/\/www.mobilimariani.com\/fr\/wp-json\/wp\/v2\/comments?post=2888"}],"version-history":[{"count":8,"href":"https:\/\/www.mobilimariani.com\/fr\/wp-json\/wp\/v2\/posts\/2888\/revisions"}],"predecessor-version":[{"id":27463,"href":"https:\/\/www.mobilimariani.com\/fr\/wp-json\/wp\/v2\/posts\/2888\/revisions\/27463"}],"wp:featuredmedia":[{"embeddable":true,"href":"https:\/\/www.mobilimariani.com\/fr\/wp-json\/wp\/v2\/media\/2884"}],"wp:attachment":[{"href":"https:\/\/www.mobilimariani.com\/fr\/wp-json\/wp\/v2\/media?parent=2888"}],"wp:term":[{"taxonomy":"category","embeddable":true,"href":"https:\/\/www.mobilimariani.com\/fr\/wp-json\/wp\/v2\/categories?post=2888"},{"taxonomy":"post_tag","embeddable":true,"href":"https:\/\/www.mobilimariani.com\/fr\/wp-json\/wp\/v2\/tags?post=2888"}],"curies":[{"name":"wp","href":"https:\/\/api.w.org\/{rel}","templated":true}]}}