{"id":2863,"date":"2024-10-02T22:54:51","date_gmt":"2024-10-02T20:54:51","guid":{"rendered":"https:\/\/www.mobilimariani.com\/?p=2863"},"modified":"2025-09-25T17:12:31","modified_gmt":"2025-09-25T15:12:31","slug":"flou-lipari-paire-de-chevet","status":"publish","type":"post","link":"https:\/\/www.mobilimariani.com\/fr\/flou-lipari-paire-de-chevet\/","title":{"rendered":"FLOU LIPARI PAIRE DE CHEVET"},"content":{"rendered":"<p>FLOU LIPARI PAIRE DE CHEVET DESIGN RODOLFO DORDONI<\/p>\n<p>S\u00e9rie de meubles en ch\u00eane. Les tiroirs sont finis avec le retour \u00e0 l&#8217;int\u00e9rieur et utiliser des guides de haute r\u00e9sistance.<br \/>\nLe dos de la nuit est termin\u00e9e.<br \/>\nLes pieds sont peintes en aluminium.<br \/>\nUn cm.70x60px33h avec tiroir interne<br \/>\nUn cm.70x60x18h<\/p>\n<p>Liste des prix \u20ac.\u00a0 1.280,00<\/p>\n<h3><strong>PRIX AUTONOME \u20ac.\u00a0 \u00a0320,00<\/strong><\/h3>\n<p>Pour voir toutes nos ventes, <a href=\"https:\/\/www.mobilimariani.com\/fr\/search\/VENTES\">cliquez ici<\/a><\/p>\n<p>Avez-vous besoin de plus d\u2019informations?<\/p>\n<p><a href=\"https:\/\/www.mobilimariani.com\/fr\/contacts\/\" target=\"_blank\" rel=\"noreferrer noopener\">Cliquez ici\u00a0<\/a>\u00a0et nous vous r\u00e9pondrons<\/p>\n","protected":false},"excerpt":{"rendered":"FLOU LIPARI PAIRE DE CHEVET DESIGN RODOLFO DORDONI S\u00e9rie de meubles en ch\u00eane. Les tiroirs sont finis avec le retour \u00e0 l&#8217;int\u00e9rieur et utiliser des guides de haute r\u00e9sistance. Le dos de la nuit est termin\u00e9e. Les pieds sont peintes en aluminium. Un cm.70x60px33h avec tiroir interne Un cm.70x60x18h Liste des prix \u20ac.\u00a0 1.280,00 PRIX&#8230; <a class=\"view-article\" href=\"https:\/\/www.mobilimariani.com\/fr\/flou-lipari-paire-de-chevet\/\">Voir l&#8217;article<\/a>","protected":false},"author":1,"featured_media":272,"comment_status":"closed","ping_status":"closed","sticky":false,"template":"","format":"standard","meta":[],"categories":[49,14],"tags":[],"yoast_head":"<!-- This site is optimized with the Yoast SEO plugin v16.2 - https:\/\/yoast.com\/wordpress\/plugins\/seo\/ -->\n<meta name=\"description\" content=\"FLOU LIPARI PAIRE DE CHEVET DESIGN RODOLFO DORDONI S\u00e9rie de meubles en ch\u00eane. Les tiroirs sont finis avec le retour \u00e0 l&#039;int\u00e9rieur et utiliser des guides\" \/>\n<meta name=\"robots\" content=\"index, follow, max-snippet:-1, max-image-preview:large, max-video-preview:-1\" \/>\n<link rel=\"canonical\" href=\"https:\/\/www.mobilimariani.com\/fr\/flou-lipari-paire-de-chevet\/\" \/>\n<meta property=\"og:locale\" content=\"fr_FR\" \/>\n<meta property=\"og:type\" content=\"article\" \/>\n<meta property=\"og:title\" content=\"FLOU LIPARI PAIRE DE CHEVET | Mobili Mariani\" \/>\n<meta property=\"og:description\" content=\"FLOU LIPARI PAIRE DE CHEVET DESIGN RODOLFO DORDONI S\u00e9rie de meubles en ch\u00eane. Les tiroirs sont finis avec le retour \u00e0 l&#039;int\u00e9rieur et utiliser des guides\" \/>\n<meta property=\"og:url\" content=\"https:\/\/www.mobilimariani.com\/fr\/flou-lipari-paire-de-chevet\/\" \/>\n<meta property=\"og:site_name\" content=\"Mobili Mariani\" \/>\n<meta property=\"article:published_time\" content=\"2024-10-02T20:54:51+00:00\" \/>\n<meta property=\"article:modified_time\" content=\"2025-09-25T15:12:31+00:00\" \/>\n<meta property=\"og:image\" content=\"https:\/\/www.mobilimariani.com\/wp-content\/uploads\/2014\/11\/lipari-1.jpg\" \/>\n\t<meta property=\"og:image:width\" content=\"2048\" \/>\n\t<meta property=\"og:image:height\" content=\"1536\" \/>\n<meta name=\"twitter:label1\" content=\"Est. reading time\">\n\t<meta name=\"twitter:data1\" content=\"1 minute\">\n<script type=\"application\/ld+json\" class=\"yoast-schema-graph\">{\"@context\":\"https:\/\/schema.org\",\"@graph\":[{\"@type\":\"Organization\",\"@id\":\"https:\/\/www.mobilimariani.com\/#organization\",\"name\":\"Mobili Mariani\",\"url\":\"https:\/\/www.mobilimariani.com\/\",\"sameAs\":[],\"logo\":{\"@type\":\"ImageObject\",\"@id\":\"https:\/\/www.mobilimariani.com\/#logo\",\"inLanguage\":\"fr-CH\",\"url\":\"https:\/\/www.mobilimariani.com\/wp-content\/uploads\/2015\/12\/logo.png\",\"contentUrl\":\"https:\/\/www.mobilimariani.com\/wp-content\/uploads\/2015\/12\/logo.png\",\"width\":160,\"height\":110,\"caption\":\"Mobili Mariani\"},\"image\":{\"@id\":\"https:\/\/www.mobilimariani.com\/#logo\"}},{\"@type\":\"WebSite\",\"@id\":\"https:\/\/www.mobilimariani.com\/#website\",\"url\":\"https:\/\/www.mobilimariani.com\/\",\"name\":\"Mobili Mariani\",\"description\":\"Mobili Italia Svizzera\",\"publisher\":{\"@id\":\"https:\/\/www.mobilimariani.com\/#organization\"},\"potentialAction\":[{\"@type\":\"SearchAction\",\"target\":\"https:\/\/www.mobilimariani.com\/?s={search_term_string}\",\"query-input\":\"required name=search_term_string\"}],\"inLanguage\":\"fr-CH\"},{\"@type\":\"ImageObject\",\"@id\":\"https:\/\/www.mobilimariani.com\/fr\/flou-lipari-paire-de-chevet\/#primaryimage\",\"inLanguage\":\"fr-CH\",\"url\":\"https:\/\/www.mobilimariani.com\/wp-content\/uploads\/2014\/11\/lipari-1.jpg\",\"contentUrl\":\"https:\/\/www.mobilimariani.com\/wp-content\/uploads\/2014\/11\/lipari-1.jpg\",\"width\":2048,\"height\":1536,\"caption\":\"FLOU LIPARI COPPIA COMODINI\"},{\"@type\":\"WebPage\",\"@id\":\"https:\/\/www.mobilimariani.com\/fr\/flou-lipari-paire-de-chevet\/#webpage\",\"url\":\"https:\/\/www.mobilimariani.com\/fr\/flou-lipari-paire-de-chevet\/\",\"name\":\"FLOU LIPARI PAIRE DE CHEVET | Mobili Mariani\",\"isPartOf\":{\"@id\":\"https:\/\/www.mobilimariani.com\/#website\"},\"primaryImageOfPage\":{\"@id\":\"https:\/\/www.mobilimariani.com\/fr\/flou-lipari-paire-de-chevet\/#primaryimage\"},\"datePublished\":\"2024-10-02T20:54:51+00:00\",\"dateModified\":\"2025-09-25T15:12:31+00:00\",\"description\":\"FLOU LIPARI PAIRE DE CHEVET DESIGN RODOLFO DORDONI S\\u00e9rie de meubles en ch\\u00eane. Les tiroirs sont finis avec le retour \\u00e0 l'int\\u00e9rieur et utiliser des guides\",\"breadcrumb\":{\"@id\":\"https:\/\/www.mobilimariani.com\/fr\/flou-lipari-paire-de-chevet\/#breadcrumb\"},\"inLanguage\":\"fr-CH\",\"potentialAction\":[{\"@type\":\"ReadAction\",\"target\":[\"https:\/\/www.mobilimariani.com\/fr\/flou-lipari-paire-de-chevet\/\"]}]},{\"@type\":\"BreadcrumbList\",\"@id\":\"https:\/\/www.mobilimariani.com\/fr\/flou-lipari-paire-de-chevet\/#breadcrumb\",\"itemListElement\":[{\"@type\":\"ListItem\",\"position\":1,\"item\":{\"@type\":\"WebPage\",\"@id\":\"https:\/\/www.mobilimariani.com\/\",\"url\":\"https:\/\/www.mobilimariani.com\/\",\"name\":\"Home\"}},{\"@type\":\"ListItem\",\"position\":2,\"item\":{\"@id\":\"https:\/\/www.mobilimariani.com\/fr\/flou-lipari-paire-de-chevet\/#webpage\"}}]},{\"@type\":\"Article\",\"@id\":\"https:\/\/www.mobilimariani.com\/fr\/flou-lipari-paire-de-chevet\/#article\",\"isPartOf\":{\"@id\":\"https:\/\/www.mobilimariani.com\/fr\/flou-lipari-paire-de-chevet\/#webpage\"},\"author\":{\"@id\":\"https:\/\/www.mobilimariani.com\/#\/schema\/person\/4685d9f51269134e53f988c9122315f4\"},\"headline\":\"FLOU LIPARI PAIRE DE CHEVET\",\"datePublished\":\"2024-10-02T20:54:51+00:00\",\"dateModified\":\"2025-09-25T15:12:31+00:00\",\"mainEntityOfPage\":{\"@id\":\"https:\/\/www.mobilimariani.com\/fr\/flou-lipari-paire-de-chevet\/#webpage\"},\"publisher\":{\"@id\":\"https:\/\/www.mobilimariani.com\/#organization\"},\"image\":{\"@id\":\"https:\/\/www.mobilimariani.com\/fr\/flou-lipari-paire-de-chevet\/#primaryimage\"},\"articleSection\":[\"Offres zone nuit\",\"Outlet\"],\"inLanguage\":\"fr-CH\"},{\"@type\":\"Person\",\"@id\":\"https:\/\/www.mobilimariani.com\/#\/schema\/person\/4685d9f51269134e53f988c9122315f4\",\"name\":\"14m4rC008\",\"image\":{\"@type\":\"ImageObject\",\"@id\":\"https:\/\/www.mobilimariani.com\/#personlogo\",\"inLanguage\":\"fr-CH\",\"url\":\"https:\/\/secure.gravatar.com\/avatar\/dfaa6e536fec7030712cf850e9ddef45?s=96&d=mm&r=g\",\"contentUrl\":\"https:\/\/secure.gravatar.com\/avatar\/dfaa6e536fec7030712cf850e9ddef45?s=96&d=mm&r=g\",\"caption\":\"14m4rC008\"}}]}<\/script>\n<!-- \/ Yoast SEO plugin. -->","_links":{"self":[{"href":"https:\/\/www.mobilimariani.com\/fr\/wp-json\/wp\/v2\/posts\/2863"}],"collection":[{"href":"https:\/\/www.mobilimariani.com\/fr\/wp-json\/wp\/v2\/posts"}],"about":[{"href":"https:\/\/www.mobilimariani.com\/fr\/wp-json\/wp\/v2\/types\/post"}],"author":[{"embeddable":true,"href":"https:\/\/www.mobilimariani.com\/fr\/wp-json\/wp\/v2\/users\/1"}],"replies":[{"embeddable":true,"href":"https:\/\/www.mobilimariani.com\/fr\/wp-json\/wp\/v2\/comments?post=2863"}],"version-history":[{"count":9,"href":"https:\/\/www.mobilimariani.com\/fr\/wp-json\/wp\/v2\/posts\/2863\/revisions"}],"predecessor-version":[{"id":32965,"href":"https:\/\/www.mobilimariani.com\/fr\/wp-json\/wp\/v2\/posts\/2863\/revisions\/32965"}],"wp:featuredmedia":[{"embeddable":true,"href":"https:\/\/www.mobilimariani.com\/fr\/wp-json\/wp\/v2\/media\/272"}],"wp:attachment":[{"href":"https:\/\/www.mobilimariani.com\/fr\/wp-json\/wp\/v2\/media?parent=2863"}],"wp:term":[{"taxonomy":"category","embeddable":true,"href":"https:\/\/www.mobilimariani.com\/fr\/wp-json\/wp\/v2\/categories?post=2863"},{"taxonomy":"post_tag","embeddable":true,"href":"https:\/\/www.mobilimariani.com\/fr\/wp-json\/wp\/v2\/tags?post=2863"}],"curies":[{"name":"wp","href":"https:\/\/api.w.org\/{rel}","templated":true}]}}