{"id":2859,"date":"2017-01-15T22:41:02","date_gmt":"2017-01-15T21:41:02","guid":{"rendered":"https:\/\/www.mobilimariani.com\/?p=2859"},"modified":"2022-10-09T17:35:16","modified_gmt":"2022-10-09T15:35:16","slug":"flou-prins-groupe-lit","status":"publish","type":"post","link":"https:\/\/www.mobilimariani.com\/fr\/flou-prins-groupe-lit\/","title":{"rendered":"FLOU PRINS GROUPE LIT"},"content":{"rendered":"<p>FLOU PRINS GROUPE LIT DESIGN CARLO COLOMBO AVEC MATELAS &#8211; VENDU<\/p>\n<p>Le cm.193x230x89h de lit a la structure de polyur\u00e9thane rigide d&#8217;\u00e9paisseur avec une courbure qui combine reposer \u00e0 la t\u00eate encore renforc\u00e9e par un coussin confortable avec une seule pi\u00e8ce, caract\u00e9ris\u00e9 par plissage inhabituelle du couvercle amovible.<\/p>\n<p>La structure p\u00e9rim\u00e9trique est en tube d&#8217;acier chrom\u00e9.<br \/>\nLa version promo est laqu\u00e9 blanc brillant avec le soutien de coussin tapiss\u00e9 en cuir et bois \u00e0 lattes r\u00e9glable; pour compl\u00e9ter le cm.170&#215;200 de matelas \u00e0 ressorts Flou Sp\u00e9cial.<br \/>\nLa commode cm.140x58x68h et chevets cm.45x48x45h sont faites avec la structure en MDF laqu\u00e9 blanc brillant que les fa\u00e7ades. Tous les tiroirs ont arri\u00e8re, fini \u00e0 l&#8217;int\u00e9rieur et \u00e0 l&#8217;utilisation des guides de haute r\u00e9sistance. Dresser avec six tiroirs, tables de chevet avec deux.<br \/>\nL<\/p>\n","protected":false},"excerpt":{"rendered":"FLOU PRINS GROUPE LIT DESIGN CARLO COLOMBO AVEC MATELAS &#8211; VENDU Le cm.193x230x89h de lit a la structure de polyur\u00e9thane rigide d&#8217;\u00e9paisseur avec une courbure qui combine reposer \u00e0 la t\u00eate encore renforc\u00e9e par un coussin confortable avec une seule pi\u00e8ce, caract\u00e9ris\u00e9 par plissage inhabituelle du couvercle amovible. La structure p\u00e9rim\u00e9trique est en tube d&#8217;acier&#8230; <a class=\"view-article\" href=\"https:\/\/www.mobilimariani.com\/fr\/flou-prins-groupe-lit\/\">Voir l&#8217;article<\/a>","protected":false},"author":1,"featured_media":255,"comment_status":"closed","ping_status":"closed","sticky":false,"template":"","format":"standard","meta":[],"categories":[49,14],"tags":[],"yoast_head":"<!-- This site is optimized with the Yoast SEO plugin v16.2 - https:\/\/yoast.com\/wordpress\/plugins\/seo\/ -->\n<meta name=\"description\" content=\"FLOU PRINS GROUPE LIT DESIGN CARLO COLOMBO AVEC MATELAS - VENDU Le cm.193x230x89h de lit a la structure de polyur\u00e9thane rigide d&#039;\u00e9paisseur avec une\" \/>\n<meta name=\"robots\" content=\"index, follow, max-snippet:-1, max-image-preview:large, max-video-preview:-1\" \/>\n<link rel=\"canonical\" href=\"https:\/\/www.mobilimariani.com\/fr\/flou-prins-groupe-lit\/\" \/>\n<meta property=\"og:locale\" content=\"fr_FR\" \/>\n<meta property=\"og:type\" content=\"article\" \/>\n<meta property=\"og:title\" content=\"FLOU PRINS GROUPE LIT | Mobili Mariani\" \/>\n<meta property=\"og:description\" content=\"FLOU PRINS GROUPE LIT DESIGN CARLO COLOMBO AVEC MATELAS - VENDU Le cm.193x230x89h de lit a la structure de polyur\u00e9thane rigide d&#039;\u00e9paisseur avec une\" \/>\n<meta property=\"og:url\" content=\"https:\/\/www.mobilimariani.com\/fr\/flou-prins-groupe-lit\/\" \/>\n<meta property=\"og:site_name\" content=\"Mobili Mariani\" \/>\n<meta property=\"article:published_time\" content=\"2017-01-15T21:41:02+00:00\" \/>\n<meta property=\"article:modified_time\" content=\"2022-10-09T15:35:16+00:00\" \/>\n<meta property=\"og:image\" content=\"https:\/\/www.mobilimariani.com\/wp-content\/uploads\/2014\/11\/1-PRINS-700x525.jpg\" \/>\n\t<meta property=\"og:image:width\" content=\"700\" \/>\n\t<meta property=\"og:image:height\" content=\"525\" \/>\n<meta name=\"twitter:label1\" content=\"Est. reading time\">\n\t<meta name=\"twitter:data1\" content=\"1 minute\">\n<script type=\"application\/ld+json\" class=\"yoast-schema-graph\">{\"@context\":\"https:\/\/schema.org\",\"@graph\":[{\"@type\":\"Organization\",\"@id\":\"https:\/\/www.mobilimariani.com\/#organization\",\"name\":\"Mobili Mariani\",\"url\":\"https:\/\/www.mobilimariani.com\/\",\"sameAs\":[],\"logo\":{\"@type\":\"ImageObject\",\"@id\":\"https:\/\/www.mobilimariani.com\/#logo\",\"inLanguage\":\"fr-CH\",\"url\":\"https:\/\/www.mobilimariani.com\/wp-content\/uploads\/2015\/12\/logo.png\",\"contentUrl\":\"https:\/\/www.mobilimariani.com\/wp-content\/uploads\/2015\/12\/logo.png\",\"width\":160,\"height\":110,\"caption\":\"Mobili Mariani\"},\"image\":{\"@id\":\"https:\/\/www.mobilimariani.com\/#logo\"}},{\"@type\":\"WebSite\",\"@id\":\"https:\/\/www.mobilimariani.com\/#website\",\"url\":\"https:\/\/www.mobilimariani.com\/\",\"name\":\"Mobili Mariani\",\"description\":\"Mobili Italia Svizzera\",\"publisher\":{\"@id\":\"https:\/\/www.mobilimariani.com\/#organization\"},\"potentialAction\":[{\"@type\":\"SearchAction\",\"target\":\"https:\/\/www.mobilimariani.com\/?s={search_term_string}\",\"query-input\":\"required name=search_term_string\"}],\"inLanguage\":\"fr-CH\"},{\"@type\":\"ImageObject\",\"@id\":\"https:\/\/www.mobilimariani.com\/fr\/flou-prins-groupe-lit\/#primaryimage\",\"inLanguage\":\"fr-CH\",\"url\":\"https:\/\/www.mobilimariani.com\/wp-content\/uploads\/2014\/11\/1-PRINS.jpg\",\"contentUrl\":\"https:\/\/www.mobilimariani.com\/wp-content\/uploads\/2014\/11\/1-PRINS.jpg\",\"width\":4000,\"height\":3000,\"caption\":\"FLOU mod. PRINS GRUPPO LETTO\"},{\"@type\":\"WebPage\",\"@id\":\"https:\/\/www.mobilimariani.com\/fr\/flou-prins-groupe-lit\/#webpage\",\"url\":\"https:\/\/www.mobilimariani.com\/fr\/flou-prins-groupe-lit\/\",\"name\":\"FLOU PRINS GROUPE LIT | Mobili Mariani\",\"isPartOf\":{\"@id\":\"https:\/\/www.mobilimariani.com\/#website\"},\"primaryImageOfPage\":{\"@id\":\"https:\/\/www.mobilimariani.com\/fr\/flou-prins-groupe-lit\/#primaryimage\"},\"datePublished\":\"2017-01-15T21:41:02+00:00\",\"dateModified\":\"2022-10-09T15:35:16+00:00\",\"description\":\"FLOU PRINS GROUPE LIT DESIGN CARLO COLOMBO AVEC MATELAS - VENDU Le cm.193x230x89h de lit a la structure de polyur\\u00e9thane rigide d'\\u00e9paisseur avec une\",\"breadcrumb\":{\"@id\":\"https:\/\/www.mobilimariani.com\/fr\/flou-prins-groupe-lit\/#breadcrumb\"},\"inLanguage\":\"fr-CH\",\"potentialAction\":[{\"@type\":\"ReadAction\",\"target\":[\"https:\/\/www.mobilimariani.com\/fr\/flou-prins-groupe-lit\/\"]}]},{\"@type\":\"BreadcrumbList\",\"@id\":\"https:\/\/www.mobilimariani.com\/fr\/flou-prins-groupe-lit\/#breadcrumb\",\"itemListElement\":[{\"@type\":\"ListItem\",\"position\":1,\"item\":{\"@type\":\"WebPage\",\"@id\":\"https:\/\/www.mobilimariani.com\/\",\"url\":\"https:\/\/www.mobilimariani.com\/\",\"name\":\"Home\"}},{\"@type\":\"ListItem\",\"position\":2,\"item\":{\"@id\":\"https:\/\/www.mobilimariani.com\/fr\/flou-prins-groupe-lit\/#webpage\"}}]},{\"@type\":\"Article\",\"@id\":\"https:\/\/www.mobilimariani.com\/fr\/flou-prins-groupe-lit\/#article\",\"isPartOf\":{\"@id\":\"https:\/\/www.mobilimariani.com\/fr\/flou-prins-groupe-lit\/#webpage\"},\"author\":{\"@id\":\"https:\/\/www.mobilimariani.com\/#\/schema\/person\/4685d9f51269134e53f988c9122315f4\"},\"headline\":\"FLOU PRINS GROUPE LIT\",\"datePublished\":\"2017-01-15T21:41:02+00:00\",\"dateModified\":\"2022-10-09T15:35:16+00:00\",\"mainEntityOfPage\":{\"@id\":\"https:\/\/www.mobilimariani.com\/fr\/flou-prins-groupe-lit\/#webpage\"},\"publisher\":{\"@id\":\"https:\/\/www.mobilimariani.com\/#organization\"},\"image\":{\"@id\":\"https:\/\/www.mobilimariani.com\/fr\/flou-prins-groupe-lit\/#primaryimage\"},\"articleSection\":[\"Offres zone nuit\",\"Outlet\"],\"inLanguage\":\"fr-CH\"},{\"@type\":\"Person\",\"@id\":\"https:\/\/www.mobilimariani.com\/#\/schema\/person\/4685d9f51269134e53f988c9122315f4\",\"name\":\"14m4rC008\",\"image\":{\"@type\":\"ImageObject\",\"@id\":\"https:\/\/www.mobilimariani.com\/#personlogo\",\"inLanguage\":\"fr-CH\",\"url\":\"https:\/\/secure.gravatar.com\/avatar\/dfaa6e536fec7030712cf850e9ddef45?s=96&d=mm&r=g\",\"contentUrl\":\"https:\/\/secure.gravatar.com\/avatar\/dfaa6e536fec7030712cf850e9ddef45?s=96&d=mm&r=g\",\"caption\":\"14m4rC008\"}}]}<\/script>\n<!-- \/ Yoast SEO plugin. -->","_links":{"self":[{"href":"https:\/\/www.mobilimariani.com\/fr\/wp-json\/wp\/v2\/posts\/2859"}],"collection":[{"href":"https:\/\/www.mobilimariani.com\/fr\/wp-json\/wp\/v2\/posts"}],"about":[{"href":"https:\/\/www.mobilimariani.com\/fr\/wp-json\/wp\/v2\/types\/post"}],"author":[{"embeddable":true,"href":"https:\/\/www.mobilimariani.com\/fr\/wp-json\/wp\/v2\/users\/1"}],"replies":[{"embeddable":true,"href":"https:\/\/www.mobilimariani.com\/fr\/wp-json\/wp\/v2\/comments?post=2859"}],"version-history":[{"count":4,"href":"https:\/\/www.mobilimariani.com\/fr\/wp-json\/wp\/v2\/posts\/2859\/revisions"}],"predecessor-version":[{"id":29384,"href":"https:\/\/www.mobilimariani.com\/fr\/wp-json\/wp\/v2\/posts\/2859\/revisions\/29384"}],"wp:featuredmedia":[{"embeddable":true,"href":"https:\/\/www.mobilimariani.com\/fr\/wp-json\/wp\/v2\/media\/255"}],"wp:attachment":[{"href":"https:\/\/www.mobilimariani.com\/fr\/wp-json\/wp\/v2\/media?parent=2859"}],"wp:term":[{"taxonomy":"category","embeddable":true,"href":"https:\/\/www.mobilimariani.com\/fr\/wp-json\/wp\/v2\/categories?post=2859"},{"taxonomy":"post_tag","embeddable":true,"href":"https:\/\/www.mobilimariani.com\/fr\/wp-json\/wp\/v2\/tags?post=2859"}],"curies":[{"name":"wp","href":"https:\/\/api.w.org\/{rel}","templated":true}]}}