{"id":28462,"date":"2023-08-09T16:32:34","date_gmt":"2023-08-09T14:32:34","guid":{"rendered":"https:\/\/www.mobilimariani.com\/?p=28462"},"modified":"2024-05-11T18:20:53","modified_gmt":"2024-05-11T16:20:53","slug":"ventes-avec-flou-petites-tables-iko","status":"publish","type":"post","link":"https:\/\/www.mobilimariani.com\/fr\/ventes-avec-flou-petites-tables-iko\/","title":{"rendered":"VENTES AVEC FLOU PETITES TABLES IKO"},"content":{"rendered":"<p>VENTES AVEC FLOU PETITES TABLES IKO<\/p>\n<h2><strong>SPECIAL PRICE\u00a0<\/strong><\/h2>\n<p>Table basse Iko adapt\u00e9e \u00e0 c\u00f4t\u00e9 des canap\u00e9s et des fauteuils et \u00e9galement utilisable comme table de chevet.<br \/>\nStructure en fer avec finition brunie mate et d\u00e9tails en nickel noir brillant. Plateau en marbre Orobico gris bross\u00e9 mat.<\/p>\n<p>Une petite table diam\u00e8tre cm. 60x47h<\/p>\n<p>Liste de prix\u00a0 \u20ac 1.180,00<\/p>\n<h3><strong>PRIX AUTONOME \u20ac 788,00<\/strong><\/h3>\n<p>Pour nos clients suisses, il sera d\u00e9duit l\u2019I.V.A. italienne<\/p>\n<p>Pour voir toutes nos ventes,\u00a0<a href=\"https:\/\/www.mobilimariani.com\/fr\/search\/VENTES\">cliquez ici<\/a><\/p>\n<p>Avez-vous besoin de plus d\u2019informations?<\/p>\n<p><a href=\"https:\/\/www.mobilimariani.com\/fr\/contacts\/\" target=\"_blank\" rel=\"noreferrer noopener\">Cliquez ici\u00a0<\/a>\u00a0et nous vous r\u00e9pondrons<\/p>\n<h3><\/h3>\n","protected":false},"excerpt":{"rendered":"VENTES AVEC FLOU PETITES TABLES IKO SPECIAL PRICE\u00a0 Table basse Iko adapt\u00e9e \u00e0 c\u00f4t\u00e9 des canap\u00e9s et des fauteuils et \u00e9galement utilisable comme table de chevet. Structure en fer avec finition brunie mate et d\u00e9tails en nickel noir brillant. Plateau en marbre Orobico gris bross\u00e9 mat. Une petite table diam\u00e8tre cm. 60x47h Liste de prix\u00a0&#8230; <a class=\"view-article\" href=\"https:\/\/www.mobilimariani.com\/fr\/ventes-avec-flou-petites-tables-iko\/\">Voir l&#8217;article<\/a>","protected":false},"author":1,"featured_media":0,"comment_status":"closed","ping_status":"closed","sticky":false,"template":"","format":"standard","meta":[],"categories":[8,48,49,14,38],"tags":[],"yoast_head":"<!-- This site is optimized with the Yoast SEO plugin v16.2 - https:\/\/yoast.com\/wordpress\/plugins\/seo\/ -->\n<meta name=\"description\" content=\"VENTES AVEC FLOU PETITES TABLES IKO SPECIAL PRICE\u00a0 Table basse Iko adapt\u00e9e \u00e0 c\u00f4t\u00e9 des canap\u00e9s et des fauteuils et \u00e9galement utilisable comme table de\" \/>\n<meta name=\"robots\" content=\"index, follow, max-snippet:-1, max-image-preview:large, max-video-preview:-1\" \/>\n<link rel=\"canonical\" href=\"https:\/\/www.mobilimariani.com\/fr\/ventes-avec-flou-petites-tables-iko\/\" \/>\n<meta property=\"og:locale\" content=\"fr_FR\" \/>\n<meta property=\"og:type\" content=\"article\" \/>\n<meta property=\"og:title\" content=\"VENTES AVEC FLOU PETITES TABLES IKO | Mobili Mariani\" \/>\n<meta property=\"og:description\" content=\"VENTES AVEC FLOU PETITES TABLES IKO SPECIAL PRICE\u00a0 Table basse Iko adapt\u00e9e \u00e0 c\u00f4t\u00e9 des canap\u00e9s et des fauteuils et \u00e9galement utilisable comme table de\" \/>\n<meta property=\"og:url\" content=\"https:\/\/www.mobilimariani.com\/fr\/ventes-avec-flou-petites-tables-iko\/\" \/>\n<meta property=\"og:site_name\" content=\"Mobili Mariani\" \/>\n<meta property=\"article:published_time\" content=\"2023-08-09T14:32:34+00:00\" \/>\n<meta property=\"article:modified_time\" content=\"2024-05-11T16:20:53+00:00\" \/>\n<meta name=\"twitter:label1\" content=\"Est. reading time\">\n\t<meta name=\"twitter:data1\" content=\"1 minute\">\n<script type=\"application\/ld+json\" class=\"yoast-schema-graph\">{\"@context\":\"https:\/\/schema.org\",\"@graph\":[{\"@type\":\"Organization\",\"@id\":\"https:\/\/www.mobilimariani.com\/#organization\",\"name\":\"Mobili Mariani\",\"url\":\"https:\/\/www.mobilimariani.com\/\",\"sameAs\":[],\"logo\":{\"@type\":\"ImageObject\",\"@id\":\"https:\/\/www.mobilimariani.com\/#logo\",\"inLanguage\":\"fr-CH\",\"url\":\"https:\/\/www.mobilimariani.com\/wp-content\/uploads\/2015\/12\/logo.png\",\"contentUrl\":\"https:\/\/www.mobilimariani.com\/wp-content\/uploads\/2015\/12\/logo.png\",\"width\":160,\"height\":110,\"caption\":\"Mobili Mariani\"},\"image\":{\"@id\":\"https:\/\/www.mobilimariani.com\/#logo\"}},{\"@type\":\"WebSite\",\"@id\":\"https:\/\/www.mobilimariani.com\/#website\",\"url\":\"https:\/\/www.mobilimariani.com\/\",\"name\":\"Mobili Mariani\",\"description\":\"Mobili Italia Svizzera\",\"publisher\":{\"@id\":\"https:\/\/www.mobilimariani.com\/#organization\"},\"potentialAction\":[{\"@type\":\"SearchAction\",\"target\":\"https:\/\/www.mobilimariani.com\/?s={search_term_string}\",\"query-input\":\"required name=search_term_string\"}],\"inLanguage\":\"fr-CH\"},{\"@type\":\"WebPage\",\"@id\":\"https:\/\/www.mobilimariani.com\/fr\/ventes-avec-flou-petites-tables-iko\/#webpage\",\"url\":\"https:\/\/www.mobilimariani.com\/fr\/ventes-avec-flou-petites-tables-iko\/\",\"name\":\"VENTES AVEC FLOU PETITES TABLES IKO | Mobili Mariani\",\"isPartOf\":{\"@id\":\"https:\/\/www.mobilimariani.com\/#website\"},\"datePublished\":\"2023-08-09T14:32:34+00:00\",\"dateModified\":\"2024-05-11T16:20:53+00:00\",\"description\":\"VENTES AVEC FLOU PETITES TABLES IKO SPECIAL PRICE\\u00a0 Table basse Iko adapt\\u00e9e \\u00e0 c\\u00f4t\\u00e9 des canap\\u00e9s et des fauteuils et \\u00e9galement utilisable comme table de\",\"breadcrumb\":{\"@id\":\"https:\/\/www.mobilimariani.com\/fr\/ventes-avec-flou-petites-tables-iko\/#breadcrumb\"},\"inLanguage\":\"fr-CH\",\"potentialAction\":[{\"@type\":\"ReadAction\",\"target\":[\"https:\/\/www.mobilimariani.com\/fr\/ventes-avec-flou-petites-tables-iko\/\"]}]},{\"@type\":\"BreadcrumbList\",\"@id\":\"https:\/\/www.mobilimariani.com\/fr\/ventes-avec-flou-petites-tables-iko\/#breadcrumb\",\"itemListElement\":[{\"@type\":\"ListItem\",\"position\":1,\"item\":{\"@type\":\"WebPage\",\"@id\":\"https:\/\/www.mobilimariani.com\/\",\"url\":\"https:\/\/www.mobilimariani.com\/\",\"name\":\"Home\"}},{\"@type\":\"ListItem\",\"position\":2,\"item\":{\"@id\":\"https:\/\/www.mobilimariani.com\/fr\/ventes-avec-flou-petites-tables-iko\/#webpage\"}}]},{\"@type\":\"Article\",\"@id\":\"https:\/\/www.mobilimariani.com\/fr\/ventes-avec-flou-petites-tables-iko\/#article\",\"isPartOf\":{\"@id\":\"https:\/\/www.mobilimariani.com\/fr\/ventes-avec-flou-petites-tables-iko\/#webpage\"},\"author\":{\"@id\":\"https:\/\/www.mobilimariani.com\/#\/schema\/person\/4685d9f51269134e53f988c9122315f4\"},\"headline\":\"VENTES AVEC FLOU PETITES TABLES IKO\",\"datePublished\":\"2023-08-09T14:32:34+00:00\",\"dateModified\":\"2024-05-11T16:20:53+00:00\",\"mainEntityOfPage\":{\"@id\":\"https:\/\/www.mobilimariani.com\/fr\/ventes-avec-flou-petites-tables-iko\/#webpage\"},\"publisher\":{\"@id\":\"https:\/\/www.mobilimariani.com\/#organization\"},\"articleSection\":[\"News\",\"Offres Zone Jour\",\"Offres zone nuit\",\"Outlet\",\"Promotions\"],\"inLanguage\":\"fr-CH\"},{\"@type\":\"Person\",\"@id\":\"https:\/\/www.mobilimariani.com\/#\/schema\/person\/4685d9f51269134e53f988c9122315f4\",\"name\":\"14m4rC008\",\"image\":{\"@type\":\"ImageObject\",\"@id\":\"https:\/\/www.mobilimariani.com\/#personlogo\",\"inLanguage\":\"fr-CH\",\"url\":\"https:\/\/secure.gravatar.com\/avatar\/dfaa6e536fec7030712cf850e9ddef45?s=96&d=mm&r=g\",\"contentUrl\":\"https:\/\/secure.gravatar.com\/avatar\/dfaa6e536fec7030712cf850e9ddef45?s=96&d=mm&r=g\",\"caption\":\"14m4rC008\"}}]}<\/script>\n<!-- \/ Yoast SEO plugin. -->","_links":{"self":[{"href":"https:\/\/www.mobilimariani.com\/fr\/wp-json\/wp\/v2\/posts\/28462"}],"collection":[{"href":"https:\/\/www.mobilimariani.com\/fr\/wp-json\/wp\/v2\/posts"}],"about":[{"href":"https:\/\/www.mobilimariani.com\/fr\/wp-json\/wp\/v2\/types\/post"}],"author":[{"embeddable":true,"href":"https:\/\/www.mobilimariani.com\/fr\/wp-json\/wp\/v2\/users\/1"}],"replies":[{"embeddable":true,"href":"https:\/\/www.mobilimariani.com\/fr\/wp-json\/wp\/v2\/comments?post=28462"}],"version-history":[{"count":7,"href":"https:\/\/www.mobilimariani.com\/fr\/wp-json\/wp\/v2\/posts\/28462\/revisions"}],"predecessor-version":[{"id":30005,"href":"https:\/\/www.mobilimariani.com\/fr\/wp-json\/wp\/v2\/posts\/28462\/revisions\/30005"}],"wp:attachment":[{"href":"https:\/\/www.mobilimariani.com\/fr\/wp-json\/wp\/v2\/media?parent=28462"}],"wp:term":[{"taxonomy":"category","embeddable":true,"href":"https:\/\/www.mobilimariani.com\/fr\/wp-json\/wp\/v2\/categories?post=28462"},{"taxonomy":"post_tag","embeddable":true,"href":"https:\/\/www.mobilimariani.com\/fr\/wp-json\/wp\/v2\/tags?post=28462"}],"curies":[{"name":"wp","href":"https:\/\/api.w.org\/{rel}","templated":true}]}}