{"id":28414,"date":"2025-08-11T18:00:34","date_gmt":"2025-08-11T16:00:34","guid":{"rendered":"https:\/\/www.mobilimariani.com\/?p=28414"},"modified":"2025-09-27T12:45:07","modified_gmt":"2025-09-27T10:45:07","slug":"ventes-avec-flou-groupe-de-nuit-splendor","status":"publish","type":"post","link":"https:\/\/www.mobilimariani.com\/fr\/ventes-avec-flou-groupe-de-nuit-splendor\/","title":{"rendered":"VENTES AVEC FLOU GROUPE DE NUIT  SPLENDOR"},"content":{"rendered":"<p>VENTES AVEC FLOU GROUPE DE NUIT SPLENDOR<\/p>\n<p>Groupe commode et deux tables de chevet couleur cr\u00e8me, avec une finition laqu\u00e9 brillant. Les tiroirs dot\u00e9s de retour, sont finis \u00e0 l\u2019int\u00e9rieur et utilisent une aide de guidage de haute r\u00e9sistance. Les poign\u00e9es sont nickel noir.<\/p>\n<p>Table de chevet 60 x 50 x 47 h cm.<\/p>\n<p>Commode \u00e0 six tiroirs 120 x 50 x 62 h cm.<\/p>\n<p>PRIX\u00a0 DE\u00a0 LISTE\u00a0 \u200b\u200b\u20ac.\u00a0 5.180,00<\/p>\n<h3><strong>PRIX\u00a0 SELF\u00a0 \u20ac.\u00a0 2.330,00<\/strong><\/h3>\n<p>Pour voir toutes nos ventes,\u00a0<a href=\"https:\/\/www.mobilimariani.com\/fr\/search\/VENTES\">cliquez ici<\/a><\/p>\n<p>Avez-vous besoin de plus d\u2019informations?<\/p>\n<p><a href=\"https:\/\/www.mobilimariani.com\/fr\/contacts\/\" target=\"_blank\" rel=\"noreferrer noopener\">Cliquez ici\u00a0<\/a>\u00a0 et nous vous r\u00e9pondrons<\/p>\n","protected":false},"excerpt":{"rendered":"VENTES AVEC FLOU GROUPE DE NUIT SPLENDOR Groupe commode et deux tables de chevet couleur cr\u00e8me, avec une finition laqu\u00e9 brillant. Les tiroirs dot\u00e9s de retour, sont finis \u00e0 l\u2019int\u00e9rieur et utilisent une aide de guidage de haute r\u00e9sistance. Les poign\u00e9es sont nickel noir. Table de chevet 60 x 50 x 47 h cm. Commode&#8230; <a class=\"view-article\" href=\"https:\/\/www.mobilimariani.com\/fr\/ventes-avec-flou-groupe-de-nuit-splendor\/\">Voir l&#8217;article<\/a>","protected":false},"author":1,"featured_media":0,"comment_status":"closed","ping_status":"closed","sticky":false,"template":"","format":"standard","meta":[],"categories":[8,49,14,38],"tags":[],"yoast_head":"<!-- This site is optimized with the Yoast SEO plugin v16.2 - https:\/\/yoast.com\/wordpress\/plugins\/seo\/ -->\n<meta name=\"description\" content=\"VENTES AVEC FLOU GROUPE DE NUIT SPLENDOR Groupe commode et deux tables de chevet couleur cr\u00e8me, avec une finition laqu\u00e9 brillant. Les tiroirs dot\u00e9s de\" \/>\n<meta name=\"robots\" content=\"index, follow, max-snippet:-1, max-image-preview:large, max-video-preview:-1\" \/>\n<link rel=\"canonical\" href=\"https:\/\/www.mobilimariani.com\/fr\/ventes-avec-flou-groupe-de-nuit-splendor\/\" \/>\n<meta property=\"og:locale\" content=\"fr_FR\" \/>\n<meta property=\"og:type\" content=\"article\" \/>\n<meta property=\"og:title\" content=\"VENTES AVEC FLOU GROUPE DE NUIT SPLENDOR | Mobili Mariani\" \/>\n<meta property=\"og:description\" content=\"VENTES AVEC FLOU GROUPE DE NUIT SPLENDOR Groupe commode et deux tables de chevet couleur cr\u00e8me, avec une finition laqu\u00e9 brillant. Les tiroirs dot\u00e9s de\" \/>\n<meta property=\"og:url\" content=\"https:\/\/www.mobilimariani.com\/fr\/ventes-avec-flou-groupe-de-nuit-splendor\/\" \/>\n<meta property=\"og:site_name\" content=\"Mobili Mariani\" \/>\n<meta property=\"article:published_time\" content=\"2025-08-11T16:00:34+00:00\" \/>\n<meta property=\"article:modified_time\" content=\"2025-09-27T10:45:07+00:00\" \/>\n<meta name=\"twitter:label1\" content=\"Est. reading time\">\n\t<meta name=\"twitter:data1\" content=\"1 minute\">\n<script type=\"application\/ld+json\" class=\"yoast-schema-graph\">{\"@context\":\"https:\/\/schema.org\",\"@graph\":[{\"@type\":\"Organization\",\"@id\":\"https:\/\/www.mobilimariani.com\/#organization\",\"name\":\"Mobili Mariani\",\"url\":\"https:\/\/www.mobilimariani.com\/\",\"sameAs\":[],\"logo\":{\"@type\":\"ImageObject\",\"@id\":\"https:\/\/www.mobilimariani.com\/#logo\",\"inLanguage\":\"fr-CH\",\"url\":\"https:\/\/www.mobilimariani.com\/wp-content\/uploads\/2015\/12\/logo.png\",\"contentUrl\":\"https:\/\/www.mobilimariani.com\/wp-content\/uploads\/2015\/12\/logo.png\",\"width\":160,\"height\":110,\"caption\":\"Mobili Mariani\"},\"image\":{\"@id\":\"https:\/\/www.mobilimariani.com\/#logo\"}},{\"@type\":\"WebSite\",\"@id\":\"https:\/\/www.mobilimariani.com\/#website\",\"url\":\"https:\/\/www.mobilimariani.com\/\",\"name\":\"Mobili Mariani\",\"description\":\"Mobili Italia Svizzera\",\"publisher\":{\"@id\":\"https:\/\/www.mobilimariani.com\/#organization\"},\"potentialAction\":[{\"@type\":\"SearchAction\",\"target\":\"https:\/\/www.mobilimariani.com\/?s={search_term_string}\",\"query-input\":\"required name=search_term_string\"}],\"inLanguage\":\"fr-CH\"},{\"@type\":\"WebPage\",\"@id\":\"https:\/\/www.mobilimariani.com\/fr\/ventes-avec-flou-groupe-de-nuit-splendor\/#webpage\",\"url\":\"https:\/\/www.mobilimariani.com\/fr\/ventes-avec-flou-groupe-de-nuit-splendor\/\",\"name\":\"VENTES AVEC FLOU GROUPE DE NUIT SPLENDOR | Mobili Mariani\",\"isPartOf\":{\"@id\":\"https:\/\/www.mobilimariani.com\/#website\"},\"datePublished\":\"2025-08-11T16:00:34+00:00\",\"dateModified\":\"2025-09-27T10:45:07+00:00\",\"description\":\"VENTES AVEC FLOU GROUPE DE NUIT SPLENDOR Groupe commode et deux tables de chevet couleur cr\\u00e8me, avec une finition laqu\\u00e9 brillant. Les tiroirs dot\\u00e9s de\",\"breadcrumb\":{\"@id\":\"https:\/\/www.mobilimariani.com\/fr\/ventes-avec-flou-groupe-de-nuit-splendor\/#breadcrumb\"},\"inLanguage\":\"fr-CH\",\"potentialAction\":[{\"@type\":\"ReadAction\",\"target\":[\"https:\/\/www.mobilimariani.com\/fr\/ventes-avec-flou-groupe-de-nuit-splendor\/\"]}]},{\"@type\":\"BreadcrumbList\",\"@id\":\"https:\/\/www.mobilimariani.com\/fr\/ventes-avec-flou-groupe-de-nuit-splendor\/#breadcrumb\",\"itemListElement\":[{\"@type\":\"ListItem\",\"position\":1,\"item\":{\"@type\":\"WebPage\",\"@id\":\"https:\/\/www.mobilimariani.com\/\",\"url\":\"https:\/\/www.mobilimariani.com\/\",\"name\":\"Home\"}},{\"@type\":\"ListItem\",\"position\":2,\"item\":{\"@id\":\"https:\/\/www.mobilimariani.com\/fr\/ventes-avec-flou-groupe-de-nuit-splendor\/#webpage\"}}]},{\"@type\":\"Article\",\"@id\":\"https:\/\/www.mobilimariani.com\/fr\/ventes-avec-flou-groupe-de-nuit-splendor\/#article\",\"isPartOf\":{\"@id\":\"https:\/\/www.mobilimariani.com\/fr\/ventes-avec-flou-groupe-de-nuit-splendor\/#webpage\"},\"author\":{\"@id\":\"https:\/\/www.mobilimariani.com\/#\/schema\/person\/4685d9f51269134e53f988c9122315f4\"},\"headline\":\"VENTES AVEC FLOU GROUPE DE NUIT SPLENDOR\",\"datePublished\":\"2025-08-11T16:00:34+00:00\",\"dateModified\":\"2025-09-27T10:45:07+00:00\",\"mainEntityOfPage\":{\"@id\":\"https:\/\/www.mobilimariani.com\/fr\/ventes-avec-flou-groupe-de-nuit-splendor\/#webpage\"},\"publisher\":{\"@id\":\"https:\/\/www.mobilimariani.com\/#organization\"},\"articleSection\":[\"News\",\"Offres zone nuit\",\"Outlet\",\"Promotions\"],\"inLanguage\":\"fr-CH\"},{\"@type\":\"Person\",\"@id\":\"https:\/\/www.mobilimariani.com\/#\/schema\/person\/4685d9f51269134e53f988c9122315f4\",\"name\":\"14m4rC008\",\"image\":{\"@type\":\"ImageObject\",\"@id\":\"https:\/\/www.mobilimariani.com\/#personlogo\",\"inLanguage\":\"fr-CH\",\"url\":\"https:\/\/secure.gravatar.com\/avatar\/dfaa6e536fec7030712cf850e9ddef45?s=96&d=mm&r=g\",\"contentUrl\":\"https:\/\/secure.gravatar.com\/avatar\/dfaa6e536fec7030712cf850e9ddef45?s=96&d=mm&r=g\",\"caption\":\"14m4rC008\"}}]}<\/script>\n<!-- \/ Yoast SEO plugin. -->","_links":{"self":[{"href":"https:\/\/www.mobilimariani.com\/fr\/wp-json\/wp\/v2\/posts\/28414"}],"collection":[{"href":"https:\/\/www.mobilimariani.com\/fr\/wp-json\/wp\/v2\/posts"}],"about":[{"href":"https:\/\/www.mobilimariani.com\/fr\/wp-json\/wp\/v2\/types\/post"}],"author":[{"embeddable":true,"href":"https:\/\/www.mobilimariani.com\/fr\/wp-json\/wp\/v2\/users\/1"}],"replies":[{"embeddable":true,"href":"https:\/\/www.mobilimariani.com\/fr\/wp-json\/wp\/v2\/comments?post=28414"}],"version-history":[{"count":8,"href":"https:\/\/www.mobilimariani.com\/fr\/wp-json\/wp\/v2\/posts\/28414\/revisions"}],"predecessor-version":[{"id":28609,"href":"https:\/\/www.mobilimariani.com\/fr\/wp-json\/wp\/v2\/posts\/28414\/revisions\/28609"}],"wp:attachment":[{"href":"https:\/\/www.mobilimariani.com\/fr\/wp-json\/wp\/v2\/media?parent=28414"}],"wp:term":[{"taxonomy":"category","embeddable":true,"href":"https:\/\/www.mobilimariani.com\/fr\/wp-json\/wp\/v2\/categories?post=28414"},{"taxonomy":"post_tag","embeddable":true,"href":"https:\/\/www.mobilimariani.com\/fr\/wp-json\/wp\/v2\/tags?post=28414"}],"curies":[{"name":"wp","href":"https:\/\/api.w.org\/{rel}","templated":true}]}}