{"id":28331,"date":"2023-07-26T17:15:04","date_gmt":"2023-07-26T15:15:04","guid":{"rendered":"https:\/\/www.mobilimariani.com\/?p=28331"},"modified":"2025-10-20T09:38:27","modified_gmt":"2025-10-20T07:38:27","slug":"ventes-avec-flou-groupe-de-nuit-sanya","status":"publish","type":"post","link":"https:\/\/www.mobilimariani.com\/fr\/ventes-avec-flou-groupe-de-nuit-sanya\/","title":{"rendered":"VENTES AVEC FLOU GROUPE DE NUIT SANYA"},"content":{"rendered":"<p>VENTES AVEC FLOU GROUPE DE NUIT SANYA<\/p>\n<p>Groupe de nuit Sanya compos\u00e9 d&#8217;une table de chevet \u00e0 un tiroir et d&#8217;une colonne \u00e0 cinq tiroirs.<\/p>\n<p>Structure en aluminium et MDF. Tiroirs enti\u00e8rement extractibles \u00e0 fermeture amortie.<\/p>\n<p>Structure et tiroirs en laqu\u00e9 blanc mat.<\/p>\n<p>Table de chevet cm. 66,5 x 48 x 46 h.<\/p>\n<p>Hebdomadaire cm. 66,5 x 48 x 130 h.<\/p>\n<p>Liste de prix \u200b\u200b\u20ac 6.110,00<\/p>\n<h3><strong>PRIX AUTONOME \u20ac 2.990,00<\/strong><\/h3>\n<p>Pour voir toutes nos ventes,\u00a0<a href=\"https:\/\/www.mobilimariani.com\/fr\/search\/VENTES\">cliquez ici<\/a><\/p>\n<p>Avez-vous besoin de plus d\u2019informations?<\/p>\n<p><a href=\"https:\/\/www.mobilimariani.com\/fr\/contacts\/\" target=\"_blank\" rel=\"noreferrer noopener\">Cliquez ici\u00a0<\/a>\u00a0et nous vous r\u00e9pondrons<\/p>\n","protected":false},"excerpt":{"rendered":"VENTES AVEC FLOU GROUPE DE NUIT SANYA Groupe de nuit Sanya compos\u00e9 d&#8217;une table de chevet \u00e0 un tiroir et d&#8217;une colonne \u00e0 cinq tiroirs. Structure en aluminium et MDF. Tiroirs enti\u00e8rement extractibles \u00e0 fermeture amortie. Structure et tiroirs en laqu\u00e9 blanc mat. Table de chevet cm. 66,5 x 48 x 46 h. Hebdomadaire cm&#8230;. <a class=\"view-article\" href=\"https:\/\/www.mobilimariani.com\/fr\/ventes-avec-flou-groupe-de-nuit-sanya\/\">Voir l&#8217;article<\/a>","protected":false},"author":1,"featured_media":0,"comment_status":"closed","ping_status":"closed","sticky":false,"template":"","format":"standard","meta":[],"categories":[8,49,14,38],"tags":[],"yoast_head":"<!-- This site is optimized with the Yoast SEO plugin v16.2 - https:\/\/yoast.com\/wordpress\/plugins\/seo\/ -->\n<meta name=\"description\" content=\"VENTES AVEC FLOU GROUPE DE NUIT SANYA Groupe de nuit Sanya compos\u00e9 d&#039;une table de chevet \u00e0 un tiroir et d&#039;une colonne \u00e0 cinq tiroirs. Structure en\" \/>\n<meta name=\"robots\" content=\"index, follow, max-snippet:-1, max-image-preview:large, max-video-preview:-1\" \/>\n<link rel=\"canonical\" href=\"https:\/\/www.mobilimariani.com\/fr\/ventes-avec-flou-groupe-de-nuit-sanya\/\" \/>\n<meta property=\"og:locale\" content=\"fr_FR\" \/>\n<meta property=\"og:type\" content=\"article\" \/>\n<meta property=\"og:title\" content=\"VENTES AVEC FLOU GROUPE DE NUIT SANYA | Mobili Mariani\" \/>\n<meta property=\"og:description\" content=\"VENTES AVEC FLOU GROUPE DE NUIT SANYA Groupe de nuit Sanya compos\u00e9 d&#039;une table de chevet \u00e0 un tiroir et d&#039;une colonne \u00e0 cinq tiroirs. Structure en\" \/>\n<meta property=\"og:url\" content=\"https:\/\/www.mobilimariani.com\/fr\/ventes-avec-flou-groupe-de-nuit-sanya\/\" \/>\n<meta property=\"og:site_name\" content=\"Mobili Mariani\" \/>\n<meta property=\"article:published_time\" content=\"2023-07-26T15:15:04+00:00\" \/>\n<meta property=\"article:modified_time\" content=\"2025-10-20T07:38:27+00:00\" \/>\n<meta name=\"twitter:label1\" content=\"Est. reading time\">\n\t<meta name=\"twitter:data1\" content=\"1 minute\">\n<script type=\"application\/ld+json\" class=\"yoast-schema-graph\">{\"@context\":\"https:\/\/schema.org\",\"@graph\":[{\"@type\":\"Organization\",\"@id\":\"https:\/\/www.mobilimariani.com\/#organization\",\"name\":\"Mobili Mariani\",\"url\":\"https:\/\/www.mobilimariani.com\/\",\"sameAs\":[],\"logo\":{\"@type\":\"ImageObject\",\"@id\":\"https:\/\/www.mobilimariani.com\/#logo\",\"inLanguage\":\"fr-CH\",\"url\":\"https:\/\/www.mobilimariani.com\/wp-content\/uploads\/2015\/12\/logo.png\",\"contentUrl\":\"https:\/\/www.mobilimariani.com\/wp-content\/uploads\/2015\/12\/logo.png\",\"width\":160,\"height\":110,\"caption\":\"Mobili Mariani\"},\"image\":{\"@id\":\"https:\/\/www.mobilimariani.com\/#logo\"}},{\"@type\":\"WebSite\",\"@id\":\"https:\/\/www.mobilimariani.com\/#website\",\"url\":\"https:\/\/www.mobilimariani.com\/\",\"name\":\"Mobili Mariani\",\"description\":\"Mobili Italia Svizzera\",\"publisher\":{\"@id\":\"https:\/\/www.mobilimariani.com\/#organization\"},\"potentialAction\":[{\"@type\":\"SearchAction\",\"target\":\"https:\/\/www.mobilimariani.com\/?s={search_term_string}\",\"query-input\":\"required name=search_term_string\"}],\"inLanguage\":\"fr-CH\"},{\"@type\":\"WebPage\",\"@id\":\"https:\/\/www.mobilimariani.com\/fr\/ventes-avec-flou-groupe-de-nuit-sanya\/#webpage\",\"url\":\"https:\/\/www.mobilimariani.com\/fr\/ventes-avec-flou-groupe-de-nuit-sanya\/\",\"name\":\"VENTES AVEC FLOU GROUPE DE NUIT SANYA | Mobili Mariani\",\"isPartOf\":{\"@id\":\"https:\/\/www.mobilimariani.com\/#website\"},\"datePublished\":\"2023-07-26T15:15:04+00:00\",\"dateModified\":\"2025-10-20T07:38:27+00:00\",\"description\":\"VENTES AVEC FLOU GROUPE DE NUIT SANYA Groupe de nuit Sanya compos\\u00e9 d'une table de chevet \\u00e0 un tiroir et d'une colonne \\u00e0 cinq tiroirs. Structure en\",\"breadcrumb\":{\"@id\":\"https:\/\/www.mobilimariani.com\/fr\/ventes-avec-flou-groupe-de-nuit-sanya\/#breadcrumb\"},\"inLanguage\":\"fr-CH\",\"potentialAction\":[{\"@type\":\"ReadAction\",\"target\":[\"https:\/\/www.mobilimariani.com\/fr\/ventes-avec-flou-groupe-de-nuit-sanya\/\"]}]},{\"@type\":\"BreadcrumbList\",\"@id\":\"https:\/\/www.mobilimariani.com\/fr\/ventes-avec-flou-groupe-de-nuit-sanya\/#breadcrumb\",\"itemListElement\":[{\"@type\":\"ListItem\",\"position\":1,\"item\":{\"@type\":\"WebPage\",\"@id\":\"https:\/\/www.mobilimariani.com\/\",\"url\":\"https:\/\/www.mobilimariani.com\/\",\"name\":\"Home\"}},{\"@type\":\"ListItem\",\"position\":2,\"item\":{\"@id\":\"https:\/\/www.mobilimariani.com\/fr\/ventes-avec-flou-groupe-de-nuit-sanya\/#webpage\"}}]},{\"@type\":\"Article\",\"@id\":\"https:\/\/www.mobilimariani.com\/fr\/ventes-avec-flou-groupe-de-nuit-sanya\/#article\",\"isPartOf\":{\"@id\":\"https:\/\/www.mobilimariani.com\/fr\/ventes-avec-flou-groupe-de-nuit-sanya\/#webpage\"},\"author\":{\"@id\":\"https:\/\/www.mobilimariani.com\/#\/schema\/person\/4685d9f51269134e53f988c9122315f4\"},\"headline\":\"VENTES AVEC FLOU GROUPE DE NUIT SANYA\",\"datePublished\":\"2023-07-26T15:15:04+00:00\",\"dateModified\":\"2025-10-20T07:38:27+00:00\",\"mainEntityOfPage\":{\"@id\":\"https:\/\/www.mobilimariani.com\/fr\/ventes-avec-flou-groupe-de-nuit-sanya\/#webpage\"},\"publisher\":{\"@id\":\"https:\/\/www.mobilimariani.com\/#organization\"},\"articleSection\":[\"News\",\"Offres zone nuit\",\"Outlet\",\"Promotions\"],\"inLanguage\":\"fr-CH\"},{\"@type\":\"Person\",\"@id\":\"https:\/\/www.mobilimariani.com\/#\/schema\/person\/4685d9f51269134e53f988c9122315f4\",\"name\":\"14m4rC008\",\"image\":{\"@type\":\"ImageObject\",\"@id\":\"https:\/\/www.mobilimariani.com\/#personlogo\",\"inLanguage\":\"fr-CH\",\"url\":\"https:\/\/secure.gravatar.com\/avatar\/dfaa6e536fec7030712cf850e9ddef45?s=96&d=mm&r=g\",\"contentUrl\":\"https:\/\/secure.gravatar.com\/avatar\/dfaa6e536fec7030712cf850e9ddef45?s=96&d=mm&r=g\",\"caption\":\"14m4rC008\"}}]}<\/script>\n<!-- \/ Yoast SEO plugin. -->","_links":{"self":[{"href":"https:\/\/www.mobilimariani.com\/fr\/wp-json\/wp\/v2\/posts\/28331"}],"collection":[{"href":"https:\/\/www.mobilimariani.com\/fr\/wp-json\/wp\/v2\/posts"}],"about":[{"href":"https:\/\/www.mobilimariani.com\/fr\/wp-json\/wp\/v2\/types\/post"}],"author":[{"embeddable":true,"href":"https:\/\/www.mobilimariani.com\/fr\/wp-json\/wp\/v2\/users\/1"}],"replies":[{"embeddable":true,"href":"https:\/\/www.mobilimariani.com\/fr\/wp-json\/wp\/v2\/comments?post=28331"}],"version-history":[{"count":7,"href":"https:\/\/www.mobilimariani.com\/fr\/wp-json\/wp\/v2\/posts\/28331\/revisions"}],"predecessor-version":[{"id":32692,"href":"https:\/\/www.mobilimariani.com\/fr\/wp-json\/wp\/v2\/posts\/28331\/revisions\/32692"}],"wp:attachment":[{"href":"https:\/\/www.mobilimariani.com\/fr\/wp-json\/wp\/v2\/media?parent=28331"}],"wp:term":[{"taxonomy":"category","embeddable":true,"href":"https:\/\/www.mobilimariani.com\/fr\/wp-json\/wp\/v2\/categories?post=28331"},{"taxonomy":"post_tag","embeddable":true,"href":"https:\/\/www.mobilimariani.com\/fr\/wp-json\/wp\/v2\/tags?post=28331"}],"curies":[{"name":"wp","href":"https:\/\/api.w.org\/{rel}","templated":true}]}}