{"id":28270,"date":"2024-09-30T19:44:54","date_gmt":"2024-09-30T17:44:54","guid":{"rendered":"https:\/\/www.mobilimariani.com\/?p=28270"},"modified":"2025-11-17T10:51:05","modified_gmt":"2025-11-17T09:51:05","slug":"ventes-avec-flou-plaid-pile","status":"publish","type":"post","link":"https:\/\/www.mobilimariani.com\/fr\/ventes-avec-flou-plaid-pile\/","title":{"rendered":"VENTES AVEC FLOU PLAID PILE"},"content":{"rendered":"<p><strong>VENTES AVEC FLOU PLAID PILE<\/strong><\/p>\n<p>Plaid\u00a0 pile cm. 160 x 180<\/p>\n<p id=\"tw-target-text\" class=\"tw-data-text tw-text-large tw-ta\" dir=\"ltr\" data-placeholder=\"Traduzione\" data-ved=\"2ahUKEwinm_u3356EAxU_SfEDHVnTC5YQ3ewLegQIBRAU\"><span class=\"Y2IQFc\" lang=\"fr\">disponible dans les variations de couleurs photographi\u00e9es<\/span><\/p>\n<p>Liste de prix\u00a0 \u20ac. 124,00<\/p>\n<p><strong>PRIX AUTONOME\u00a0 \u20ac.\u00a0 50,00<\/strong><\/p>\n<p>DISPONIBLE JUSQU\u2019\u00c0 \u00c9PUISEMENT DES STOCKS<\/p>\n<p><strong>DERNI\u00c8RE COULEUR DISPONIBLE : BRIQUE<\/strong><\/p>\n<p>Pour voir toutes les plaids\u00a0en solde,\u00a0<a href=\"https:\/\/www.mobilimariani.com\/fr\/search\/plaid\">cliquez ici<\/a><\/p>\n<p>Pour voir toutes nos ventes,\u00a0<a href=\"https:\/\/www.mobilimariani.com\/fr\/search\/VENTES\">cliquez ici<\/a><\/p>\n<p>Pour d\u00e9couvrir la marque Flou,\u00a0<a href=\"https:\/\/www.mobilimariani.com\/fr\/concessionnaire-flou\/\">cliquez ici<\/a><\/p>\n<p>Avez-vous besoin de plus d\u2019informations?<\/p>\n<p><a href=\"https:\/\/www.mobilimariani.com\/fr\/contacts\/\" target=\"_blank\" rel=\"noreferrer noopener\">Cliquez ici\u00a0<\/a>\u00a0et nous vous r\u00e9pondrons<\/p>\n","protected":false},"excerpt":{"rendered":"VENTES AVEC FLOU PLAID PILE Plaid\u00a0 pile cm. 160 x 180 disponible dans les variations de couleurs photographi\u00e9es Liste de prix\u00a0 \u20ac. 124,00 PRIX AUTONOME\u00a0 \u20ac.\u00a0 50,00 DISPONIBLE JUSQU\u2019\u00c0 \u00c9PUISEMENT DES STOCKS DERNI\u00c8RE COULEUR DISPONIBLE : BRIQUE Pour voir toutes les plaids\u00a0en solde,\u00a0cliquez ici Pour voir toutes nos ventes,\u00a0cliquez ici Pour d\u00e9couvrir la marque Flou,\u00a0cliquez&#8230; <a class=\"view-article\" href=\"https:\/\/www.mobilimariani.com\/fr\/ventes-avec-flou-plaid-pile\/\">Voir l&#8217;article<\/a>","protected":false},"author":1,"featured_media":0,"comment_status":"closed","ping_status":"closed","sticky":false,"template":"","format":"standard","meta":[],"categories":[8,48,49,14,38],"tags":[],"yoast_head":"<!-- This site is optimized with the Yoast SEO plugin v16.2 - https:\/\/yoast.com\/wordpress\/plugins\/seo\/ -->\n<meta name=\"description\" content=\"VENTES AVEC FLOU PLAID PILE Plaid\u00a0 pile cm. 160 x 180 disponible dans les variations de couleurs photographi\u00e9es Liste de prix\u00a0 \u20ac. 124,00 PRIX AUTONOME\u00a0\" \/>\n<meta name=\"robots\" content=\"index, follow, max-snippet:-1, max-image-preview:large, max-video-preview:-1\" \/>\n<link rel=\"canonical\" href=\"https:\/\/www.mobilimariani.com\/fr\/ventes-avec-flou-plaid-pile\/\" \/>\n<meta property=\"og:locale\" content=\"fr_FR\" \/>\n<meta property=\"og:type\" content=\"article\" \/>\n<meta property=\"og:title\" content=\"VENTES AVEC FLOU PLAID PILE | Mobili Mariani\" \/>\n<meta property=\"og:description\" content=\"VENTES AVEC FLOU PLAID PILE Plaid\u00a0 pile cm. 160 x 180 disponible dans les variations de couleurs photographi\u00e9es Liste de prix\u00a0 \u20ac. 124,00 PRIX AUTONOME\u00a0\" \/>\n<meta property=\"og:url\" content=\"https:\/\/www.mobilimariani.com\/fr\/ventes-avec-flou-plaid-pile\/\" \/>\n<meta property=\"og:site_name\" content=\"Mobili Mariani\" \/>\n<meta property=\"article:published_time\" content=\"2024-09-30T17:44:54+00:00\" \/>\n<meta property=\"article:modified_time\" content=\"2025-11-17T09:51:05+00:00\" \/>\n<meta name=\"twitter:label1\" content=\"Est. reading time\">\n\t<meta name=\"twitter:data1\" content=\"1 minute\">\n<script type=\"application\/ld+json\" class=\"yoast-schema-graph\">{\"@context\":\"https:\/\/schema.org\",\"@graph\":[{\"@type\":\"Organization\",\"@id\":\"https:\/\/www.mobilimariani.com\/#organization\",\"name\":\"Mobili Mariani\",\"url\":\"https:\/\/www.mobilimariani.com\/\",\"sameAs\":[],\"logo\":{\"@type\":\"ImageObject\",\"@id\":\"https:\/\/www.mobilimariani.com\/#logo\",\"inLanguage\":\"fr-CH\",\"url\":\"https:\/\/www.mobilimariani.com\/wp-content\/uploads\/2015\/12\/logo.png\",\"contentUrl\":\"https:\/\/www.mobilimariani.com\/wp-content\/uploads\/2015\/12\/logo.png\",\"width\":160,\"height\":110,\"caption\":\"Mobili Mariani\"},\"image\":{\"@id\":\"https:\/\/www.mobilimariani.com\/#logo\"}},{\"@type\":\"WebSite\",\"@id\":\"https:\/\/www.mobilimariani.com\/#website\",\"url\":\"https:\/\/www.mobilimariani.com\/\",\"name\":\"Mobili Mariani\",\"description\":\"Mobili Italia Svizzera\",\"publisher\":{\"@id\":\"https:\/\/www.mobilimariani.com\/#organization\"},\"potentialAction\":[{\"@type\":\"SearchAction\",\"target\":\"https:\/\/www.mobilimariani.com\/?s={search_term_string}\",\"query-input\":\"required name=search_term_string\"}],\"inLanguage\":\"fr-CH\"},{\"@type\":\"WebPage\",\"@id\":\"https:\/\/www.mobilimariani.com\/fr\/ventes-avec-flou-plaid-pile\/#webpage\",\"url\":\"https:\/\/www.mobilimariani.com\/fr\/ventes-avec-flou-plaid-pile\/\",\"name\":\"VENTES AVEC FLOU PLAID PILE | Mobili Mariani\",\"isPartOf\":{\"@id\":\"https:\/\/www.mobilimariani.com\/#website\"},\"datePublished\":\"2024-09-30T17:44:54+00:00\",\"dateModified\":\"2025-11-17T09:51:05+00:00\",\"description\":\"VENTES AVEC FLOU PLAID PILE Plaid\\u00a0 pile cm. 160 x 180 disponible dans les variations de couleurs photographi\\u00e9es Liste de prix\\u00a0 \\u20ac. 124,00 PRIX AUTONOME\\u00a0\",\"breadcrumb\":{\"@id\":\"https:\/\/www.mobilimariani.com\/fr\/ventes-avec-flou-plaid-pile\/#breadcrumb\"},\"inLanguage\":\"fr-CH\",\"potentialAction\":[{\"@type\":\"ReadAction\",\"target\":[\"https:\/\/www.mobilimariani.com\/fr\/ventes-avec-flou-plaid-pile\/\"]}]},{\"@type\":\"BreadcrumbList\",\"@id\":\"https:\/\/www.mobilimariani.com\/fr\/ventes-avec-flou-plaid-pile\/#breadcrumb\",\"itemListElement\":[{\"@type\":\"ListItem\",\"position\":1,\"item\":{\"@type\":\"WebPage\",\"@id\":\"https:\/\/www.mobilimariani.com\/\",\"url\":\"https:\/\/www.mobilimariani.com\/\",\"name\":\"Home\"}},{\"@type\":\"ListItem\",\"position\":2,\"item\":{\"@id\":\"https:\/\/www.mobilimariani.com\/fr\/ventes-avec-flou-plaid-pile\/#webpage\"}}]},{\"@type\":\"Article\",\"@id\":\"https:\/\/www.mobilimariani.com\/fr\/ventes-avec-flou-plaid-pile\/#article\",\"isPartOf\":{\"@id\":\"https:\/\/www.mobilimariani.com\/fr\/ventes-avec-flou-plaid-pile\/#webpage\"},\"author\":{\"@id\":\"https:\/\/www.mobilimariani.com\/#\/schema\/person\/4685d9f51269134e53f988c9122315f4\"},\"headline\":\"VENTES AVEC FLOU PLAID PILE\",\"datePublished\":\"2024-09-30T17:44:54+00:00\",\"dateModified\":\"2025-11-17T09:51:05+00:00\",\"mainEntityOfPage\":{\"@id\":\"https:\/\/www.mobilimariani.com\/fr\/ventes-avec-flou-plaid-pile\/#webpage\"},\"publisher\":{\"@id\":\"https:\/\/www.mobilimariani.com\/#organization\"},\"articleSection\":[\"News\",\"Offres Zone Jour\",\"Offres zone nuit\",\"Outlet\",\"Promotions\"],\"inLanguage\":\"fr-CH\"},{\"@type\":\"Person\",\"@id\":\"https:\/\/www.mobilimariani.com\/#\/schema\/person\/4685d9f51269134e53f988c9122315f4\",\"name\":\"14m4rC008\",\"image\":{\"@type\":\"ImageObject\",\"@id\":\"https:\/\/www.mobilimariani.com\/#personlogo\",\"inLanguage\":\"fr-CH\",\"url\":\"https:\/\/secure.gravatar.com\/avatar\/dfaa6e536fec7030712cf850e9ddef45?s=96&d=mm&r=g\",\"contentUrl\":\"https:\/\/secure.gravatar.com\/avatar\/dfaa6e536fec7030712cf850e9ddef45?s=96&d=mm&r=g\",\"caption\":\"14m4rC008\"}}]}<\/script>\n<!-- \/ Yoast SEO plugin. -->","_links":{"self":[{"href":"https:\/\/www.mobilimariani.com\/fr\/wp-json\/wp\/v2\/posts\/28270"}],"collection":[{"href":"https:\/\/www.mobilimariani.com\/fr\/wp-json\/wp\/v2\/posts"}],"about":[{"href":"https:\/\/www.mobilimariani.com\/fr\/wp-json\/wp\/v2\/types\/post"}],"author":[{"embeddable":true,"href":"https:\/\/www.mobilimariani.com\/fr\/wp-json\/wp\/v2\/users\/1"}],"replies":[{"embeddable":true,"href":"https:\/\/www.mobilimariani.com\/fr\/wp-json\/wp\/v2\/comments?post=28270"}],"version-history":[{"count":11,"href":"https:\/\/www.mobilimariani.com\/fr\/wp-json\/wp\/v2\/posts\/28270\/revisions"}],"predecessor-version":[{"id":33175,"href":"https:\/\/www.mobilimariani.com\/fr\/wp-json\/wp\/v2\/posts\/28270\/revisions\/33175"}],"wp:attachment":[{"href":"https:\/\/www.mobilimariani.com\/fr\/wp-json\/wp\/v2\/media?parent=28270"}],"wp:term":[{"taxonomy":"category","embeddable":true,"href":"https:\/\/www.mobilimariani.com\/fr\/wp-json\/wp\/v2\/categories?post=28270"},{"taxonomy":"post_tag","embeddable":true,"href":"https:\/\/www.mobilimariani.com\/fr\/wp-json\/wp\/v2\/tags?post=28270"}],"curies":[{"name":"wp","href":"https:\/\/api.w.org\/{rel}","templated":true}]}}