{"id":2822,"date":"2017-08-20T19:10:45","date_gmt":"2017-08-20T17:10:45","guid":{"rendered":"https:\/\/www.mobilimariani.com\/?p=2822"},"modified":"2021-07-31T18:04:47","modified_gmt":"2021-07-31T16:04:47","slug":"flou-lit-double-angle","status":"publish","type":"post","link":"https:\/\/www.mobilimariani.com\/fr\/flou-lit-double-angle\/","title":{"rendered":"FLOU LIT DOUBLE ANGLE"},"content":{"rendered":"<p>FLOU LIT DOUBLE ANGLE<\/p>\n<p>Flou Angle Double ligne importante, pr\u00e9vue en version simple ou un \u00e9cran.<\/p>\n<p>La t\u00eate de lit rembourr\u00e9e est disponible en veste matelass\u00e9e lisse ou avec un tissu enti\u00e8rement d\u00e9houssable, cuir ou nubuck.<\/p>\n<p>Disponible-printemps, la base fixe ou plancher du conteneur de base et de repos lamelles orientables, orthop\u00e9diques, avec \u00e9lectrique ou \u00e9lectrique \/ manuel.<\/p>\n<p>Intersection entre les panneaux et test\u00e9 le mod\u00e8le avec \u00e9cran, vous pouvez saisir les lampes Angle tubulaire chrome poli, or ou bronze.<\/p>\n<p>Disponible pour matelas cm.160 \/170 \/180 de largeur, cm. 190\/200 \/ 210 \u00a0longueur.<\/p>\n<p>Pour d\u00e9couvrir les bases\u00a0du\u00a0lit,\u00a0<a href=\"https:\/\/www.mobilimariani.com\/flou-le-basi-dei-letti\/?lang=fr\">cliquez ici<\/a><\/p>\n<p>Pour d\u00e9couvrir le sommier\u00a0avec mouvement\u00a0<a href=\"https:\/\/www.mobilimariani.com\/flou-base-rete-movimento\/?lang=fr\">cliquez ici<\/a><\/p>\n<p>Pour conna\u00eetre les\u00a0<span id=\"OT432079633\">rev\u00eatements\u00a0<\/span>\u00a0en tissu\u00a0<a href=\"https:\/\/www.mobilimariani.com\/fr\/flou-les-revetements\/\">cliquez ici\u00a0<\/a>\u00a0pour les\u00a0rev\u00eatements en cuir\u00a0<a href=\"https:\/\/www.mobilimariani.com\/flou-rivestimenti-la-pelle\/?lang=fr\">ici<\/a><\/p>\n<p>Pour d\u00e9couvrir la marque Flou <a title=\"FLOU\" href=\"https:\/\/www.mobilimariani.com\/fr\/concessionnaire-flou\/\">cliquez ici<\/a><\/p>\n<p>Pour d\u00e9couvrir le catalogue de tous nos lits\u00a0<a href=\"https:\/\/www.mobilimariani.com\/fr\/search\/lit\">cliquez ici<\/a><\/p>\n<p>Vous voulez conna\u00eetre notre meilleur prix pour cet article?\u00a0<a href=\"https:\/\/www.mobilimariani.com\/fr\/contacts\/\">Cliquez ici<\/a>\u00a0et envoyez-nous la demande indiquant le lieu d\u2019exp\u00e9dition<\/p>\n<p>Pour nos clients suisses, la TVA italienne sera d\u00e9duite.<\/p>\n","protected":false},"excerpt":{"rendered":"FLOU LIT DOUBLE ANGLE Flou Angle Double ligne importante, pr\u00e9vue en version simple ou un \u00e9cran. La t\u00eate de lit rembourr\u00e9e est disponible en veste matelass\u00e9e lisse ou avec un tissu enti\u00e8rement d\u00e9houssable, cuir ou nubuck. Disponible-printemps, la base fixe ou plancher du conteneur de base et de repos lamelles orientables, orthop\u00e9diques, avec \u00e9lectrique ou&#8230; <a class=\"view-article\" href=\"https:\/\/www.mobilimariani.com\/fr\/flou-lit-double-angle\/\">Voir l&#8217;article<\/a>","protected":false},"author":1,"featured_media":55,"comment_status":"closed","ping_status":"closed","sticky":false,"template":"","format":"standard","meta":[],"categories":[1,5,2],"tags":[2148,2147],"yoast_head":"<!-- This site is optimized with the Yoast SEO plugin v16.2 - https:\/\/yoast.com\/wordpress\/plugins\/seo\/ -->\n<meta name=\"description\" content=\"FLOU LIT DOUBLE ANGLE Flou Angle Double ligne importante, pr\u00e9vue en version simple ou un \u00e9cran. La t\u00eate de lit rembourr\u00e9e est disponible en veste\" \/>\n<meta name=\"robots\" content=\"index, follow, max-snippet:-1, max-image-preview:large, max-video-preview:-1\" \/>\n<link rel=\"canonical\" href=\"https:\/\/www.mobilimariani.com\/fr\/flou-lit-double-angle\/\" \/>\n<meta property=\"og:locale\" content=\"fr_FR\" \/>\n<meta property=\"og:type\" content=\"article\" \/>\n<meta property=\"og:title\" content=\"FLOU LIT DOUBLE ANGLE | Mobili Mariani\" \/>\n<meta property=\"og:description\" content=\"FLOU LIT DOUBLE ANGLE Flou Angle Double ligne importante, pr\u00e9vue en version simple ou un \u00e9cran. La t\u00eate de lit rembourr\u00e9e est disponible en veste\" \/>\n<meta property=\"og:url\" content=\"https:\/\/www.mobilimariani.com\/fr\/flou-lit-double-angle\/\" \/>\n<meta property=\"og:site_name\" content=\"Mobili Mariani\" \/>\n<meta property=\"article:published_time\" content=\"2017-08-20T17:10:45+00:00\" \/>\n<meta property=\"article:modified_time\" content=\"2021-07-31T16:04:47+00:00\" \/>\n<meta property=\"og:image\" content=\"https:\/\/www.mobilimariani.com\/wp-content\/uploads\/2014\/08\/flou-angle.jpg\" \/>\n\t<meta property=\"og:image:width\" content=\"1000\" \/>\n\t<meta property=\"og:image:height\" content=\"614\" \/>\n<meta name=\"twitter:label1\" content=\"Est. reading time\">\n\t<meta name=\"twitter:data1\" content=\"1 minute\">\n<script type=\"application\/ld+json\" class=\"yoast-schema-graph\">{\"@context\":\"https:\/\/schema.org\",\"@graph\":[{\"@type\":\"Organization\",\"@id\":\"https:\/\/www.mobilimariani.com\/#organization\",\"name\":\"Mobili Mariani\",\"url\":\"https:\/\/www.mobilimariani.com\/\",\"sameAs\":[],\"logo\":{\"@type\":\"ImageObject\",\"@id\":\"https:\/\/www.mobilimariani.com\/#logo\",\"inLanguage\":\"fr-CH\",\"url\":\"https:\/\/www.mobilimariani.com\/wp-content\/uploads\/2015\/12\/logo.png\",\"contentUrl\":\"https:\/\/www.mobilimariani.com\/wp-content\/uploads\/2015\/12\/logo.png\",\"width\":160,\"height\":110,\"caption\":\"Mobili Mariani\"},\"image\":{\"@id\":\"https:\/\/www.mobilimariani.com\/#logo\"}},{\"@type\":\"WebSite\",\"@id\":\"https:\/\/www.mobilimariani.com\/#website\",\"url\":\"https:\/\/www.mobilimariani.com\/\",\"name\":\"Mobili Mariani\",\"description\":\"Mobili Italia Svizzera\",\"publisher\":{\"@id\":\"https:\/\/www.mobilimariani.com\/#organization\"},\"potentialAction\":[{\"@type\":\"SearchAction\",\"target\":\"https:\/\/www.mobilimariani.com\/?s={search_term_string}\",\"query-input\":\"required name=search_term_string\"}],\"inLanguage\":\"fr-CH\"},{\"@type\":\"ImageObject\",\"@id\":\"https:\/\/www.mobilimariani.com\/fr\/flou-lit-double-angle\/#primaryimage\",\"inLanguage\":\"fr-CH\",\"url\":\"https:\/\/www.mobilimariani.com\/wp-content\/uploads\/2014\/08\/flou-angle.jpg\",\"contentUrl\":\"https:\/\/www.mobilimariani.com\/wp-content\/uploads\/2014\/08\/flou-angle.jpg\",\"width\":1000,\"height\":614,\"caption\":\"flou angle letto matrimoniale\"},{\"@type\":\"WebPage\",\"@id\":\"https:\/\/www.mobilimariani.com\/fr\/flou-lit-double-angle\/#webpage\",\"url\":\"https:\/\/www.mobilimariani.com\/fr\/flou-lit-double-angle\/\",\"name\":\"FLOU LIT DOUBLE ANGLE | Mobili Mariani\",\"isPartOf\":{\"@id\":\"https:\/\/www.mobilimariani.com\/#website\"},\"primaryImageOfPage\":{\"@id\":\"https:\/\/www.mobilimariani.com\/fr\/flou-lit-double-angle\/#primaryimage\"},\"datePublished\":\"2017-08-20T17:10:45+00:00\",\"dateModified\":\"2021-07-31T16:04:47+00:00\",\"description\":\"FLOU LIT DOUBLE ANGLE Flou Angle Double ligne importante, pr\\u00e9vue en version simple ou un \\u00e9cran. La t\\u00eate de lit rembourr\\u00e9e est disponible en veste\",\"breadcrumb\":{\"@id\":\"https:\/\/www.mobilimariani.com\/fr\/flou-lit-double-angle\/#breadcrumb\"},\"inLanguage\":\"fr-CH\",\"potentialAction\":[{\"@type\":\"ReadAction\",\"target\":[\"https:\/\/www.mobilimariani.com\/fr\/flou-lit-double-angle\/\"]}]},{\"@type\":\"BreadcrumbList\",\"@id\":\"https:\/\/www.mobilimariani.com\/fr\/flou-lit-double-angle\/#breadcrumb\",\"itemListElement\":[{\"@type\":\"ListItem\",\"position\":1,\"item\":{\"@type\":\"WebPage\",\"@id\":\"https:\/\/www.mobilimariani.com\/\",\"url\":\"https:\/\/www.mobilimariani.com\/\",\"name\":\"Home\"}},{\"@type\":\"ListItem\",\"position\":2,\"item\":{\"@id\":\"https:\/\/www.mobilimariani.com\/fr\/flou-lit-double-angle\/#webpage\"}}]},{\"@type\":\"Article\",\"@id\":\"https:\/\/www.mobilimariani.com\/fr\/flou-lit-double-angle\/#article\",\"isPartOf\":{\"@id\":\"https:\/\/www.mobilimariani.com\/fr\/flou-lit-double-angle\/#webpage\"},\"author\":{\"@id\":\"https:\/\/www.mobilimariani.com\/#\/schema\/person\/4685d9f51269134e53f988c9122315f4\"},\"headline\":\"FLOU LIT DOUBLE ANGLE\",\"datePublished\":\"2017-08-20T17:10:45+00:00\",\"dateModified\":\"2021-07-31T16:04:47+00:00\",\"mainEntityOfPage\":{\"@id\":\"https:\/\/www.mobilimariani.com\/fr\/flou-lit-double-angle\/#webpage\"},\"publisher\":{\"@id\":\"https:\/\/www.mobilimariani.com\/#organization\"},\"image\":{\"@id\":\"https:\/\/www.mobilimariani.com\/fr\/flou-lit-double-angle\/#primaryimage\"},\"keywords\":[\"chambres lit design italien\",\"lits design italien\"],\"articleSection\":[\"Catalogue\",\"Lits\",\"Zone nuit\"],\"inLanguage\":\"fr-CH\"},{\"@type\":\"Person\",\"@id\":\"https:\/\/www.mobilimariani.com\/#\/schema\/person\/4685d9f51269134e53f988c9122315f4\",\"name\":\"14m4rC008\",\"image\":{\"@type\":\"ImageObject\",\"@id\":\"https:\/\/www.mobilimariani.com\/#personlogo\",\"inLanguage\":\"fr-CH\",\"url\":\"https:\/\/secure.gravatar.com\/avatar\/dfaa6e536fec7030712cf850e9ddef45?s=96&d=mm&r=g\",\"contentUrl\":\"https:\/\/secure.gravatar.com\/avatar\/dfaa6e536fec7030712cf850e9ddef45?s=96&d=mm&r=g\",\"caption\":\"14m4rC008\"}}]}<\/script>\n<!-- \/ Yoast SEO plugin. -->","_links":{"self":[{"href":"https:\/\/www.mobilimariani.com\/fr\/wp-json\/wp\/v2\/posts\/2822"}],"collection":[{"href":"https:\/\/www.mobilimariani.com\/fr\/wp-json\/wp\/v2\/posts"}],"about":[{"href":"https:\/\/www.mobilimariani.com\/fr\/wp-json\/wp\/v2\/types\/post"}],"author":[{"embeddable":true,"href":"https:\/\/www.mobilimariani.com\/fr\/wp-json\/wp\/v2\/users\/1"}],"replies":[{"embeddable":true,"href":"https:\/\/www.mobilimariani.com\/fr\/wp-json\/wp\/v2\/comments?post=2822"}],"version-history":[{"count":7,"href":"https:\/\/www.mobilimariani.com\/fr\/wp-json\/wp\/v2\/posts\/2822\/revisions"}],"predecessor-version":[{"id":27401,"href":"https:\/\/www.mobilimariani.com\/fr\/wp-json\/wp\/v2\/posts\/2822\/revisions\/27401"}],"wp:featuredmedia":[{"embeddable":true,"href":"https:\/\/www.mobilimariani.com\/fr\/wp-json\/wp\/v2\/media\/55"}],"wp:attachment":[{"href":"https:\/\/www.mobilimariani.com\/fr\/wp-json\/wp\/v2\/media?parent=2822"}],"wp:term":[{"taxonomy":"category","embeddable":true,"href":"https:\/\/www.mobilimariani.com\/fr\/wp-json\/wp\/v2\/categories?post=2822"},{"taxonomy":"post_tag","embeddable":true,"href":"https:\/\/www.mobilimariani.com\/fr\/wp-json\/wp\/v2\/tags?post=2822"}],"curies":[{"name":"wp","href":"https:\/\/api.w.org\/{rel}","templated":true}]}}