{"id":28170,"date":"2022-03-03T16:39:51","date_gmt":"2022-03-03T15:39:51","guid":{"rendered":"https:\/\/www.mobilimariani.com\/?p=28170"},"modified":"2023-08-11T11:18:32","modified_gmt":"2023-08-11T09:18:32","slug":"ventes-lema-fauteuils-bice","status":"publish","type":"post","link":"https:\/\/www.mobilimariani.com\/fr\/ventes-lema-fauteuils-bice\/","title":{"rendered":"VENTES LEMA FAUTEUILS BICE"},"content":{"rendered":"<p>VENTES LEMA FAUTEUILS BICE<\/p>\n<p>Paire de fauteuils Bice<\/p>\n<p>Un passe-partout, un nouveau classique qui s&#8217;identifie aux formes accueillantes et \u00e0 l&#8217;\u00e2me vintage. La solution parfaite pour toutes les pi\u00e8ces de la maison, du salon \u00e0 la chambre. Il se caract\u00e9rise par la l\u00e9g\u00e8re structure en m\u00e9tal bronz\u00e9.<\/p>\n<p>Liste de prix \u20ac\u00a0 VENDU<\/p>\n<p>PRIX AUTONOME de deux fauteuils \u20ac<\/p>\n<h2><strong>AVEC REMISE SUPPL\u00c9MENTAIRE PRIX AUTONOME \u201cDERNIERS JOURS\u201d \u20ac VENDU<\/strong><\/h2>\n<p>Lampe Flou en tissu amovible mod. Juna cm. 35 x 35 x 172 h<\/p>\n<p>Liste de prix \u20ac VENDU<\/p>\n<p>PRIX AUTONOME \u20ac VENDU<\/p>\n<p>Pour voir toutes nos ventes, <a href=\"https:\/\/www.mobilimariani.com\/fr\/search\/VENTES\">cliquez ici<\/a><\/p>\n<p>Avez-vous besoin de plus d\u2019informations?<\/p>\n<p><a href=\"https:\/\/www.mobilimariani.com\/fr\/contacts\/\" target=\"_blank\" rel=\"noreferrer noopener\">Cliquez ici\u00a0<\/a>\u00a0et nous vous r\u00e9pondrons<\/p>\n","protected":false},"excerpt":{"rendered":"VENTES LEMA FAUTEUILS BICE Paire de fauteuils Bice Un passe-partout, un nouveau classique qui s&#8217;identifie aux formes accueillantes et \u00e0 l&#8217;\u00e2me vintage. La solution parfaite pour toutes les pi\u00e8ces de la maison, du salon \u00e0 la chambre. Il se caract\u00e9rise par la l\u00e9g\u00e8re structure en m\u00e9tal bronz\u00e9. Liste de prix \u20ac\u00a0 VENDU PRIX AUTONOME de&#8230; <a class=\"view-article\" href=\"https:\/\/www.mobilimariani.com\/fr\/ventes-lema-fauteuils-bice\/\">Voir l&#8217;article<\/a>","protected":false},"author":1,"featured_media":0,"comment_status":"closed","ping_status":"closed","sticky":false,"template":"","format":"standard","meta":[],"categories":[8,48,14,38],"tags":[],"yoast_head":"<!-- This site is optimized with the Yoast SEO plugin v16.2 - https:\/\/yoast.com\/wordpress\/plugins\/seo\/ -->\n<meta name=\"description\" content=\"VENTES LEMA FAUTEUILS BICE Paire de fauteuils Bice Un passe-partout, un nouveau classique qui s&#039;identifie aux formes accueillantes et \u00e0 l&#039;\u00e2me vintage. La\" \/>\n<meta name=\"robots\" content=\"index, follow, max-snippet:-1, max-image-preview:large, max-video-preview:-1\" \/>\n<link rel=\"canonical\" href=\"https:\/\/www.mobilimariani.com\/fr\/ventes-lema-fauteuils-bice\/\" \/>\n<meta property=\"og:locale\" content=\"fr_FR\" \/>\n<meta property=\"og:type\" content=\"article\" \/>\n<meta property=\"og:title\" content=\"VENTES LEMA FAUTEUILS BICE | Mobili Mariani\" \/>\n<meta property=\"og:description\" content=\"VENTES LEMA FAUTEUILS BICE Paire de fauteuils Bice Un passe-partout, un nouveau classique qui s&#039;identifie aux formes accueillantes et \u00e0 l&#039;\u00e2me vintage. La\" \/>\n<meta property=\"og:url\" content=\"https:\/\/www.mobilimariani.com\/fr\/ventes-lema-fauteuils-bice\/\" \/>\n<meta property=\"og:site_name\" content=\"Mobili Mariani\" \/>\n<meta property=\"article:published_time\" content=\"2022-03-03T15:39:51+00:00\" \/>\n<meta property=\"article:modified_time\" content=\"2023-08-11T09:18:32+00:00\" \/>\n<meta name=\"twitter:label1\" content=\"Est. reading time\">\n\t<meta name=\"twitter:data1\" content=\"1 minute\">\n<script type=\"application\/ld+json\" class=\"yoast-schema-graph\">{\"@context\":\"https:\/\/schema.org\",\"@graph\":[{\"@type\":\"Organization\",\"@id\":\"https:\/\/www.mobilimariani.com\/#organization\",\"name\":\"Mobili Mariani\",\"url\":\"https:\/\/www.mobilimariani.com\/\",\"sameAs\":[],\"logo\":{\"@type\":\"ImageObject\",\"@id\":\"https:\/\/www.mobilimariani.com\/#logo\",\"inLanguage\":\"fr-CH\",\"url\":\"https:\/\/www.mobilimariani.com\/wp-content\/uploads\/2015\/12\/logo.png\",\"contentUrl\":\"https:\/\/www.mobilimariani.com\/wp-content\/uploads\/2015\/12\/logo.png\",\"width\":160,\"height\":110,\"caption\":\"Mobili Mariani\"},\"image\":{\"@id\":\"https:\/\/www.mobilimariani.com\/#logo\"}},{\"@type\":\"WebSite\",\"@id\":\"https:\/\/www.mobilimariani.com\/#website\",\"url\":\"https:\/\/www.mobilimariani.com\/\",\"name\":\"Mobili Mariani\",\"description\":\"Mobili Italia Svizzera\",\"publisher\":{\"@id\":\"https:\/\/www.mobilimariani.com\/#organization\"},\"potentialAction\":[{\"@type\":\"SearchAction\",\"target\":\"https:\/\/www.mobilimariani.com\/?s={search_term_string}\",\"query-input\":\"required name=search_term_string\"}],\"inLanguage\":\"fr-CH\"},{\"@type\":\"WebPage\",\"@id\":\"https:\/\/www.mobilimariani.com\/fr\/ventes-lema-fauteuils-bice\/#webpage\",\"url\":\"https:\/\/www.mobilimariani.com\/fr\/ventes-lema-fauteuils-bice\/\",\"name\":\"VENTES LEMA FAUTEUILS BICE | Mobili Mariani\",\"isPartOf\":{\"@id\":\"https:\/\/www.mobilimariani.com\/#website\"},\"datePublished\":\"2022-03-03T15:39:51+00:00\",\"dateModified\":\"2023-08-11T09:18:32+00:00\",\"description\":\"VENTES LEMA FAUTEUILS BICE Paire de fauteuils Bice Un passe-partout, un nouveau classique qui s'identifie aux formes accueillantes et \\u00e0 l'\\u00e2me vintage. La\",\"breadcrumb\":{\"@id\":\"https:\/\/www.mobilimariani.com\/fr\/ventes-lema-fauteuils-bice\/#breadcrumb\"},\"inLanguage\":\"fr-CH\",\"potentialAction\":[{\"@type\":\"ReadAction\",\"target\":[\"https:\/\/www.mobilimariani.com\/fr\/ventes-lema-fauteuils-bice\/\"]}]},{\"@type\":\"BreadcrumbList\",\"@id\":\"https:\/\/www.mobilimariani.com\/fr\/ventes-lema-fauteuils-bice\/#breadcrumb\",\"itemListElement\":[{\"@type\":\"ListItem\",\"position\":1,\"item\":{\"@type\":\"WebPage\",\"@id\":\"https:\/\/www.mobilimariani.com\/\",\"url\":\"https:\/\/www.mobilimariani.com\/\",\"name\":\"Home\"}},{\"@type\":\"ListItem\",\"position\":2,\"item\":{\"@id\":\"https:\/\/www.mobilimariani.com\/fr\/ventes-lema-fauteuils-bice\/#webpage\"}}]},{\"@type\":\"Article\",\"@id\":\"https:\/\/www.mobilimariani.com\/fr\/ventes-lema-fauteuils-bice\/#article\",\"isPartOf\":{\"@id\":\"https:\/\/www.mobilimariani.com\/fr\/ventes-lema-fauteuils-bice\/#webpage\"},\"author\":{\"@id\":\"https:\/\/www.mobilimariani.com\/#\/schema\/person\/4685d9f51269134e53f988c9122315f4\"},\"headline\":\"VENTES LEMA FAUTEUILS BICE\",\"datePublished\":\"2022-03-03T15:39:51+00:00\",\"dateModified\":\"2023-08-11T09:18:32+00:00\",\"mainEntityOfPage\":{\"@id\":\"https:\/\/www.mobilimariani.com\/fr\/ventes-lema-fauteuils-bice\/#webpage\"},\"publisher\":{\"@id\":\"https:\/\/www.mobilimariani.com\/#organization\"},\"articleSection\":[\"News\",\"Offres Zone Jour\",\"Outlet\",\"Promotions\"],\"inLanguage\":\"fr-CH\"},{\"@type\":\"Person\",\"@id\":\"https:\/\/www.mobilimariani.com\/#\/schema\/person\/4685d9f51269134e53f988c9122315f4\",\"name\":\"14m4rC008\",\"image\":{\"@type\":\"ImageObject\",\"@id\":\"https:\/\/www.mobilimariani.com\/#personlogo\",\"inLanguage\":\"fr-CH\",\"url\":\"https:\/\/secure.gravatar.com\/avatar\/dfaa6e536fec7030712cf850e9ddef45?s=96&d=mm&r=g\",\"contentUrl\":\"https:\/\/secure.gravatar.com\/avatar\/dfaa6e536fec7030712cf850e9ddef45?s=96&d=mm&r=g\",\"caption\":\"14m4rC008\"}}]}<\/script>\n<!-- \/ Yoast SEO plugin. -->","_links":{"self":[{"href":"https:\/\/www.mobilimariani.com\/fr\/wp-json\/wp\/v2\/posts\/28170"}],"collection":[{"href":"https:\/\/www.mobilimariani.com\/fr\/wp-json\/wp\/v2\/posts"}],"about":[{"href":"https:\/\/www.mobilimariani.com\/fr\/wp-json\/wp\/v2\/types\/post"}],"author":[{"embeddable":true,"href":"https:\/\/www.mobilimariani.com\/fr\/wp-json\/wp\/v2\/users\/1"}],"replies":[{"embeddable":true,"href":"https:\/\/www.mobilimariani.com\/fr\/wp-json\/wp\/v2\/comments?post=28170"}],"version-history":[{"count":4,"href":"https:\/\/www.mobilimariani.com\/fr\/wp-json\/wp\/v2\/posts\/28170\/revisions"}],"predecessor-version":[{"id":29743,"href":"https:\/\/www.mobilimariani.com\/fr\/wp-json\/wp\/v2\/posts\/28170\/revisions\/29743"}],"wp:attachment":[{"href":"https:\/\/www.mobilimariani.com\/fr\/wp-json\/wp\/v2\/media?parent=28170"}],"wp:term":[{"taxonomy":"category","embeddable":true,"href":"https:\/\/www.mobilimariani.com\/fr\/wp-json\/wp\/v2\/categories?post=28170"},{"taxonomy":"post_tag","embeddable":true,"href":"https:\/\/www.mobilimariani.com\/fr\/wp-json\/wp\/v2\/tags?post=28170"}],"curies":[{"name":"wp","href":"https:\/\/api.w.org\/{rel}","templated":true}]}}