{"id":27910,"date":"2023-08-05T20:05:14","date_gmt":"2023-08-05T18:05:14","guid":{"rendered":"https:\/\/www.mobilimariani.com\/?p=27910"},"modified":"2025-08-01T11:33:32","modified_gmt":"2025-08-01T09:33:32","slug":"ventes-avec-alf-da-fre-buffet-day","status":"publish","type":"post","link":"https:\/\/www.mobilimariani.com\/fr\/ventes-avec-alf-da-fre-buffet-day\/","title":{"rendered":"VENTES AVEC ALF DAFR\u00c9 BUFFET DAY"},"content":{"rendered":"<p>VENTES AVEC ALF DA FR\u00c9 <a href=\"https:\/\/www.mobilimariani.com\/fr\/23670-2\/\">BUFFET DAY<\/a><\/p>\n<p><span style=\"font-weight: 400;\">Day collection est un syst\u00e8me versatile pour toutes les espaces de la maison, car elle offre la plus totale libert\u00e9 de composition. Il permet en effet d\u2019ajouter des modules, des \u00e9tager\u00e8s, des panneaux arri\u00e8re, des banquettes et des blocs tiroirs pour cr\u00e9er des modules traditionnels ou bien de nouvelles compositions qui jouent avec les pleins et les vides. Les multiples finitions s\u2019adaptent \u00e9galement aux diff\u00e9rents go\u00fbts et exigences.<\/span><\/p>\n<p><span style=\"font-weight: 400;\">Le buffet mod\u00e8le Day en promo est propos\u00e9 suspendu au sol dans la version m\u00e9lamine ras\u00e9e.<\/span><\/p>\n<p><span style=\"font-weight: 400;\">Mesure cm. 320<\/span><\/p>\n<p>Liste de prix \u20ac 3.225,00<\/p>\n<h3><strong>PRIX AUTONOME \u20ac 1.870,00<\/strong><\/h3>\n<p>Pour voir toutes nos ventes,\u00a0<a href=\"https:\/\/www.mobilimariani.com\/fr\/search\/VENTES\">cliquez ici<\/a><\/p>\n<p>Avez-vous besoin de plus d\u2019informations?<\/p>\n<p><a href=\"https:\/\/www.mobilimariani.com\/fr\/contacts\/\" target=\"_blank\" rel=\"noreferrer noopener\">Cliquez ici\u00a0<\/a>\u00a0et nous vous r\u00e9pondrons<\/p>\n","protected":false},"excerpt":{"rendered":"VENTES AVEC ALF DA FR\u00c9 BUFFET DAY Day collection est un syst\u00e8me versatile pour toutes les espaces de la maison, car elle offre la plus totale libert\u00e9 de composition. Il permet en effet d\u2019ajouter des modules, des \u00e9tager\u00e8s, des panneaux arri\u00e8re, des banquettes et des blocs tiroirs pour cr\u00e9er des modules traditionnels ou bien de&#8230; <a class=\"view-article\" href=\"https:\/\/www.mobilimariani.com\/fr\/ventes-avec-alf-da-fre-buffet-day\/\">Voir l&#8217;article<\/a>","protected":false},"author":1,"featured_media":0,"comment_status":"closed","ping_status":"closed","sticky":false,"template":"","format":"standard","meta":[],"categories":[8,50,48,14,38],"tags":[],"yoast_head":"<!-- This site is optimized with the Yoast SEO plugin v16.2 - https:\/\/yoast.com\/wordpress\/plugins\/seo\/ -->\n<meta name=\"description\" content=\"VENTES AVEC ALF DA FR\u00c9 BUFFET DAY Day collection est un syst\u00e8me versatile pour toutes les espaces de la maison, car elle offre la plus totale libert\u00e9 de\" \/>\n<meta name=\"robots\" content=\"index, follow, max-snippet:-1, max-image-preview:large, max-video-preview:-1\" \/>\n<link rel=\"canonical\" href=\"https:\/\/www.mobilimariani.com\/fr\/ventes-avec-alf-da-fre-buffet-day\/\" \/>\n<meta property=\"og:locale\" content=\"fr_FR\" \/>\n<meta property=\"og:type\" content=\"article\" \/>\n<meta property=\"og:title\" content=\"VENTES AVEC ALF DAFR\u00c9 BUFFET DAY | Mobili Mariani\" \/>\n<meta property=\"og:description\" content=\"VENTES AVEC ALF DA FR\u00c9 BUFFET DAY Day collection est un syst\u00e8me versatile pour toutes les espaces de la maison, car elle offre la plus totale libert\u00e9 de\" \/>\n<meta property=\"og:url\" content=\"https:\/\/www.mobilimariani.com\/fr\/ventes-avec-alf-da-fre-buffet-day\/\" \/>\n<meta property=\"og:site_name\" content=\"Mobili Mariani\" \/>\n<meta property=\"article:published_time\" content=\"2023-08-05T18:05:14+00:00\" \/>\n<meta property=\"article:modified_time\" content=\"2025-08-01T09:33:32+00:00\" \/>\n<meta name=\"twitter:label1\" content=\"Est. reading time\">\n\t<meta name=\"twitter:data1\" content=\"1 minute\">\n<script type=\"application\/ld+json\" class=\"yoast-schema-graph\">{\"@context\":\"https:\/\/schema.org\",\"@graph\":[{\"@type\":\"Organization\",\"@id\":\"https:\/\/www.mobilimariani.com\/#organization\",\"name\":\"Mobili Mariani\",\"url\":\"https:\/\/www.mobilimariani.com\/\",\"sameAs\":[],\"logo\":{\"@type\":\"ImageObject\",\"@id\":\"https:\/\/www.mobilimariani.com\/#logo\",\"inLanguage\":\"fr-CH\",\"url\":\"https:\/\/www.mobilimariani.com\/wp-content\/uploads\/2015\/12\/logo.png\",\"contentUrl\":\"https:\/\/www.mobilimariani.com\/wp-content\/uploads\/2015\/12\/logo.png\",\"width\":160,\"height\":110,\"caption\":\"Mobili Mariani\"},\"image\":{\"@id\":\"https:\/\/www.mobilimariani.com\/#logo\"}},{\"@type\":\"WebSite\",\"@id\":\"https:\/\/www.mobilimariani.com\/#website\",\"url\":\"https:\/\/www.mobilimariani.com\/\",\"name\":\"Mobili Mariani\",\"description\":\"Mobili Italia Svizzera\",\"publisher\":{\"@id\":\"https:\/\/www.mobilimariani.com\/#organization\"},\"potentialAction\":[{\"@type\":\"SearchAction\",\"target\":\"https:\/\/www.mobilimariani.com\/?s={search_term_string}\",\"query-input\":\"required name=search_term_string\"}],\"inLanguage\":\"fr-CH\"},{\"@type\":\"WebPage\",\"@id\":\"https:\/\/www.mobilimariani.com\/fr\/ventes-avec-alf-da-fre-buffet-day\/#webpage\",\"url\":\"https:\/\/www.mobilimariani.com\/fr\/ventes-avec-alf-da-fre-buffet-day\/\",\"name\":\"VENTES AVEC ALF DAFR\\u00c9 BUFFET DAY | Mobili Mariani\",\"isPartOf\":{\"@id\":\"https:\/\/www.mobilimariani.com\/#website\"},\"datePublished\":\"2023-08-05T18:05:14+00:00\",\"dateModified\":\"2025-08-01T09:33:32+00:00\",\"description\":\"VENTES AVEC ALF DA FR\\u00c9 BUFFET DAY Day collection est un syst\\u00e8me versatile pour toutes les espaces de la maison, car elle offre la plus totale libert\\u00e9 de\",\"breadcrumb\":{\"@id\":\"https:\/\/www.mobilimariani.com\/fr\/ventes-avec-alf-da-fre-buffet-day\/#breadcrumb\"},\"inLanguage\":\"fr-CH\",\"potentialAction\":[{\"@type\":\"ReadAction\",\"target\":[\"https:\/\/www.mobilimariani.com\/fr\/ventes-avec-alf-da-fre-buffet-day\/\"]}]},{\"@type\":\"BreadcrumbList\",\"@id\":\"https:\/\/www.mobilimariani.com\/fr\/ventes-avec-alf-da-fre-buffet-day\/#breadcrumb\",\"itemListElement\":[{\"@type\":\"ListItem\",\"position\":1,\"item\":{\"@type\":\"WebPage\",\"@id\":\"https:\/\/www.mobilimariani.com\/\",\"url\":\"https:\/\/www.mobilimariani.com\/\",\"name\":\"Home\"}},{\"@type\":\"ListItem\",\"position\":2,\"item\":{\"@id\":\"https:\/\/www.mobilimariani.com\/fr\/ventes-avec-alf-da-fre-buffet-day\/#webpage\"}}]},{\"@type\":\"Article\",\"@id\":\"https:\/\/www.mobilimariani.com\/fr\/ventes-avec-alf-da-fre-buffet-day\/#article\",\"isPartOf\":{\"@id\":\"https:\/\/www.mobilimariani.com\/fr\/ventes-avec-alf-da-fre-buffet-day\/#webpage\"},\"author\":{\"@id\":\"https:\/\/www.mobilimariani.com\/#\/schema\/person\/4685d9f51269134e53f988c9122315f4\"},\"headline\":\"VENTES AVEC ALF DAFR\\u00c9 BUFFET DAY\",\"datePublished\":\"2023-08-05T18:05:14+00:00\",\"dateModified\":\"2025-08-01T09:33:32+00:00\",\"mainEntityOfPage\":{\"@id\":\"https:\/\/www.mobilimariani.com\/fr\/ventes-avec-alf-da-fre-buffet-day\/#webpage\"},\"publisher\":{\"@id\":\"https:\/\/www.mobilimariani.com\/#organization\"},\"articleSection\":[\"News\",\"Offres Cuisines \",\"Offres Zone Jour\",\"Outlet\",\"Promotions\"],\"inLanguage\":\"fr-CH\"},{\"@type\":\"Person\",\"@id\":\"https:\/\/www.mobilimariani.com\/#\/schema\/person\/4685d9f51269134e53f988c9122315f4\",\"name\":\"14m4rC008\",\"image\":{\"@type\":\"ImageObject\",\"@id\":\"https:\/\/www.mobilimariani.com\/#personlogo\",\"inLanguage\":\"fr-CH\",\"url\":\"https:\/\/secure.gravatar.com\/avatar\/dfaa6e536fec7030712cf850e9ddef45?s=96&d=mm&r=g\",\"contentUrl\":\"https:\/\/secure.gravatar.com\/avatar\/dfaa6e536fec7030712cf850e9ddef45?s=96&d=mm&r=g\",\"caption\":\"14m4rC008\"}}]}<\/script>\n<!-- \/ Yoast SEO plugin. -->","_links":{"self":[{"href":"https:\/\/www.mobilimariani.com\/fr\/wp-json\/wp\/v2\/posts\/27910"}],"collection":[{"href":"https:\/\/www.mobilimariani.com\/fr\/wp-json\/wp\/v2\/posts"}],"about":[{"href":"https:\/\/www.mobilimariani.com\/fr\/wp-json\/wp\/v2\/types\/post"}],"author":[{"embeddable":true,"href":"https:\/\/www.mobilimariani.com\/fr\/wp-json\/wp\/v2\/users\/1"}],"replies":[{"embeddable":true,"href":"https:\/\/www.mobilimariani.com\/fr\/wp-json\/wp\/v2\/comments?post=27910"}],"version-history":[{"count":7,"href":"https:\/\/www.mobilimariani.com\/fr\/wp-json\/wp\/v2\/posts\/27910\/revisions"}],"predecessor-version":[{"id":30363,"href":"https:\/\/www.mobilimariani.com\/fr\/wp-json\/wp\/v2\/posts\/27910\/revisions\/30363"}],"wp:attachment":[{"href":"https:\/\/www.mobilimariani.com\/fr\/wp-json\/wp\/v2\/media?parent=27910"}],"wp:term":[{"taxonomy":"category","embeddable":true,"href":"https:\/\/www.mobilimariani.com\/fr\/wp-json\/wp\/v2\/categories?post=27910"},{"taxonomy":"post_tag","embeddable":true,"href":"https:\/\/www.mobilimariani.com\/fr\/wp-json\/wp\/v2\/tags?post=27910"}],"curies":[{"name":"wp","href":"https:\/\/api.w.org\/{rel}","templated":true}]}}