{"id":27893,"date":"2025-05-27T18:18:47","date_gmt":"2025-05-27T16:18:47","guid":{"rendered":"https:\/\/www.mobilimariani.com\/?p=27893"},"modified":"2025-10-09T10:39:04","modified_gmt":"2025-10-09T08:39:04","slug":"ventes-avec-molteni-bibliotheque-505","status":"publish","type":"post","link":"https:\/\/www.mobilimariani.com\/fr\/ventes-avec-molteni-bibliotheque-505\/","title":{"rendered":"VENTES AVEC MOLTENI BIBLIOTH\u00c8QUE 505"},"content":{"rendered":"<p>VENTES AVEC MOLTENI BIBLIOTH\u00c8QUE 505<\/p>\n<p>\u00c9l\u00e9gante et fonctionnelle, la biblioth\u00e8que Molteni 505 est une ic\u00f4ne du design contemporain, parfaite pour sublimer tout espace de vie.<\/p>\n<p>Dimensions : 284 x 43 x 232 cm (H)<br \/>\nFinition du cadre : laqu\u00e9 blanc mat et moutarde<br \/>\nPortes : laqu\u00e9 gris mat et bois d&#8217;orme<br \/>\n\u00c9quip\u00e9e d&#8217;un r\u00e9p\u00e9teur TV int\u00e9gr\u00e9<\/p>\n<p>Remarque importante\u00a0: la porte en bois ne fonctionne pas. Une r\u00e9paration est possible, moyennant un suppl\u00e9ment, pour remplacer ou modifier le m\u00e9canisme.<\/p>\n<p>Conception modulaire, excellente qualit\u00e9 et finitions raffin\u00e9es.<br \/>\nUne opportunit\u00e9 unique \u00e0 prix r\u00e9duit\u00a0!<\/p>\n<p>Liste de prix \u20ac. 7.657,00<\/p>\n<h3><strong><span class=\"hps\">PRIX AUTONOME \u20ac. 1.990,00<\/span><\/strong><\/h3>\n<p>Pour nos clients suisses, il sera d\u00e9duit l\u2019I.V.A. italienne<\/p>\n<p>Pour voir toutes nos ventes,\u00a0<a href=\"https:\/\/www.mobilimariani.com\/fr\/search\/VENTES\">cliquez ici<\/a><\/p>\n<p>Avez-vous besoin de plus d\u2019informations?<\/p>\n<p><a href=\"https:\/\/www.mobilimariani.com\/fr\/contacts\/\" target=\"_blank\" rel=\"noreferrer noopener\">Cliquez ici\u00a0<\/a>\u00a0et nous vous r\u00e9pondrons<\/p>\n","protected":false},"excerpt":{"rendered":"VENTES AVEC MOLTENI BIBLIOTH\u00c8QUE 505 \u00c9l\u00e9gante et fonctionnelle, la biblioth\u00e8que Molteni 505 est une ic\u00f4ne du design contemporain, parfaite pour sublimer tout espace de vie. Dimensions : 284 x 43 x 232 cm (H) Finition du cadre : laqu\u00e9 blanc mat et moutarde Portes : laqu\u00e9 gris mat et bois d&#8217;orme \u00c9quip\u00e9e d&#8217;un r\u00e9p\u00e9teur TV&#8230; <a class=\"view-article\" href=\"https:\/\/www.mobilimariani.com\/fr\/ventes-avec-molteni-bibliotheque-505\/\">Voir l&#8217;article<\/a>","protected":false},"author":1,"featured_media":0,"comment_status":"closed","ping_status":"closed","sticky":false,"template":"","format":"standard","meta":[],"categories":[8,48,14,38],"tags":[],"yoast_head":"<!-- This site is optimized with the Yoast SEO plugin v16.2 - https:\/\/yoast.com\/wordpress\/plugins\/seo\/ -->\n<meta name=\"description\" content=\"VENTES AVEC MOLTENI BIBLIOTH\u00c8QUE 505 \u00c9l\u00e9gante et fonctionnelle, la biblioth\u00e8que Molteni 505 est une ic\u00f4ne du design contemporain, parfaite pour sublimer\" \/>\n<meta name=\"robots\" content=\"index, follow, max-snippet:-1, max-image-preview:large, max-video-preview:-1\" \/>\n<link rel=\"canonical\" href=\"https:\/\/www.mobilimariani.com\/fr\/ventes-avec-molteni-bibliotheque-505\/\" \/>\n<meta property=\"og:locale\" content=\"fr_FR\" \/>\n<meta property=\"og:type\" content=\"article\" \/>\n<meta property=\"og:title\" content=\"VENTES AVEC MOLTENI BIBLIOTH\u00c8QUE 505 | Mobili Mariani\" \/>\n<meta property=\"og:description\" content=\"VENTES AVEC MOLTENI BIBLIOTH\u00c8QUE 505 \u00c9l\u00e9gante et fonctionnelle, la biblioth\u00e8que Molteni 505 est une ic\u00f4ne du design contemporain, parfaite pour sublimer\" \/>\n<meta property=\"og:url\" content=\"https:\/\/www.mobilimariani.com\/fr\/ventes-avec-molteni-bibliotheque-505\/\" \/>\n<meta property=\"og:site_name\" content=\"Mobili Mariani\" \/>\n<meta property=\"article:published_time\" content=\"2025-05-27T16:18:47+00:00\" \/>\n<meta property=\"article:modified_time\" content=\"2025-10-09T08:39:04+00:00\" \/>\n<meta name=\"twitter:label1\" content=\"Est. reading time\">\n\t<meta name=\"twitter:data1\" content=\"1 minute\">\n<script type=\"application\/ld+json\" class=\"yoast-schema-graph\">{\"@context\":\"https:\/\/schema.org\",\"@graph\":[{\"@type\":\"Organization\",\"@id\":\"https:\/\/www.mobilimariani.com\/#organization\",\"name\":\"Mobili Mariani\",\"url\":\"https:\/\/www.mobilimariani.com\/\",\"sameAs\":[],\"logo\":{\"@type\":\"ImageObject\",\"@id\":\"https:\/\/www.mobilimariani.com\/#logo\",\"inLanguage\":\"fr-CH\",\"url\":\"https:\/\/www.mobilimariani.com\/wp-content\/uploads\/2015\/12\/logo.png\",\"contentUrl\":\"https:\/\/www.mobilimariani.com\/wp-content\/uploads\/2015\/12\/logo.png\",\"width\":160,\"height\":110,\"caption\":\"Mobili Mariani\"},\"image\":{\"@id\":\"https:\/\/www.mobilimariani.com\/#logo\"}},{\"@type\":\"WebSite\",\"@id\":\"https:\/\/www.mobilimariani.com\/#website\",\"url\":\"https:\/\/www.mobilimariani.com\/\",\"name\":\"Mobili Mariani\",\"description\":\"Mobili Italia Svizzera\",\"publisher\":{\"@id\":\"https:\/\/www.mobilimariani.com\/#organization\"},\"potentialAction\":[{\"@type\":\"SearchAction\",\"target\":\"https:\/\/www.mobilimariani.com\/?s={search_term_string}\",\"query-input\":\"required name=search_term_string\"}],\"inLanguage\":\"fr-CH\"},{\"@type\":\"WebPage\",\"@id\":\"https:\/\/www.mobilimariani.com\/fr\/ventes-avec-molteni-bibliotheque-505\/#webpage\",\"url\":\"https:\/\/www.mobilimariani.com\/fr\/ventes-avec-molteni-bibliotheque-505\/\",\"name\":\"VENTES AVEC MOLTENI BIBLIOTH\\u00c8QUE 505 | Mobili Mariani\",\"isPartOf\":{\"@id\":\"https:\/\/www.mobilimariani.com\/#website\"},\"datePublished\":\"2025-05-27T16:18:47+00:00\",\"dateModified\":\"2025-10-09T08:39:04+00:00\",\"description\":\"VENTES AVEC MOLTENI BIBLIOTH\\u00c8QUE 505 \\u00c9l\\u00e9gante et fonctionnelle, la biblioth\\u00e8que Molteni 505 est une ic\\u00f4ne du design contemporain, parfaite pour sublimer\",\"breadcrumb\":{\"@id\":\"https:\/\/www.mobilimariani.com\/fr\/ventes-avec-molteni-bibliotheque-505\/#breadcrumb\"},\"inLanguage\":\"fr-CH\",\"potentialAction\":[{\"@type\":\"ReadAction\",\"target\":[\"https:\/\/www.mobilimariani.com\/fr\/ventes-avec-molteni-bibliotheque-505\/\"]}]},{\"@type\":\"BreadcrumbList\",\"@id\":\"https:\/\/www.mobilimariani.com\/fr\/ventes-avec-molteni-bibliotheque-505\/#breadcrumb\",\"itemListElement\":[{\"@type\":\"ListItem\",\"position\":1,\"item\":{\"@type\":\"WebPage\",\"@id\":\"https:\/\/www.mobilimariani.com\/\",\"url\":\"https:\/\/www.mobilimariani.com\/\",\"name\":\"Home\"}},{\"@type\":\"ListItem\",\"position\":2,\"item\":{\"@id\":\"https:\/\/www.mobilimariani.com\/fr\/ventes-avec-molteni-bibliotheque-505\/#webpage\"}}]},{\"@type\":\"Article\",\"@id\":\"https:\/\/www.mobilimariani.com\/fr\/ventes-avec-molteni-bibliotheque-505\/#article\",\"isPartOf\":{\"@id\":\"https:\/\/www.mobilimariani.com\/fr\/ventes-avec-molteni-bibliotheque-505\/#webpage\"},\"author\":{\"@id\":\"https:\/\/www.mobilimariani.com\/#\/schema\/person\/4685d9f51269134e53f988c9122315f4\"},\"headline\":\"VENTES AVEC MOLTENI BIBLIOTH\\u00c8QUE 505\",\"datePublished\":\"2025-05-27T16:18:47+00:00\",\"dateModified\":\"2025-10-09T08:39:04+00:00\",\"mainEntityOfPage\":{\"@id\":\"https:\/\/www.mobilimariani.com\/fr\/ventes-avec-molteni-bibliotheque-505\/#webpage\"},\"publisher\":{\"@id\":\"https:\/\/www.mobilimariani.com\/#organization\"},\"articleSection\":[\"News\",\"Offres Zone Jour\",\"Outlet\",\"Promotions\"],\"inLanguage\":\"fr-CH\"},{\"@type\":\"Person\",\"@id\":\"https:\/\/www.mobilimariani.com\/#\/schema\/person\/4685d9f51269134e53f988c9122315f4\",\"name\":\"14m4rC008\",\"image\":{\"@type\":\"ImageObject\",\"@id\":\"https:\/\/www.mobilimariani.com\/#personlogo\",\"inLanguage\":\"fr-CH\",\"url\":\"https:\/\/secure.gravatar.com\/avatar\/dfaa6e536fec7030712cf850e9ddef45?s=96&d=mm&r=g\",\"contentUrl\":\"https:\/\/secure.gravatar.com\/avatar\/dfaa6e536fec7030712cf850e9ddef45?s=96&d=mm&r=g\",\"caption\":\"14m4rC008\"}}]}<\/script>\n<!-- \/ Yoast SEO plugin. -->","_links":{"self":[{"href":"https:\/\/www.mobilimariani.com\/fr\/wp-json\/wp\/v2\/posts\/27893"}],"collection":[{"href":"https:\/\/www.mobilimariani.com\/fr\/wp-json\/wp\/v2\/posts"}],"about":[{"href":"https:\/\/www.mobilimariani.com\/fr\/wp-json\/wp\/v2\/types\/post"}],"author":[{"embeddable":true,"href":"https:\/\/www.mobilimariani.com\/fr\/wp-json\/wp\/v2\/users\/1"}],"replies":[{"embeddable":true,"href":"https:\/\/www.mobilimariani.com\/fr\/wp-json\/wp\/v2\/comments?post=27893"}],"version-history":[{"count":7,"href":"https:\/\/www.mobilimariani.com\/fr\/wp-json\/wp\/v2\/posts\/27893\/revisions"}],"predecessor-version":[{"id":33023,"href":"https:\/\/www.mobilimariani.com\/fr\/wp-json\/wp\/v2\/posts\/27893\/revisions\/33023"}],"wp:attachment":[{"href":"https:\/\/www.mobilimariani.com\/fr\/wp-json\/wp\/v2\/media?parent=27893"}],"wp:term":[{"taxonomy":"category","embeddable":true,"href":"https:\/\/www.mobilimariani.com\/fr\/wp-json\/wp\/v2\/categories?post=27893"},{"taxonomy":"post_tag","embeddable":true,"href":"https:\/\/www.mobilimariani.com\/fr\/wp-json\/wp\/v2\/tags?post=27893"}],"curies":[{"name":"wp","href":"https:\/\/api.w.org\/{rel}","templated":true}]}}