{"id":2781,"date":"2017-08-14T23:41:22","date_gmt":"2017-08-14T21:41:22","guid":{"rendered":"https:\/\/www.mobilimariani.com\/?p=2781"},"modified":"2021-02-06T12:22:00","modified_gmt":"2021-02-06T11:22:00","slug":"tonelli-table-basse-eden","status":"publish","type":"post","link":"https:\/\/www.mobilimariani.com\/fr\/tonelli-table-basse-eden\/","title":{"rendered":"TONELLI TABLE BASSE"},"content":{"rendered":"<p>TONELLI TABLE BASSE EDEN<\/p>\n<p>Table de pont, dont la forme am\u00e9liore la simplicit\u00e9 et la rigueur formelle.<\/p>\n<p>Mensurations:<\/p>\n<p>cm. 128 x 68 x 25h d&#8217;\u00e9paisseur mm. 15 capacit\u00e9 kg. 50<\/p>\n<p>cm. 90 x 90 x 40h d&#8217;\u00e9paisseur mm. 15 capacit\u00e9 kg. 50<\/p>\n<p>cm. 118 x 88 x 40h d&#8217;\u00e9paisseur mm. 15 capacit\u00e9 kg. 50<\/p>\n<p>cm. 128 x 68 x 40h d&#8217;\u00e9paisseur mm. 15 capacit\u00e9 kg. 50<\/p>\n<p>cm. 100 x 60 x 40h d&#8217;\u00e9paisseur mm. 15 capacit\u00e9 kg. 50<\/p>\n<p>Cet article est disponible avec des dimensions sur demande.<\/p>\n<p>Version: verre clair, verre clair.<\/p>\n<p>Pour d\u00e9couvrir la marque Tonelli <a title=\"TONELLI\" href=\"https:\/\/www.mobilimariani.com\/fr\/concessionnaire-tonelli\/\">cliquer ici<\/a><\/p>\n<p>Pour d\u00e9couvrir le catalogue de toutes nos Tables Basse\u00a0<a href=\"https:\/\/www.mobilimariani.com\/fr\/search\/table+basse\">cliquez ici<\/a><\/p>\n<p>Vous voulez conna\u00eetre notre meilleur prix pour cet article?\u00a0<a href=\"https:\/\/www.mobilimariani.com\/fr\/contacts\/\">Cliquez ici<\/a>\u00a0et envoyez-nous la demande<\/p>\n<p>Signale le lieu de livraison, nous livrons dans toute l\u2019Europe et o\u00f9 que tu sois.<\/p>\n<p><strong>Pour nos clients suisses, il sera d\u00e9duit l&#8217;I.V.A. italienne \u00e0 hauteur de 22%.<\/strong><\/p>\n","protected":false},"excerpt":{"rendered":"TONELLI TABLE BASSE EDEN Table de pont, dont la forme am\u00e9liore la simplicit\u00e9 et la rigueur formelle. Mensurations: cm. 128 x 68 x 25h d&#8217;\u00e9paisseur mm. 15 capacit\u00e9 kg. 50 cm. 90 x 90 x 40h d&#8217;\u00e9paisseur mm. 15 capacit\u00e9 kg. 50 cm. 118 x 88 x 40h d&#8217;\u00e9paisseur mm. 15 capacit\u00e9 kg. 50 cm&#8230;. <a class=\"view-article\" href=\"https:\/\/www.mobilimariani.com\/fr\/tonelli-table-basse-eden\/\">Voir l&#8217;article<\/a>","protected":false},"author":1,"featured_media":2295,"comment_status":"closed","ping_status":"closed","sticky":false,"template":"","format":"standard","meta":[],"categories":[18,1],"tags":[2162],"yoast_head":"<!-- This site is optimized with the Yoast SEO plugin v16.2 - https:\/\/yoast.com\/wordpress\/plugins\/seo\/ -->\n<meta name=\"description\" content=\"TONELLI TABLE BASSE EDEN Table de pont, dont la forme am\u00e9liore la simplicit\u00e9 et la rigueur formelle. Mensurations: cm. 128 x 68 x 25h d&#039;\u00e9paisseur mm. 15\" \/>\n<meta name=\"robots\" content=\"index, follow, max-snippet:-1, max-image-preview:large, max-video-preview:-1\" \/>\n<link rel=\"canonical\" href=\"https:\/\/www.mobilimariani.com\/fr\/tonelli-table-basse-eden\/\" \/>\n<meta property=\"og:locale\" content=\"fr_FR\" \/>\n<meta property=\"og:type\" content=\"article\" \/>\n<meta property=\"og:title\" content=\"TONELLI TABLE BASSE | Mobili Mariani\" \/>\n<meta property=\"og:description\" content=\"TONELLI TABLE BASSE EDEN Table de pont, dont la forme am\u00e9liore la simplicit\u00e9 et la rigueur formelle. Mensurations: cm. 128 x 68 x 25h d&#039;\u00e9paisseur mm. 15\" \/>\n<meta property=\"og:url\" content=\"https:\/\/www.mobilimariani.com\/fr\/tonelli-table-basse-eden\/\" \/>\n<meta property=\"og:site_name\" content=\"Mobili Mariani\" \/>\n<meta property=\"article:published_time\" content=\"2017-08-14T21:41:22+00:00\" \/>\n<meta property=\"article:modified_time\" content=\"2021-02-06T11:22:00+00:00\" \/>\n<meta property=\"og:image\" content=\"https:\/\/www.mobilimariani.com\/wp-content\/uploads\/2015\/04\/1.jpg\" \/>\n\t<meta property=\"og:image:width\" content=\"348\" \/>\n\t<meta property=\"og:image:height\" content=\"431\" \/>\n<meta name=\"twitter:label1\" content=\"Est. reading time\">\n\t<meta name=\"twitter:data1\" content=\"1 minute\">\n<script type=\"application\/ld+json\" class=\"yoast-schema-graph\">{\"@context\":\"https:\/\/schema.org\",\"@graph\":[{\"@type\":\"Organization\",\"@id\":\"https:\/\/www.mobilimariani.com\/#organization\",\"name\":\"Mobili Mariani\",\"url\":\"https:\/\/www.mobilimariani.com\/\",\"sameAs\":[],\"logo\":{\"@type\":\"ImageObject\",\"@id\":\"https:\/\/www.mobilimariani.com\/#logo\",\"inLanguage\":\"fr-CH\",\"url\":\"https:\/\/www.mobilimariani.com\/wp-content\/uploads\/2015\/12\/logo.png\",\"contentUrl\":\"https:\/\/www.mobilimariani.com\/wp-content\/uploads\/2015\/12\/logo.png\",\"width\":160,\"height\":110,\"caption\":\"Mobili Mariani\"},\"image\":{\"@id\":\"https:\/\/www.mobilimariani.com\/#logo\"}},{\"@type\":\"WebSite\",\"@id\":\"https:\/\/www.mobilimariani.com\/#website\",\"url\":\"https:\/\/www.mobilimariani.com\/\",\"name\":\"Mobili Mariani\",\"description\":\"Mobili Italia Svizzera\",\"publisher\":{\"@id\":\"https:\/\/www.mobilimariani.com\/#organization\"},\"potentialAction\":[{\"@type\":\"SearchAction\",\"target\":\"https:\/\/www.mobilimariani.com\/?s={search_term_string}\",\"query-input\":\"required name=search_term_string\"}],\"inLanguage\":\"fr-CH\"},{\"@type\":\"ImageObject\",\"@id\":\"https:\/\/www.mobilimariani.com\/fr\/tonelli-table-basse-eden\/#primaryimage\",\"inLanguage\":\"fr-CH\",\"url\":\"https:\/\/www.mobilimariani.com\/wp-content\/uploads\/2015\/04\/1.jpg\",\"contentUrl\":\"https:\/\/www.mobilimariani.com\/wp-content\/uploads\/2015\/04\/1.jpg\",\"width\":348,\"height\":431,\"caption\":\"TONELLI EDEN TAVOLINO\"},{\"@type\":\"WebPage\",\"@id\":\"https:\/\/www.mobilimariani.com\/fr\/tonelli-table-basse-eden\/#webpage\",\"url\":\"https:\/\/www.mobilimariani.com\/fr\/tonelli-table-basse-eden\/\",\"name\":\"TONELLI TABLE BASSE | Mobili Mariani\",\"isPartOf\":{\"@id\":\"https:\/\/www.mobilimariani.com\/#website\"},\"primaryImageOfPage\":{\"@id\":\"https:\/\/www.mobilimariani.com\/fr\/tonelli-table-basse-eden\/#primaryimage\"},\"datePublished\":\"2017-08-14T21:41:22+00:00\",\"dateModified\":\"2021-02-06T11:22:00+00:00\",\"description\":\"TONELLI TABLE BASSE EDEN Table de pont, dont la forme am\\u00e9liore la simplicit\\u00e9 et la rigueur formelle. Mensurations: cm. 128 x 68 x 25h d'\\u00e9paisseur mm. 15\",\"breadcrumb\":{\"@id\":\"https:\/\/www.mobilimariani.com\/fr\/tonelli-table-basse-eden\/#breadcrumb\"},\"inLanguage\":\"fr-CH\",\"potentialAction\":[{\"@type\":\"ReadAction\",\"target\":[\"https:\/\/www.mobilimariani.com\/fr\/tonelli-table-basse-eden\/\"]}]},{\"@type\":\"BreadcrumbList\",\"@id\":\"https:\/\/www.mobilimariani.com\/fr\/tonelli-table-basse-eden\/#breadcrumb\",\"itemListElement\":[{\"@type\":\"ListItem\",\"position\":1,\"item\":{\"@type\":\"WebPage\",\"@id\":\"https:\/\/www.mobilimariani.com\/\",\"url\":\"https:\/\/www.mobilimariani.com\/\",\"name\":\"Home\"}},{\"@type\":\"ListItem\",\"position\":2,\"item\":{\"@id\":\"https:\/\/www.mobilimariani.com\/fr\/tonelli-table-basse-eden\/#webpage\"}}]},{\"@type\":\"Article\",\"@id\":\"https:\/\/www.mobilimariani.com\/fr\/tonelli-table-basse-eden\/#article\",\"isPartOf\":{\"@id\":\"https:\/\/www.mobilimariani.com\/fr\/tonelli-table-basse-eden\/#webpage\"},\"author\":{\"@id\":\"https:\/\/www.mobilimariani.com\/#\/schema\/person\/4685d9f51269134e53f988c9122315f4\"},\"headline\":\"TONELLI TABLE BASSE\",\"datePublished\":\"2017-08-14T21:41:22+00:00\",\"dateModified\":\"2021-02-06T11:22:00+00:00\",\"mainEntityOfPage\":{\"@id\":\"https:\/\/www.mobilimariani.com\/fr\/tonelli-table-basse-eden\/#webpage\"},\"publisher\":{\"@id\":\"https:\/\/www.mobilimariani.com\/#organization\"},\"image\":{\"@id\":\"https:\/\/www.mobilimariani.com\/fr\/tonelli-table-basse-eden\/#primaryimage\"},\"keywords\":[\"tables italiens basses design\"],\"articleSection\":[\"Autre\",\"Catalogue\"],\"inLanguage\":\"fr-CH\"},{\"@type\":\"Person\",\"@id\":\"https:\/\/www.mobilimariani.com\/#\/schema\/person\/4685d9f51269134e53f988c9122315f4\",\"name\":\"14m4rC008\",\"image\":{\"@type\":\"ImageObject\",\"@id\":\"https:\/\/www.mobilimariani.com\/#personlogo\",\"inLanguage\":\"fr-CH\",\"url\":\"https:\/\/secure.gravatar.com\/avatar\/dfaa6e536fec7030712cf850e9ddef45?s=96&d=mm&r=g\",\"contentUrl\":\"https:\/\/secure.gravatar.com\/avatar\/dfaa6e536fec7030712cf850e9ddef45?s=96&d=mm&r=g\",\"caption\":\"14m4rC008\"}}]}<\/script>\n<!-- \/ Yoast SEO plugin. -->","_links":{"self":[{"href":"https:\/\/www.mobilimariani.com\/fr\/wp-json\/wp\/v2\/posts\/2781"}],"collection":[{"href":"https:\/\/www.mobilimariani.com\/fr\/wp-json\/wp\/v2\/posts"}],"about":[{"href":"https:\/\/www.mobilimariani.com\/fr\/wp-json\/wp\/v2\/types\/post"}],"author":[{"embeddable":true,"href":"https:\/\/www.mobilimariani.com\/fr\/wp-json\/wp\/v2\/users\/1"}],"replies":[{"embeddable":true,"href":"https:\/\/www.mobilimariani.com\/fr\/wp-json\/wp\/v2\/comments?post=2781"}],"version-history":[{"count":5,"href":"https:\/\/www.mobilimariani.com\/fr\/wp-json\/wp\/v2\/posts\/2781\/revisions"}],"predecessor-version":[{"id":26427,"href":"https:\/\/www.mobilimariani.com\/fr\/wp-json\/wp\/v2\/posts\/2781\/revisions\/26427"}],"wp:featuredmedia":[{"embeddable":true,"href":"https:\/\/www.mobilimariani.com\/fr\/wp-json\/wp\/v2\/media\/2295"}],"wp:attachment":[{"href":"https:\/\/www.mobilimariani.com\/fr\/wp-json\/wp\/v2\/media?parent=2781"}],"wp:term":[{"taxonomy":"category","embeddable":true,"href":"https:\/\/www.mobilimariani.com\/fr\/wp-json\/wp\/v2\/categories?post=2781"},{"taxonomy":"post_tag","embeddable":true,"href":"https:\/\/www.mobilimariani.com\/fr\/wp-json\/wp\/v2\/tags?post=2781"}],"curies":[{"name":"wp","href":"https:\/\/api.w.org\/{rel}","templated":true}]}}