{"id":2761,"date":"2025-06-02T12:51:28","date_gmt":"2025-06-02T10:51:28","guid":{"rendered":"https:\/\/www.mobilimariani.com\/2759-autosave-v1\/"},"modified":"2025-11-15T11:48:55","modified_gmt":"2025-11-15T10:48:55","slug":"2759-autosave-v1","status":"publish","type":"post","link":"https:\/\/www.mobilimariani.com\/fr\/2759-autosave-v1\/","title":{"rendered":"TONELLI TABLE BASSE"},"content":{"rendered":"<p>TONELLI TABLE BASSE ROSA DEL DESERTO &#8211; VENTES<\/p>\n<p><strong>Rose du d\u00e9sert\u00a0<\/strong> de Tonelli conception de la table \u00e0 caf\u00e9 D&#8217;Urbino &#8211; Lomazzi.<\/p>\n<p>Rose du d\u00e9sert, deux \u00e9l\u00e9ments combin\u00e9s qui forment la base<\/p>\n<p>Disponible dans la version de base et plateau transparent.<\/p>\n<p><strong>Attention<\/strong> : Il y a une petite rayure sur l&#8217;une des deux surfaces du dessus.<\/p>\n<p><strong>Mesure cm. 90 diam\u00e8tre x 38 h<\/strong><\/p>\n<p><strong>\u00c9paisseur\u00a0 mm. 12<\/strong><\/p>\n<p><strong>Admissibles kg de charge 30<\/strong><\/p>\n<p><strong>Liste de prix\u00a0 \u20ac. 1.684,00<\/strong><\/p>\n<h3>PRIX AUTONOME \u20ac.\u00a0 699,00<\/h3>\n<p>Pour voir toutes nos ventes,\u00a0<a href=\"https:\/\/www.mobilimariani.com\/fr\/search\/VENTES\">cliquez ici<\/a><\/p>\n<p>Avez-vous besoin de plus d\u2019informations?<\/p>\n<p><a href=\"https:\/\/www.mobilimariani.com\/fr\/contacts\/\" target=\"_blank\" rel=\"noreferrer noopener\">Cliquez ici\u00a0<\/a>\u00a0et nous vous r\u00e9pondrons<\/p>\n","protected":false},"excerpt":{"rendered":"TONELLI TABLE BASSE ROSA DEL DESERTO &#8211; VENTES Rose du d\u00e9sert\u00a0 de Tonelli conception de la table \u00e0 caf\u00e9 D&#8217;Urbino &#8211; Lomazzi. Rose du d\u00e9sert, deux \u00e9l\u00e9ments combin\u00e9s qui forment la base Disponible dans la version de base et plateau transparent. Attention : Il y a une petite rayure sur l&#8217;une des deux surfaces du&#8230; <a class=\"view-article\" href=\"https:\/\/www.mobilimariani.com\/fr\/2759-autosave-v1\/\">Voir l&#8217;article<\/a>","protected":false},"author":1,"featured_media":0,"comment_status":"closed","ping_status":"closed","sticky":false,"template":"","format":"standard","meta":[],"categories":[8,48,14,38,6],"tags":[],"yoast_head":"<!-- This site is optimized with the Yoast SEO plugin v16.2 - https:\/\/yoast.com\/wordpress\/plugins\/seo\/ -->\n<meta name=\"description\" content=\"TONELLI TABLE BASSE ROSA DEL DESERTO - VENTES Rose du d\u00e9sert\u00a0 de Tonelli conception de la table \u00e0 caf\u00e9 D&#039;Urbino - Lomazzi. Rose du d\u00e9sert, deux \u00e9l\u00e9ments\" \/>\n<meta name=\"robots\" content=\"index, follow, max-snippet:-1, max-image-preview:large, max-video-preview:-1\" \/>\n<link rel=\"canonical\" href=\"https:\/\/www.mobilimariani.com\/fr\/2759-autosave-v1\/\" \/>\n<meta property=\"og:locale\" content=\"fr_FR\" \/>\n<meta property=\"og:type\" content=\"article\" \/>\n<meta property=\"og:title\" content=\"TONELLI TABLE BASSE | Mobili Mariani\" \/>\n<meta property=\"og:description\" content=\"TONELLI TABLE BASSE ROSA DEL DESERTO - VENTES Rose du d\u00e9sert\u00a0 de Tonelli conception de la table \u00e0 caf\u00e9 D&#039;Urbino - Lomazzi. Rose du d\u00e9sert, deux \u00e9l\u00e9ments\" \/>\n<meta property=\"og:url\" content=\"https:\/\/www.mobilimariani.com\/fr\/2759-autosave-v1\/\" \/>\n<meta property=\"og:site_name\" content=\"Mobili Mariani\" \/>\n<meta property=\"article:published_time\" content=\"2025-06-02T10:51:28+00:00\" \/>\n<meta property=\"article:modified_time\" content=\"2025-11-15T10:48:55+00:00\" \/>\n<meta name=\"twitter:label1\" content=\"Est. reading time\">\n\t<meta name=\"twitter:data1\" content=\"1 minute\">\n<script type=\"application\/ld+json\" class=\"yoast-schema-graph\">{\"@context\":\"https:\/\/schema.org\",\"@graph\":[{\"@type\":\"Organization\",\"@id\":\"https:\/\/www.mobilimariani.com\/#organization\",\"name\":\"Mobili Mariani\",\"url\":\"https:\/\/www.mobilimariani.com\/\",\"sameAs\":[],\"logo\":{\"@type\":\"ImageObject\",\"@id\":\"https:\/\/www.mobilimariani.com\/#logo\",\"inLanguage\":\"fr-CH\",\"url\":\"https:\/\/www.mobilimariani.com\/wp-content\/uploads\/2015\/12\/logo.png\",\"contentUrl\":\"https:\/\/www.mobilimariani.com\/wp-content\/uploads\/2015\/12\/logo.png\",\"width\":160,\"height\":110,\"caption\":\"Mobili Mariani\"},\"image\":{\"@id\":\"https:\/\/www.mobilimariani.com\/#logo\"}},{\"@type\":\"WebSite\",\"@id\":\"https:\/\/www.mobilimariani.com\/#website\",\"url\":\"https:\/\/www.mobilimariani.com\/\",\"name\":\"Mobili Mariani\",\"description\":\"Mobili Italia Svizzera\",\"publisher\":{\"@id\":\"https:\/\/www.mobilimariani.com\/#organization\"},\"potentialAction\":[{\"@type\":\"SearchAction\",\"target\":\"https:\/\/www.mobilimariani.com\/?s={search_term_string}\",\"query-input\":\"required name=search_term_string\"}],\"inLanguage\":\"fr-CH\"},{\"@type\":\"WebPage\",\"@id\":\"https:\/\/www.mobilimariani.com\/fr\/2759-autosave-v1\/#webpage\",\"url\":\"https:\/\/www.mobilimariani.com\/fr\/2759-autosave-v1\/\",\"name\":\"TONELLI TABLE BASSE | Mobili Mariani\",\"isPartOf\":{\"@id\":\"https:\/\/www.mobilimariani.com\/#website\"},\"datePublished\":\"2025-06-02T10:51:28+00:00\",\"dateModified\":\"2025-11-15T10:48:55+00:00\",\"description\":\"TONELLI TABLE BASSE ROSA DEL DESERTO - VENTES Rose du d\\u00e9sert\\u00a0 de Tonelli conception de la table \\u00e0 caf\\u00e9 D'Urbino - Lomazzi. Rose du d\\u00e9sert, deux \\u00e9l\\u00e9ments\",\"breadcrumb\":{\"@id\":\"https:\/\/www.mobilimariani.com\/fr\/2759-autosave-v1\/#breadcrumb\"},\"inLanguage\":\"fr-CH\",\"potentialAction\":[{\"@type\":\"ReadAction\",\"target\":[\"https:\/\/www.mobilimariani.com\/fr\/2759-autosave-v1\/\"]}]},{\"@type\":\"BreadcrumbList\",\"@id\":\"https:\/\/www.mobilimariani.com\/fr\/2759-autosave-v1\/#breadcrumb\",\"itemListElement\":[{\"@type\":\"ListItem\",\"position\":1,\"item\":{\"@type\":\"WebPage\",\"@id\":\"https:\/\/www.mobilimariani.com\/\",\"url\":\"https:\/\/www.mobilimariani.com\/\",\"name\":\"Home\"}},{\"@type\":\"ListItem\",\"position\":2,\"item\":{\"@type\":\"WebPage\",\"@id\":\"https:\/\/www.mobilimariani.com\/fr\/tonelli-table-basse-rosa-del-deserto\/\",\"url\":\"https:\/\/www.mobilimariani.com\/fr\/tonelli-table-basse-rosa-del-deserto\/\",\"name\":\"TONELLI TABLE BASSE &#8220;ROSA DEL DESERTO&#8221;\"}},{\"@type\":\"ListItem\",\"position\":3,\"item\":{\"@id\":\"https:\/\/www.mobilimariani.com\/fr\/2759-autosave-v1\/#webpage\"}}]},{\"@type\":\"Article\",\"@id\":\"https:\/\/www.mobilimariani.com\/fr\/2759-autosave-v1\/#article\",\"isPartOf\":{\"@id\":\"https:\/\/www.mobilimariani.com\/fr\/2759-autosave-v1\/#webpage\"},\"author\":{\"@id\":\"https:\/\/www.mobilimariani.com\/#\/schema\/person\/4685d9f51269134e53f988c9122315f4\"},\"headline\":\"TONELLI TABLE BASSE\",\"datePublished\":\"2025-06-02T10:51:28+00:00\",\"dateModified\":\"2025-11-15T10:48:55+00:00\",\"mainEntityOfPage\":{\"@id\":\"https:\/\/www.mobilimariani.com\/fr\/2759-autosave-v1\/#webpage\"},\"publisher\":{\"@id\":\"https:\/\/www.mobilimariani.com\/#organization\"},\"articleSection\":[\"News\",\"Offres Zone Jour\",\"Outlet\",\"Promotions\",\"Salle jour\"],\"inLanguage\":\"fr-CH\"},{\"@type\":\"Person\",\"@id\":\"https:\/\/www.mobilimariani.com\/#\/schema\/person\/4685d9f51269134e53f988c9122315f4\",\"name\":\"14m4rC008\",\"image\":{\"@type\":\"ImageObject\",\"@id\":\"https:\/\/www.mobilimariani.com\/#personlogo\",\"inLanguage\":\"fr-CH\",\"url\":\"https:\/\/secure.gravatar.com\/avatar\/dfaa6e536fec7030712cf850e9ddef45?s=96&d=mm&r=g\",\"contentUrl\":\"https:\/\/secure.gravatar.com\/avatar\/dfaa6e536fec7030712cf850e9ddef45?s=96&d=mm&r=g\",\"caption\":\"14m4rC008\"}}]}<\/script>\n<!-- \/ Yoast SEO plugin. -->","_links":{"self":[{"href":"https:\/\/www.mobilimariani.com\/fr\/wp-json\/wp\/v2\/posts\/2761"}],"collection":[{"href":"https:\/\/www.mobilimariani.com\/fr\/wp-json\/wp\/v2\/posts"}],"about":[{"href":"https:\/\/www.mobilimariani.com\/fr\/wp-json\/wp\/v2\/types\/post"}],"author":[{"embeddable":true,"href":"https:\/\/www.mobilimariani.com\/fr\/wp-json\/wp\/v2\/users\/1"}],"replies":[{"embeddable":true,"href":"https:\/\/www.mobilimariani.com\/fr\/wp-json\/wp\/v2\/comments?post=2761"}],"version-history":[{"count":5,"href":"https:\/\/www.mobilimariani.com\/fr\/wp-json\/wp\/v2\/posts\/2761\/revisions"}],"predecessor-version":[{"id":33170,"href":"https:\/\/www.mobilimariani.com\/fr\/wp-json\/wp\/v2\/posts\/2761\/revisions\/33170"}],"wp:attachment":[{"href":"https:\/\/www.mobilimariani.com\/fr\/wp-json\/wp\/v2\/media?parent=2761"}],"wp:term":[{"taxonomy":"category","embeddable":true,"href":"https:\/\/www.mobilimariani.com\/fr\/wp-json\/wp\/v2\/categories?post=2761"},{"taxonomy":"post_tag","embeddable":true,"href":"https:\/\/www.mobilimariani.com\/fr\/wp-json\/wp\/v2\/tags?post=2761"}],"curies":[{"name":"wp","href":"https:\/\/api.w.org\/{rel}","templated":true}]}}