{"id":27579,"date":"2024-04-29T18:22:00","date_gmt":"2024-04-29T16:22:00","guid":{"rendered":"https:\/\/www.mobilimariani.com\/?p=27579"},"modified":"2026-01-28T10:32:20","modified_gmt":"2026-01-28T09:32:20","slug":"ventes-flou-couette-dacron-polifil","status":"publish","type":"post","link":"https:\/\/www.mobilimariani.com\/fr\/ventes-flou-couette-dacron-polifil\/","title":{"rendered":"VENTES FLOU COUETTE DACRON-POLIFIL"},"content":{"rendered":"<p>VENTES FLOU COUETTE DACRON-POLIFIL<\/p>\n<p><span title=\"\">Couette 4 saisons en Dacron-Polifil\u00a0 <\/span><span class=\"\" title=\"\">compos\u00e9e de deux draps: un drap d\u2019automne \/ printemps gr.300 \/ mq + un drap d\u2019\u00e9t\u00e9 gr.100 \/ mq.<\/span><\/p>\n<p><span class=\"\" title=\"\">Les deux drap r\u00e9unis par des clips pratiques sont transform\u00e9es en version hiver.<\/span><\/p>\n<p>Taille double cm. 255 \u00d7 205<\/p>\n<p>Liste de prix \u20ac. 317,00<\/p>\n<h3><strong>PRIX AUTONOME \u20ac. 170,00<\/strong><\/h3>\n<p>DISPONIBLE JUSQU\u2019\u00c0 \u00c9PUISEMENT DES STOCKS<\/p>\n<p>Pour voir toutes les couettes en solde, <a href=\"https:\/\/www.mobilimariani.com\/fr\/search\/FLOU+COUETTE\">cliquez ici<\/a><\/p>\n<p>Pour voir toutes nos ventes,\u00a0<a href=\"https:\/\/www.mobilimariani.com\/fr\/search\/VENTES\">cliquez ici<\/a><\/p>\n<p>Pour d\u00e9couvrir la marque Flou,\u00a0<a href=\"https:\/\/www.mobilimariani.com\/fr\/concessionnaire-flou\/\">cliquez ici<\/a><\/p>\n<p>Avez-vous besoin de plus d\u2019informations?<\/p>\n<p><a href=\"https:\/\/www.mobilimariani.com\/fr\/contacts\/\" target=\"_blank\" rel=\"noreferrer noopener\">Cliquez ici\u00a0<\/a>\u00a0et nous vous r\u00e9pondrons<\/p>\n","protected":false},"excerpt":{"rendered":"VENTES FLOU COUETTE DACRON-POLIFIL Couette 4 saisons en Dacron-Polifil\u00a0 compos\u00e9e de deux draps: un drap d\u2019automne \/ printemps gr.300 \/ mq + un drap d\u2019\u00e9t\u00e9 gr.100 \/ mq. Les deux drap r\u00e9unis par des clips pratiques sont transform\u00e9es en version hiver. Taille double cm. 255 \u00d7 205 Liste de prix \u20ac. 317,00 PRIX AUTONOME \u20ac&#8230;. <a class=\"view-article\" href=\"https:\/\/www.mobilimariani.com\/fr\/ventes-flou-couette-dacron-polifil\/\">Voir l&#8217;article<\/a>","protected":false},"author":1,"featured_media":33009,"comment_status":"closed","ping_status":"closed","sticky":false,"template":"","format":"standard","meta":[],"categories":[8,49,14,38],"tags":[],"yoast_head":"<!-- This site is optimized with the Yoast SEO plugin v16.2 - https:\/\/yoast.com\/wordpress\/plugins\/seo\/ -->\n<meta name=\"description\" content=\"VENTES FLOU COUETTE DACRON-POLIFIL Couette 4 saisons en Dacron-Polifil\u00a0 compos\u00e9e de deux draps: un drap d\u2019automne \/ printemps gr.300 \/ mq + un drap d\u2019\u00e9t\u00e9\" \/>\n<meta name=\"robots\" content=\"index, follow, max-snippet:-1, max-image-preview:large, max-video-preview:-1\" \/>\n<link rel=\"canonical\" href=\"https:\/\/www.mobilimariani.com\/fr\/ventes-flou-couette-dacron-polifil\/\" \/>\n<meta property=\"og:locale\" content=\"fr_FR\" \/>\n<meta property=\"og:type\" content=\"article\" \/>\n<meta property=\"og:title\" content=\"VENTES FLOU COUETTE DACRON-POLIFIL | Mobili Mariani\" \/>\n<meta property=\"og:description\" content=\"VENTES FLOU COUETTE DACRON-POLIFIL Couette 4 saisons en Dacron-Polifil\u00a0 compos\u00e9e de deux draps: un drap d\u2019automne \/ printemps gr.300 \/ mq + un drap d\u2019\u00e9t\u00e9\" \/>\n<meta property=\"og:url\" content=\"https:\/\/www.mobilimariani.com\/fr\/ventes-flou-couette-dacron-polifil\/\" \/>\n<meta property=\"og:site_name\" content=\"Mobili Mariani\" \/>\n<meta property=\"article:published_time\" content=\"2024-04-29T16:22:00+00:00\" \/>\n<meta property=\"article:modified_time\" content=\"2026-01-28T09:32:20+00:00\" \/>\n<meta property=\"og:image\" content=\"https:\/\/www.mobilimariani.com\/wp-content\/uploads\/2023\/04\/pm-dacron.jpg\" \/>\n\t<meta property=\"og:image:width\" content=\"717\" \/>\n\t<meta property=\"og:image:height\" content=\"447\" \/>\n<meta name=\"twitter:label1\" content=\"Est. reading time\">\n\t<meta name=\"twitter:data1\" content=\"1 minute\">\n<script type=\"application\/ld+json\" class=\"yoast-schema-graph\">{\"@context\":\"https:\/\/schema.org\",\"@graph\":[{\"@type\":\"Organization\",\"@id\":\"https:\/\/www.mobilimariani.com\/#organization\",\"name\":\"Mobili Mariani\",\"url\":\"https:\/\/www.mobilimariani.com\/\",\"sameAs\":[],\"logo\":{\"@type\":\"ImageObject\",\"@id\":\"https:\/\/www.mobilimariani.com\/#logo\",\"inLanguage\":\"fr-CH\",\"url\":\"https:\/\/www.mobilimariani.com\/wp-content\/uploads\/2015\/12\/logo.png\",\"contentUrl\":\"https:\/\/www.mobilimariani.com\/wp-content\/uploads\/2015\/12\/logo.png\",\"width\":160,\"height\":110,\"caption\":\"Mobili Mariani\"},\"image\":{\"@id\":\"https:\/\/www.mobilimariani.com\/#logo\"}},{\"@type\":\"WebSite\",\"@id\":\"https:\/\/www.mobilimariani.com\/#website\",\"url\":\"https:\/\/www.mobilimariani.com\/\",\"name\":\"Mobili Mariani\",\"description\":\"Mobili Italia Svizzera\",\"publisher\":{\"@id\":\"https:\/\/www.mobilimariani.com\/#organization\"},\"potentialAction\":[{\"@type\":\"SearchAction\",\"target\":\"https:\/\/www.mobilimariani.com\/?s={search_term_string}\",\"query-input\":\"required name=search_term_string\"}],\"inLanguage\":\"fr-CH\"},{\"@type\":\"ImageObject\",\"@id\":\"https:\/\/www.mobilimariani.com\/fr\/ventes-flou-couette-dacron-polifil\/#primaryimage\",\"inLanguage\":\"fr-CH\",\"url\":\"https:\/\/www.mobilimariani.com\/wp-content\/uploads\/2023\/04\/pm-dacron.jpg\",\"contentUrl\":\"https:\/\/www.mobilimariani.com\/wp-content\/uploads\/2023\/04\/pm-dacron.jpg\",\"width\":717,\"height\":447},{\"@type\":\"WebPage\",\"@id\":\"https:\/\/www.mobilimariani.com\/fr\/ventes-flou-couette-dacron-polifil\/#webpage\",\"url\":\"https:\/\/www.mobilimariani.com\/fr\/ventes-flou-couette-dacron-polifil\/\",\"name\":\"VENTES FLOU COUETTE DACRON-POLIFIL | Mobili Mariani\",\"isPartOf\":{\"@id\":\"https:\/\/www.mobilimariani.com\/#website\"},\"primaryImageOfPage\":{\"@id\":\"https:\/\/www.mobilimariani.com\/fr\/ventes-flou-couette-dacron-polifil\/#primaryimage\"},\"datePublished\":\"2024-04-29T16:22:00+00:00\",\"dateModified\":\"2026-01-28T09:32:20+00:00\",\"description\":\"VENTES FLOU COUETTE DACRON-POLIFIL Couette 4 saisons en Dacron-Polifil\\u00a0 compos\\u00e9e de deux draps: un drap d\\u2019automne \/ printemps gr.300 \/ mq + un drap d\\u2019\\u00e9t\\u00e9\",\"breadcrumb\":{\"@id\":\"https:\/\/www.mobilimariani.com\/fr\/ventes-flou-couette-dacron-polifil\/#breadcrumb\"},\"inLanguage\":\"fr-CH\",\"potentialAction\":[{\"@type\":\"ReadAction\",\"target\":[\"https:\/\/www.mobilimariani.com\/fr\/ventes-flou-couette-dacron-polifil\/\"]}]},{\"@type\":\"BreadcrumbList\",\"@id\":\"https:\/\/www.mobilimariani.com\/fr\/ventes-flou-couette-dacron-polifil\/#breadcrumb\",\"itemListElement\":[{\"@type\":\"ListItem\",\"position\":1,\"item\":{\"@type\":\"WebPage\",\"@id\":\"https:\/\/www.mobilimariani.com\/\",\"url\":\"https:\/\/www.mobilimariani.com\/\",\"name\":\"Home\"}},{\"@type\":\"ListItem\",\"position\":2,\"item\":{\"@id\":\"https:\/\/www.mobilimariani.com\/fr\/ventes-flou-couette-dacron-polifil\/#webpage\"}}]},{\"@type\":\"Article\",\"@id\":\"https:\/\/www.mobilimariani.com\/fr\/ventes-flou-couette-dacron-polifil\/#article\",\"isPartOf\":{\"@id\":\"https:\/\/www.mobilimariani.com\/fr\/ventes-flou-couette-dacron-polifil\/#webpage\"},\"author\":{\"@id\":\"https:\/\/www.mobilimariani.com\/#\/schema\/person\/4685d9f51269134e53f988c9122315f4\"},\"headline\":\"VENTES FLOU COUETTE DACRON-POLIFIL\",\"datePublished\":\"2024-04-29T16:22:00+00:00\",\"dateModified\":\"2026-01-28T09:32:20+00:00\",\"mainEntityOfPage\":{\"@id\":\"https:\/\/www.mobilimariani.com\/fr\/ventes-flou-couette-dacron-polifil\/#webpage\"},\"publisher\":{\"@id\":\"https:\/\/www.mobilimariani.com\/#organization\"},\"image\":{\"@id\":\"https:\/\/www.mobilimariani.com\/fr\/ventes-flou-couette-dacron-polifil\/#primaryimage\"},\"articleSection\":[\"News\",\"Offres zone nuit\",\"Outlet\",\"Promotions\"],\"inLanguage\":\"fr-CH\"},{\"@type\":\"Person\",\"@id\":\"https:\/\/www.mobilimariani.com\/#\/schema\/person\/4685d9f51269134e53f988c9122315f4\",\"name\":\"14m4rC008\",\"image\":{\"@type\":\"ImageObject\",\"@id\":\"https:\/\/www.mobilimariani.com\/#personlogo\",\"inLanguage\":\"fr-CH\",\"url\":\"https:\/\/secure.gravatar.com\/avatar\/dfaa6e536fec7030712cf850e9ddef45?s=96&d=mm&r=g\",\"contentUrl\":\"https:\/\/secure.gravatar.com\/avatar\/dfaa6e536fec7030712cf850e9ddef45?s=96&d=mm&r=g\",\"caption\":\"14m4rC008\"}}]}<\/script>\n<!-- \/ Yoast SEO plugin. -->","_links":{"self":[{"href":"https:\/\/www.mobilimariani.com\/fr\/wp-json\/wp\/v2\/posts\/27579"}],"collection":[{"href":"https:\/\/www.mobilimariani.com\/fr\/wp-json\/wp\/v2\/posts"}],"about":[{"href":"https:\/\/www.mobilimariani.com\/fr\/wp-json\/wp\/v2\/types\/post"}],"author":[{"embeddable":true,"href":"https:\/\/www.mobilimariani.com\/fr\/wp-json\/wp\/v2\/users\/1"}],"replies":[{"embeddable":true,"href":"https:\/\/www.mobilimariani.com\/fr\/wp-json\/wp\/v2\/comments?post=27579"}],"version-history":[{"count":7,"href":"https:\/\/www.mobilimariani.com\/fr\/wp-json\/wp\/v2\/posts\/27579\/revisions"}],"predecessor-version":[{"id":33010,"href":"https:\/\/www.mobilimariani.com\/fr\/wp-json\/wp\/v2\/posts\/27579\/revisions\/33010"}],"wp:featuredmedia":[{"embeddable":true,"href":"https:\/\/www.mobilimariani.com\/fr\/wp-json\/wp\/v2\/media\/33009"}],"wp:attachment":[{"href":"https:\/\/www.mobilimariani.com\/fr\/wp-json\/wp\/v2\/media?parent=27579"}],"wp:term":[{"taxonomy":"category","embeddable":true,"href":"https:\/\/www.mobilimariani.com\/fr\/wp-json\/wp\/v2\/categories?post=27579"},{"taxonomy":"post_tag","embeddable":true,"href":"https:\/\/www.mobilimariani.com\/fr\/wp-json\/wp\/v2\/tags?post=27579"}],"curies":[{"name":"wp","href":"https:\/\/api.w.org\/{rel}","templated":true}]}}