{"id":27365,"date":"2021-07-17T12:38:48","date_gmt":"2021-07-17T10:38:48","guid":{"rendered":"https:\/\/www.mobilimariani.com\/?p=27365"},"modified":"2021-07-17T12:40:06","modified_gmt":"2021-07-17T10:40:06","slug":"alf-dafre-kobe-table-basse","status":"publish","type":"post","link":"https:\/\/www.mobilimariani.com\/fr\/alf-dafre-kobe-table-basse\/","title":{"rendered":"ALF DaFR\u00c9 KOBE TABLE BASSE"},"content":{"rendered":"<p>ALF DaFR\u00c9 KOBE TABLE BASSE<\/p>\n<p>Kobe est une table basse carr\u00e9e ou rectangulaire avec structure en m\u00e9tal peint et plateau en bois. Extr\u00eamement propre dans la ligne, il est disponible en trois tailles.<\/p>\n<p>cm. 45 x 45 x 50 h<\/p>\n<p>cm. 90 x 90 x 33 h<\/p>\n<p>cm. 120 x 70 x 33 h<\/p>\n<p>Et le mod\u00e8le Handy Kobe cm. 45 x 45 x 50 h ou cm.\u00a0 45 x 45 x 66,5 h<\/p>\n<p><em>MARIANI CASUAL: meilleur rapport qualit\u00e9 \/ prix en version m\u00e9lamin\u00e9 ou laqu\u00e9 mat.<\/em><\/p>\n<p>Pour voir les finitions\u00a0<a href=\"https:\/\/www.mobilimariani.com\/fr\/alf-fre-finitions\/\">cliquez ici<\/a><\/p>\n<p>Pour d\u00e9couvrir la marque\u00a0ALF DAFR\u00c9\u00a0<a href=\"https:\/\/www.mobilimariani.com\/fr\/23666-2\/\">cliquez ici<\/a><\/p>\n<p>Pour d\u00e9couvrir le catalogue de toutes nos Tables Basse\u00a0<a href=\"https:\/\/www.mobilimariani.com\/fr\/search\/table+basse\">cliquez ici<\/a><\/p>\n<p>Vous voulez conna\u00eetre notre meilleur prix pour cet article?\u00a0<a href=\"https:\/\/www.mobilimariani.com\/fr\/contacts\/\">Cliquez ici<\/a>\u00a0et envoyez-nous la demande<\/p>\n<p>Signale le lieu de livraison.<\/p>\n<p>Nous livrons dans toute l\u2019Europe et o\u00f9 que tu sois.<\/p>\n<p>Pour nos clients suisses, il sera d\u00e9duit l\u2019I.V.A. italienne<\/p>\n<p>&nbsp;<\/p>\n","protected":false},"excerpt":{"rendered":"ALF DaFR\u00c9 KOBE TABLE BASSE Kobe est une table basse carr\u00e9e ou rectangulaire avec structure en m\u00e9tal peint et plateau en bois. Extr\u00eamement propre dans la ligne, il est disponible en trois tailles. cm. 45 x 45 x 50 h cm. 90 x 90 x 33 h cm. 120 x 70 x 33 h Et&#8230; <a class=\"view-article\" href=\"https:\/\/www.mobilimariani.com\/fr\/alf-dafre-kobe-table-basse\/\">Voir l&#8217;article<\/a>","protected":false},"author":1,"featured_media":0,"comment_status":"closed","ping_status":"closed","sticky":false,"template":"","format":"standard","meta":[],"categories":[1,39,6],"tags":[],"yoast_head":"<!-- This site is optimized with the Yoast SEO plugin v16.2 - https:\/\/yoast.com\/wordpress\/plugins\/seo\/ -->\n<meta name=\"description\" content=\"ALF DaFR\u00c9 KOBE TABLE BASSE Kobe est une table basse carr\u00e9e ou rectangulaire avec structure en m\u00e9tal peint et plateau en bois. Extr\u00eamement propre dans la\" \/>\n<meta name=\"robots\" content=\"index, follow, max-snippet:-1, max-image-preview:large, max-video-preview:-1\" \/>\n<link rel=\"canonical\" href=\"https:\/\/www.mobilimariani.com\/fr\/alf-dafre-kobe-table-basse\/\" \/>\n<meta property=\"og:locale\" content=\"fr_FR\" \/>\n<meta property=\"og:type\" content=\"article\" \/>\n<meta property=\"og:title\" content=\"ALF DaFR\u00c9 KOBE TABLE BASSE | Mobili Mariani\" \/>\n<meta property=\"og:description\" content=\"ALF DaFR\u00c9 KOBE TABLE BASSE Kobe est une table basse carr\u00e9e ou rectangulaire avec structure en m\u00e9tal peint et plateau en bois. Extr\u00eamement propre dans la\" \/>\n<meta property=\"og:url\" content=\"https:\/\/www.mobilimariani.com\/fr\/alf-dafre-kobe-table-basse\/\" \/>\n<meta property=\"og:site_name\" content=\"Mobili Mariani\" \/>\n<meta property=\"article:published_time\" content=\"2021-07-17T10:38:48+00:00\" \/>\n<meta property=\"article:modified_time\" content=\"2021-07-17T10:40:06+00:00\" \/>\n<meta name=\"twitter:label1\" content=\"Est. reading time\">\n\t<meta name=\"twitter:data1\" content=\"1 minute\">\n<script type=\"application\/ld+json\" class=\"yoast-schema-graph\">{\"@context\":\"https:\/\/schema.org\",\"@graph\":[{\"@type\":\"Organization\",\"@id\":\"https:\/\/www.mobilimariani.com\/#organization\",\"name\":\"Mobili Mariani\",\"url\":\"https:\/\/www.mobilimariani.com\/\",\"sameAs\":[],\"logo\":{\"@type\":\"ImageObject\",\"@id\":\"https:\/\/www.mobilimariani.com\/#logo\",\"inLanguage\":\"fr-CH\",\"url\":\"https:\/\/www.mobilimariani.com\/wp-content\/uploads\/2015\/12\/logo.png\",\"contentUrl\":\"https:\/\/www.mobilimariani.com\/wp-content\/uploads\/2015\/12\/logo.png\",\"width\":160,\"height\":110,\"caption\":\"Mobili Mariani\"},\"image\":{\"@id\":\"https:\/\/www.mobilimariani.com\/#logo\"}},{\"@type\":\"WebSite\",\"@id\":\"https:\/\/www.mobilimariani.com\/#website\",\"url\":\"https:\/\/www.mobilimariani.com\/\",\"name\":\"Mobili Mariani\",\"description\":\"Mobili Italia Svizzera\",\"publisher\":{\"@id\":\"https:\/\/www.mobilimariani.com\/#organization\"},\"potentialAction\":[{\"@type\":\"SearchAction\",\"target\":\"https:\/\/www.mobilimariani.com\/?s={search_term_string}\",\"query-input\":\"required name=search_term_string\"}],\"inLanguage\":\"fr-CH\"},{\"@type\":\"WebPage\",\"@id\":\"https:\/\/www.mobilimariani.com\/fr\/alf-dafre-kobe-table-basse\/#webpage\",\"url\":\"https:\/\/www.mobilimariani.com\/fr\/alf-dafre-kobe-table-basse\/\",\"name\":\"ALF DaFR\\u00c9 KOBE TABLE BASSE | Mobili Mariani\",\"isPartOf\":{\"@id\":\"https:\/\/www.mobilimariani.com\/#website\"},\"datePublished\":\"2021-07-17T10:38:48+00:00\",\"dateModified\":\"2021-07-17T10:40:06+00:00\",\"description\":\"ALF DaFR\\u00c9 KOBE TABLE BASSE Kobe est une table basse carr\\u00e9e ou rectangulaire avec structure en m\\u00e9tal peint et plateau en bois. Extr\\u00eamement propre dans la\",\"breadcrumb\":{\"@id\":\"https:\/\/www.mobilimariani.com\/fr\/alf-dafre-kobe-table-basse\/#breadcrumb\"},\"inLanguage\":\"fr-CH\",\"potentialAction\":[{\"@type\":\"ReadAction\",\"target\":[\"https:\/\/www.mobilimariani.com\/fr\/alf-dafre-kobe-table-basse\/\"]}]},{\"@type\":\"BreadcrumbList\",\"@id\":\"https:\/\/www.mobilimariani.com\/fr\/alf-dafre-kobe-table-basse\/#breadcrumb\",\"itemListElement\":[{\"@type\":\"ListItem\",\"position\":1,\"item\":{\"@type\":\"WebPage\",\"@id\":\"https:\/\/www.mobilimariani.com\/\",\"url\":\"https:\/\/www.mobilimariani.com\/\",\"name\":\"Home\"}},{\"@type\":\"ListItem\",\"position\":2,\"item\":{\"@id\":\"https:\/\/www.mobilimariani.com\/fr\/alf-dafre-kobe-table-basse\/#webpage\"}}]},{\"@type\":\"Article\",\"@id\":\"https:\/\/www.mobilimariani.com\/fr\/alf-dafre-kobe-table-basse\/#article\",\"isPartOf\":{\"@id\":\"https:\/\/www.mobilimariani.com\/fr\/alf-dafre-kobe-table-basse\/#webpage\"},\"author\":{\"@id\":\"https:\/\/www.mobilimariani.com\/#\/schema\/person\/4685d9f51269134e53f988c9122315f4\"},\"headline\":\"ALF DaFR\\u00c9 KOBE TABLE BASSE\",\"datePublished\":\"2021-07-17T10:38:48+00:00\",\"dateModified\":\"2021-07-17T10:40:06+00:00\",\"mainEntityOfPage\":{\"@id\":\"https:\/\/www.mobilimariani.com\/fr\/alf-dafre-kobe-table-basse\/#webpage\"},\"publisher\":{\"@id\":\"https:\/\/www.mobilimariani.com\/#organization\"},\"articleSection\":[\"Catalogue\",\"Mariani casual\",\"Salle jour\"],\"inLanguage\":\"fr-CH\"},{\"@type\":\"Person\",\"@id\":\"https:\/\/www.mobilimariani.com\/#\/schema\/person\/4685d9f51269134e53f988c9122315f4\",\"name\":\"14m4rC008\",\"image\":{\"@type\":\"ImageObject\",\"@id\":\"https:\/\/www.mobilimariani.com\/#personlogo\",\"inLanguage\":\"fr-CH\",\"url\":\"https:\/\/secure.gravatar.com\/avatar\/dfaa6e536fec7030712cf850e9ddef45?s=96&d=mm&r=g\",\"contentUrl\":\"https:\/\/secure.gravatar.com\/avatar\/dfaa6e536fec7030712cf850e9ddef45?s=96&d=mm&r=g\",\"caption\":\"14m4rC008\"}}]}<\/script>\n<!-- \/ Yoast SEO plugin. -->","_links":{"self":[{"href":"https:\/\/www.mobilimariani.com\/fr\/wp-json\/wp\/v2\/posts\/27365"}],"collection":[{"href":"https:\/\/www.mobilimariani.com\/fr\/wp-json\/wp\/v2\/posts"}],"about":[{"href":"https:\/\/www.mobilimariani.com\/fr\/wp-json\/wp\/v2\/types\/post"}],"author":[{"embeddable":true,"href":"https:\/\/www.mobilimariani.com\/fr\/wp-json\/wp\/v2\/users\/1"}],"replies":[{"embeddable":true,"href":"https:\/\/www.mobilimariani.com\/fr\/wp-json\/wp\/v2\/comments?post=27365"}],"version-history":[{"count":2,"href":"https:\/\/www.mobilimariani.com\/fr\/wp-json\/wp\/v2\/posts\/27365\/revisions"}],"predecessor-version":[{"id":27367,"href":"https:\/\/www.mobilimariani.com\/fr\/wp-json\/wp\/v2\/posts\/27365\/revisions\/27367"}],"wp:attachment":[{"href":"https:\/\/www.mobilimariani.com\/fr\/wp-json\/wp\/v2\/media?parent=27365"}],"wp:term":[{"taxonomy":"category","embeddable":true,"href":"https:\/\/www.mobilimariani.com\/fr\/wp-json\/wp\/v2\/categories?post=27365"},{"taxonomy":"post_tag","embeddable":true,"href":"https:\/\/www.mobilimariani.com\/fr\/wp-json\/wp\/v2\/tags?post=27365"}],"curies":[{"name":"wp","href":"https:\/\/api.w.org\/{rel}","templated":true}]}}