{"id":27346,"date":"2021-07-16T19:21:58","date_gmt":"2021-07-16T17:21:58","guid":{"rendered":"https:\/\/www.mobilimariani.com\/?p=27346"},"modified":"2021-07-16T19:26:39","modified_gmt":"2021-07-16T17:26:39","slug":"tonelli-a-le-plaisir-de-celebrer-le-15eme-anniversaire-de-livingstone","status":"publish","type":"post","link":"https:\/\/www.mobilimariani.com\/fr\/tonelli-a-le-plaisir-de-celebrer-le-15eme-anniversaire-de-livingstone\/","title":{"rendered":"TONELLI A LE PLAISIR DE C\u00c9L\u00c9BRER LE 15\u00c8ME ANNIVERSAIRE DE LIVINGSTONE"},"content":{"rendered":"<p>TONELLI A LE PLAISIR DE C\u00c9L\u00c9BRER LE 15\u00c8ME ANNIVERSAIRE DE LIVINGSTONE<\/p>\n<p>&#8220;Pour c\u00e9l\u00e9brer le 15e anniversaire de la pr\u00e9sentation de Livingstone de Giulio Mancini au Salone Internazionale del Mobile de Milan, nous avons voulu revenir sur les caract\u00e9ristiques qui en ont fait l&#8217;une des tables \u00e0 rallonge en verre les plus populaires parmi les amateurs de d\u00e9coration int\u00e9rieure.<\/p>\n<p><iframe loading=\"lazy\" title=\"LIVINGSTONE - Tonelli design - Giulio Mancini 2006\" width=\"900\" height=\"506\" src=\"https:\/\/www.youtube.com\/embed\/TxVAqxFWztM?feature=oembed\" frameborder=\"0\" allow=\"accelerometer; autoplay; clipboard-write; encrypted-media; gyroscope; picture-in-picture\" allowfullscreen><\/iframe><\/p>\n<p>Les lignes \u00e9pur\u00e9es et essentielles permettent \u00e0 Livingstone de s&#8217;int\u00e9grer avec une \u00e9l\u00e9gance naturelle dans les cuisines, les salons et les studios, donnant une personnalit\u00e9 unique, forte mais non envahissante aux espaces et se mariant harmonieusement avec diff\u00e9rents styles, des plus classiques et traditionnels aux plus innovants et exp\u00e9rimentaux.<\/p>\n<p>Livingstone est disponible dans une vari\u00e9t\u00e9 de finitions de verre pour le plateau et les extensions, ainsi que dans diverses options de chrome et de bois pour les pieds, mais sa caract\u00e9ristique la plus importante est le m\u00e9canisme de rabat qui soul\u00e8ve les extensions en verre.<\/p>\n<p>La table con\u00e7ue par Giulio Mancini est s\u00fbre et adapt\u00e9e \u00e0 un usage domestique.<\/p>\n<p>En effet, il a de nouveau pass\u00e9 avec succ\u00e8s les tests de r\u00e9sistance, de durabilit\u00e9 et de s\u00e9curit\u00e9 exig\u00e9s par la stricte norme UNI EN 12521 au laboratoire Cosmob.&#8221;<\/p>\n<p><a href=\"https:\/\/www.mobilimariani.com\/fr\/tonelli-table-livingstone\/\">D\u00e9couvrez Livingstone.<\/a><\/p>\n<p><iframe loading=\"lazy\" title=\"High Table Livingstone designed by Giulio Mancini\" width=\"900\" height=\"506\" src=\"https:\/\/www.youtube.com\/embed\/OUxLbACgm68?feature=oembed\" frameborder=\"0\" allow=\"accelerometer; autoplay; clipboard-write; encrypted-media; gyroscope; picture-in-picture\" allowfullscreen><\/iframe><\/p>\n<p>&nbsp;<\/p>\n<p>Pour d\u00e9couvrir la marque Tonelli\u00a0<a href=\"https:\/\/www.mobilimariani.com\/fr\/concessionnaire-tonelli\/\" target=\"_blank\" rel=\"noopener noreferrer\" data-saferedirecturl=\"https:\/\/www.google.com\/url?hl=it&amp;q=https:\/\/www.mobilimariani.com\/fr\/concessionnaire-tonelli\/&amp;source=gmail&amp;ust=1502377335396000&amp;usg=AFQjCNEohokMRMUZO-3affQLmuuCLK2-uQ\">cliquez ici<\/a><\/p>\n<p>Pour d\u00e9couvrir le catalogue de toutes nos Tables,\u00a0<a href=\"https:\/\/www.mobilimariani.com\/fr\/search\/table\">cliquez ici<\/a><\/p>\n<p>Vous voulez conna\u00eetre notre meilleur prix pour cet article?<a href=\"https:\/\/www.mobilimariani.com\/fr\/contacts\/\" target=\"_blank\" rel=\"noopener noreferrer\" data-saferedirecturl=\"https:\/\/www.google.com\/url?hl=it&amp;q=https:\/\/www.mobilimariani.com\/fr\/contacts\/&amp;source=gmail&amp;ust=1502377335396000&amp;usg=AFQjCNHs7yYbWY6YOA97jehU-A3dNzevOg\">\u00a0Cliquez ici\u00a0<\/a>et envoyez-nous la demande<\/p>\n<p>Signale le lieu de livraison et si le montage est n\u00e9c\u00e9ssaire.<\/p>\n<p>Nous livrons dans toute l\u2019Europe et o\u00f9 que tu sois.<\/p>\n<p>Pour nos clients suisses, il sera d\u00e9duit l\u2019I.V.A. italienne<\/p>\n","protected":false},"excerpt":{"rendered":"TONELLI A LE PLAISIR DE C\u00c9L\u00c9BRER LE 15\u00c8ME ANNIVERSAIRE DE LIVINGSTONE &#8220;Pour c\u00e9l\u00e9brer le 15e anniversaire de la pr\u00e9sentation de Livingstone de Giulio Mancini au Salone Internazionale del Mobile de Milan, nous avons voulu revenir sur les caract\u00e9ristiques qui en ont fait l&#8217;une des tables \u00e0 rallonge en verre les plus populaires parmi les amateurs&#8230; <a class=\"view-article\" href=\"https:\/\/www.mobilimariani.com\/fr\/tonelli-a-le-plaisir-de-celebrer-le-15eme-anniversaire-de-livingstone\/\">Voir l&#8217;article<\/a>","protected":false},"author":1,"featured_media":0,"comment_status":"closed","ping_status":"closed","sticky":false,"template":"","format":"standard","meta":[],"categories":[8],"tags":[],"yoast_head":"<!-- This site is optimized with the Yoast SEO plugin v16.2 - https:\/\/yoast.com\/wordpress\/plugins\/seo\/ -->\n<meta name=\"description\" content=\"TONELLI A LE PLAISIR DE C\u00c9L\u00c9BRER LE 15\u00c8ME ANNIVERSAIRE DE LIVINGSTONE &quot;Pour c\u00e9l\u00e9brer le 15e anniversaire de la pr\u00e9sentation de Livingstone de Giulio\" \/>\n<meta name=\"robots\" content=\"index, follow, max-snippet:-1, max-image-preview:large, max-video-preview:-1\" \/>\n<link rel=\"canonical\" href=\"https:\/\/www.mobilimariani.com\/fr\/tonelli-a-le-plaisir-de-celebrer-le-15eme-anniversaire-de-livingstone\/\" \/>\n<meta property=\"og:locale\" content=\"fr_FR\" \/>\n<meta property=\"og:type\" content=\"article\" \/>\n<meta property=\"og:title\" content=\"TONELLI A LE PLAISIR DE C\u00c9L\u00c9BRER LE 15\u00c8ME ANNIVERSAIRE DE LIVINGSTONE | Mobili Mariani\" \/>\n<meta property=\"og:description\" content=\"TONELLI A LE PLAISIR DE C\u00c9L\u00c9BRER LE 15\u00c8ME ANNIVERSAIRE DE LIVINGSTONE &quot;Pour c\u00e9l\u00e9brer le 15e anniversaire de la pr\u00e9sentation de Livingstone de Giulio\" \/>\n<meta property=\"og:url\" content=\"https:\/\/www.mobilimariani.com\/fr\/tonelli-a-le-plaisir-de-celebrer-le-15eme-anniversaire-de-livingstone\/\" \/>\n<meta property=\"og:site_name\" content=\"Mobili Mariani\" \/>\n<meta property=\"article:published_time\" content=\"2021-07-16T17:21:58+00:00\" \/>\n<meta property=\"article:modified_time\" content=\"2021-07-16T17:26:39+00:00\" \/>\n<meta name=\"twitter:label1\" content=\"Est. reading time\">\n\t<meta name=\"twitter:data1\" content=\"2 minutes\">\n<script type=\"application\/ld+json\" class=\"yoast-schema-graph\">{\"@context\":\"https:\/\/schema.org\",\"@graph\":[{\"@type\":\"Organization\",\"@id\":\"https:\/\/www.mobilimariani.com\/#organization\",\"name\":\"Mobili Mariani\",\"url\":\"https:\/\/www.mobilimariani.com\/\",\"sameAs\":[],\"logo\":{\"@type\":\"ImageObject\",\"@id\":\"https:\/\/www.mobilimariani.com\/#logo\",\"inLanguage\":\"fr-CH\",\"url\":\"https:\/\/www.mobilimariani.com\/wp-content\/uploads\/2015\/12\/logo.png\",\"contentUrl\":\"https:\/\/www.mobilimariani.com\/wp-content\/uploads\/2015\/12\/logo.png\",\"width\":160,\"height\":110,\"caption\":\"Mobili Mariani\"},\"image\":{\"@id\":\"https:\/\/www.mobilimariani.com\/#logo\"}},{\"@type\":\"WebSite\",\"@id\":\"https:\/\/www.mobilimariani.com\/#website\",\"url\":\"https:\/\/www.mobilimariani.com\/\",\"name\":\"Mobili Mariani\",\"description\":\"Mobili Italia Svizzera\",\"publisher\":{\"@id\":\"https:\/\/www.mobilimariani.com\/#organization\"},\"potentialAction\":[{\"@type\":\"SearchAction\",\"target\":\"https:\/\/www.mobilimariani.com\/?s={search_term_string}\",\"query-input\":\"required name=search_term_string\"}],\"inLanguage\":\"fr-CH\"},{\"@type\":\"WebPage\",\"@id\":\"https:\/\/www.mobilimariani.com\/fr\/tonelli-a-le-plaisir-de-celebrer-le-15eme-anniversaire-de-livingstone\/#webpage\",\"url\":\"https:\/\/www.mobilimariani.com\/fr\/tonelli-a-le-plaisir-de-celebrer-le-15eme-anniversaire-de-livingstone\/\",\"name\":\"TONELLI A LE PLAISIR DE C\\u00c9L\\u00c9BRER LE 15\\u00c8ME ANNIVERSAIRE DE LIVINGSTONE | Mobili Mariani\",\"isPartOf\":{\"@id\":\"https:\/\/www.mobilimariani.com\/#website\"},\"datePublished\":\"2021-07-16T17:21:58+00:00\",\"dateModified\":\"2021-07-16T17:26:39+00:00\",\"description\":\"TONELLI A LE PLAISIR DE C\\u00c9L\\u00c9BRER LE 15\\u00c8ME ANNIVERSAIRE DE LIVINGSTONE \\\"Pour c\\u00e9l\\u00e9brer le 15e anniversaire de la pr\\u00e9sentation de Livingstone de Giulio\",\"breadcrumb\":{\"@id\":\"https:\/\/www.mobilimariani.com\/fr\/tonelli-a-le-plaisir-de-celebrer-le-15eme-anniversaire-de-livingstone\/#breadcrumb\"},\"inLanguage\":\"fr-CH\",\"potentialAction\":[{\"@type\":\"ReadAction\",\"target\":[\"https:\/\/www.mobilimariani.com\/fr\/tonelli-a-le-plaisir-de-celebrer-le-15eme-anniversaire-de-livingstone\/\"]}]},{\"@type\":\"BreadcrumbList\",\"@id\":\"https:\/\/www.mobilimariani.com\/fr\/tonelli-a-le-plaisir-de-celebrer-le-15eme-anniversaire-de-livingstone\/#breadcrumb\",\"itemListElement\":[{\"@type\":\"ListItem\",\"position\":1,\"item\":{\"@type\":\"WebPage\",\"@id\":\"https:\/\/www.mobilimariani.com\/\",\"url\":\"https:\/\/www.mobilimariani.com\/\",\"name\":\"Home\"}},{\"@type\":\"ListItem\",\"position\":2,\"item\":{\"@id\":\"https:\/\/www.mobilimariani.com\/fr\/tonelli-a-le-plaisir-de-celebrer-le-15eme-anniversaire-de-livingstone\/#webpage\"}}]},{\"@type\":\"Article\",\"@id\":\"https:\/\/www.mobilimariani.com\/fr\/tonelli-a-le-plaisir-de-celebrer-le-15eme-anniversaire-de-livingstone\/#article\",\"isPartOf\":{\"@id\":\"https:\/\/www.mobilimariani.com\/fr\/tonelli-a-le-plaisir-de-celebrer-le-15eme-anniversaire-de-livingstone\/#webpage\"},\"author\":{\"@id\":\"https:\/\/www.mobilimariani.com\/#\/schema\/person\/4685d9f51269134e53f988c9122315f4\"},\"headline\":\"TONELLI A LE PLAISIR DE C\\u00c9L\\u00c9BRER LE 15\\u00c8ME ANNIVERSAIRE DE LIVINGSTONE\",\"datePublished\":\"2021-07-16T17:21:58+00:00\",\"dateModified\":\"2021-07-16T17:26:39+00:00\",\"mainEntityOfPage\":{\"@id\":\"https:\/\/www.mobilimariani.com\/fr\/tonelli-a-le-plaisir-de-celebrer-le-15eme-anniversaire-de-livingstone\/#webpage\"},\"publisher\":{\"@id\":\"https:\/\/www.mobilimariani.com\/#organization\"},\"articleSection\":[\"News\"],\"inLanguage\":\"fr-CH\"},{\"@type\":\"Person\",\"@id\":\"https:\/\/www.mobilimariani.com\/#\/schema\/person\/4685d9f51269134e53f988c9122315f4\",\"name\":\"14m4rC008\",\"image\":{\"@type\":\"ImageObject\",\"@id\":\"https:\/\/www.mobilimariani.com\/#personlogo\",\"inLanguage\":\"fr-CH\",\"url\":\"https:\/\/secure.gravatar.com\/avatar\/dfaa6e536fec7030712cf850e9ddef45?s=96&d=mm&r=g\",\"contentUrl\":\"https:\/\/secure.gravatar.com\/avatar\/dfaa6e536fec7030712cf850e9ddef45?s=96&d=mm&r=g\",\"caption\":\"14m4rC008\"}}]}<\/script>\n<!-- \/ Yoast SEO plugin. -->","_links":{"self":[{"href":"https:\/\/www.mobilimariani.com\/fr\/wp-json\/wp\/v2\/posts\/27346"}],"collection":[{"href":"https:\/\/www.mobilimariani.com\/fr\/wp-json\/wp\/v2\/posts"}],"about":[{"href":"https:\/\/www.mobilimariani.com\/fr\/wp-json\/wp\/v2\/types\/post"}],"author":[{"embeddable":true,"href":"https:\/\/www.mobilimariani.com\/fr\/wp-json\/wp\/v2\/users\/1"}],"replies":[{"embeddable":true,"href":"https:\/\/www.mobilimariani.com\/fr\/wp-json\/wp\/v2\/comments?post=27346"}],"version-history":[{"count":1,"href":"https:\/\/www.mobilimariani.com\/fr\/wp-json\/wp\/v2\/posts\/27346\/revisions"}],"predecessor-version":[{"id":27347,"href":"https:\/\/www.mobilimariani.com\/fr\/wp-json\/wp\/v2\/posts\/27346\/revisions\/27347"}],"wp:attachment":[{"href":"https:\/\/www.mobilimariani.com\/fr\/wp-json\/wp\/v2\/media?parent=27346"}],"wp:term":[{"taxonomy":"category","embeddable":true,"href":"https:\/\/www.mobilimariani.com\/fr\/wp-json\/wp\/v2\/categories?post=27346"},{"taxonomy":"post_tag","embeddable":true,"href":"https:\/\/www.mobilimariani.com\/fr\/wp-json\/wp\/v2\/tags?post=27346"}],"curies":[{"name":"wp","href":"https:\/\/api.w.org\/{rel}","templated":true}]}}