{"id":2705,"date":"2015-04-12T19:04:55","date_gmt":"2015-04-12T17:04:55","guid":{"rendered":"https:\/\/www.mobilimariani.com\/?p=2705"},"modified":"2017-09-08T09:03:28","modified_gmt":"2017-09-08T07:03:28","slug":"zanotta-table-reale","status":"publish","type":"post","link":"https:\/\/www.mobilimariani.com\/fr\/zanotta-table-reale\/","title":{"rendered":"ZANOTTA TABLE REALE"},"content":{"rendered":"<p>ZANOTTA TABLE REALE.<\/p>\n<p>Table Zanotta Reale hommage \u00e0 Carlo Molino &#8211; 1946.<\/p>\n<p>Plan\u00a0en cristal avec bords biseaut\u00e9s, \u00e9paisseur 15 mm. ou le marbre blanc de Carrara, le marbre noir Marquinia ou le marbre Emperador, avec des bords biseaut\u00e9s de 20 mm d&#8217;\u00e9paisseur, avec un rev\u00eatement protecteur r\u00e9sistant aux taches en polyester transparent opaque. Structure en ch\u00eane naturel, teint\u00e9 noyer ou weng\u00e9, noix ou peint en blanc ou noir opaque.<\/p>\n<p>Mesures:<\/p>\n<p>cm. 80 x 160 x 72 h.<\/p>\n<p>cm. 90 x 180 x 72 h.<\/p>\n<p>cm. 90 x 200 x 72 h.<\/p>\n<p>cm. 90 x 220 x 72 h.<\/p>\n<p>Pour d\u00e9couvrir les rev\u00eatements et les finitions\u00a0<a href=\"https:\/\/www.mobilimariani.com\/zanotta-rivestimenti-finiture\/?lang=fr\">cliquez ici<\/a><\/p>\n<p>Pour d\u00e9couvrir la marque Zanotta\u00a0<a href=\"https:\/\/www.mobilimariani.com\/fr\/concessionnaire-zanotta\/\">cliquez ici<\/a><\/p>\n<p>Vous voulez conna\u00eetre notre meilleur prix pour cet article?\u00a0<a href=\"https:\/\/www.mobilimariani.com\/fr\/contacts\/\">Cliquez ici<\/a>\u00a0et envoyez-nous la demande<\/p>\n<p>Signale le lieu de livraison et si le montage est n\u00e9c\u00e9ssaire.<\/p>\n<p>Nous livrons dans toute l\u2019Europe<\/p>\n<p>Vous voulez conna\u00eetre notre meilleur prix pour cet article?\u00a0<a href=\"https:\/\/www.mobilimariani.com\/fr\/contacts\/\">Cliquez ici<\/a> et envoyez-nous la demande<\/p>\n<p>&nbsp;<\/p>\n","protected":false},"excerpt":{"rendered":"ZANOTTA TABLE REALE. Table Zanotta Reale hommage \u00e0 Carlo Molino &#8211; 1946. Plan\u00a0en cristal avec bords biseaut\u00e9s, \u00e9paisseur 15 mm. ou le marbre blanc de Carrara, le marbre noir Marquinia ou le marbre Emperador, avec des bords biseaut\u00e9s de 20 mm d&#8217;\u00e9paisseur, avec un rev\u00eatement protecteur r\u00e9sistant aux taches en polyester transparent opaque. Structure en&#8230; <a class=\"view-article\" href=\"https:\/\/www.mobilimariani.com\/fr\/zanotta-table-reale\/\">Voir l&#8217;article<\/a>","protected":false},"author":1,"featured_media":991,"comment_status":"closed","ping_status":"closed","sticky":false,"template":"","format":"standard","meta":[],"categories":[18,1,6],"tags":[],"yoast_head":"<!-- This site is optimized with the Yoast SEO plugin v16.2 - https:\/\/yoast.com\/wordpress\/plugins\/seo\/ -->\n<meta name=\"description\" content=\"ZANOTTA TABLE REALE. Table Zanotta Reale hommage \u00e0 Carlo Molino - 1946. Plan\u00a0en cristal avec bords biseaut\u00e9s, \u00e9paisseur 15 mm. ou le marbre blanc de\" \/>\n<meta name=\"robots\" content=\"index, follow, max-snippet:-1, max-image-preview:large, max-video-preview:-1\" \/>\n<link rel=\"canonical\" href=\"https:\/\/www.mobilimariani.com\/fr\/zanotta-table-reale\/\" \/>\n<meta property=\"og:locale\" content=\"fr_FR\" \/>\n<meta property=\"og:type\" content=\"article\" \/>\n<meta property=\"og:title\" content=\"ZANOTTA TABLE REALE | Mobili Mariani\" \/>\n<meta property=\"og:description\" content=\"ZANOTTA TABLE REALE. Table Zanotta Reale hommage \u00e0 Carlo Molino - 1946. Plan\u00a0en cristal avec bords biseaut\u00e9s, \u00e9paisseur 15 mm. ou le marbre blanc de\" \/>\n<meta property=\"og:url\" content=\"https:\/\/www.mobilimariani.com\/fr\/zanotta-table-reale\/\" \/>\n<meta property=\"og:site_name\" content=\"Mobili Mariani\" \/>\n<meta property=\"article:published_time\" content=\"2015-04-12T17:04:55+00:00\" \/>\n<meta property=\"article:modified_time\" content=\"2017-09-08T07:03:28+00:00\" \/>\n<meta property=\"og:image\" content=\"https:\/\/www.mobilimariani.com\/wp-content\/uploads\/2015\/01\/5.jpg\" \/>\n\t<meta property=\"og:image:width\" content=\"938\" \/>\n\t<meta property=\"og:image:height\" content=\"551\" \/>\n<meta name=\"twitter:label1\" content=\"Est. reading time\">\n\t<meta name=\"twitter:data1\" content=\"1 minute\">\n<script type=\"application\/ld+json\" class=\"yoast-schema-graph\">{\"@context\":\"https:\/\/schema.org\",\"@graph\":[{\"@type\":\"Organization\",\"@id\":\"https:\/\/www.mobilimariani.com\/#organization\",\"name\":\"Mobili Mariani\",\"url\":\"https:\/\/www.mobilimariani.com\/\",\"sameAs\":[],\"logo\":{\"@type\":\"ImageObject\",\"@id\":\"https:\/\/www.mobilimariani.com\/#logo\",\"inLanguage\":\"fr-CH\",\"url\":\"https:\/\/www.mobilimariani.com\/wp-content\/uploads\/2015\/12\/logo.png\",\"contentUrl\":\"https:\/\/www.mobilimariani.com\/wp-content\/uploads\/2015\/12\/logo.png\",\"width\":160,\"height\":110,\"caption\":\"Mobili Mariani\"},\"image\":{\"@id\":\"https:\/\/www.mobilimariani.com\/#logo\"}},{\"@type\":\"WebSite\",\"@id\":\"https:\/\/www.mobilimariani.com\/#website\",\"url\":\"https:\/\/www.mobilimariani.com\/\",\"name\":\"Mobili Mariani\",\"description\":\"Mobili Italia Svizzera\",\"publisher\":{\"@id\":\"https:\/\/www.mobilimariani.com\/#organization\"},\"potentialAction\":[{\"@type\":\"SearchAction\",\"target\":\"https:\/\/www.mobilimariani.com\/?s={search_term_string}\",\"query-input\":\"required name=search_term_string\"}],\"inLanguage\":\"fr-CH\"},{\"@type\":\"ImageObject\",\"@id\":\"https:\/\/www.mobilimariani.com\/fr\/zanotta-table-reale\/#primaryimage\",\"inLanguage\":\"fr-CH\",\"url\":\"https:\/\/www.mobilimariani.com\/wp-content\/uploads\/2015\/01\/5.jpg\",\"contentUrl\":\"https:\/\/www.mobilimariani.com\/wp-content\/uploads\/2015\/01\/5.jpg\",\"width\":938,\"height\":551,\"caption\":\"ZANOTTA TAVOLO REALE\"},{\"@type\":\"WebPage\",\"@id\":\"https:\/\/www.mobilimariani.com\/fr\/zanotta-table-reale\/#webpage\",\"url\":\"https:\/\/www.mobilimariani.com\/fr\/zanotta-table-reale\/\",\"name\":\"ZANOTTA TABLE REALE | Mobili Mariani\",\"isPartOf\":{\"@id\":\"https:\/\/www.mobilimariani.com\/#website\"},\"primaryImageOfPage\":{\"@id\":\"https:\/\/www.mobilimariani.com\/fr\/zanotta-table-reale\/#primaryimage\"},\"datePublished\":\"2015-04-12T17:04:55+00:00\",\"dateModified\":\"2017-09-08T07:03:28+00:00\",\"description\":\"ZANOTTA TABLE REALE. Table Zanotta Reale hommage \\u00e0 Carlo Molino - 1946. Plan\\u00a0en cristal avec bords biseaut\\u00e9s, \\u00e9paisseur 15 mm. ou le marbre blanc de\",\"breadcrumb\":{\"@id\":\"https:\/\/www.mobilimariani.com\/fr\/zanotta-table-reale\/#breadcrumb\"},\"inLanguage\":\"fr-CH\",\"potentialAction\":[{\"@type\":\"ReadAction\",\"target\":[\"https:\/\/www.mobilimariani.com\/fr\/zanotta-table-reale\/\"]}]},{\"@type\":\"BreadcrumbList\",\"@id\":\"https:\/\/www.mobilimariani.com\/fr\/zanotta-table-reale\/#breadcrumb\",\"itemListElement\":[{\"@type\":\"ListItem\",\"position\":1,\"item\":{\"@type\":\"WebPage\",\"@id\":\"https:\/\/www.mobilimariani.com\/\",\"url\":\"https:\/\/www.mobilimariani.com\/\",\"name\":\"Home\"}},{\"@type\":\"ListItem\",\"position\":2,\"item\":{\"@id\":\"https:\/\/www.mobilimariani.com\/fr\/zanotta-table-reale\/#webpage\"}}]},{\"@type\":\"Article\",\"@id\":\"https:\/\/www.mobilimariani.com\/fr\/zanotta-table-reale\/#article\",\"isPartOf\":{\"@id\":\"https:\/\/www.mobilimariani.com\/fr\/zanotta-table-reale\/#webpage\"},\"author\":{\"@id\":\"https:\/\/www.mobilimariani.com\/#\/schema\/person\/4685d9f51269134e53f988c9122315f4\"},\"headline\":\"ZANOTTA TABLE REALE\",\"datePublished\":\"2015-04-12T17:04:55+00:00\",\"dateModified\":\"2017-09-08T07:03:28+00:00\",\"mainEntityOfPage\":{\"@id\":\"https:\/\/www.mobilimariani.com\/fr\/zanotta-table-reale\/#webpage\"},\"publisher\":{\"@id\":\"https:\/\/www.mobilimariani.com\/#organization\"},\"image\":{\"@id\":\"https:\/\/www.mobilimariani.com\/fr\/zanotta-table-reale\/#primaryimage\"},\"articleSection\":[\"Autre\",\"Catalogue\",\"Salle jour\"],\"inLanguage\":\"fr-CH\"},{\"@type\":\"Person\",\"@id\":\"https:\/\/www.mobilimariani.com\/#\/schema\/person\/4685d9f51269134e53f988c9122315f4\",\"name\":\"14m4rC008\",\"image\":{\"@type\":\"ImageObject\",\"@id\":\"https:\/\/www.mobilimariani.com\/#personlogo\",\"inLanguage\":\"fr-CH\",\"url\":\"https:\/\/secure.gravatar.com\/avatar\/dfaa6e536fec7030712cf850e9ddef45?s=96&d=mm&r=g\",\"contentUrl\":\"https:\/\/secure.gravatar.com\/avatar\/dfaa6e536fec7030712cf850e9ddef45?s=96&d=mm&r=g\",\"caption\":\"14m4rC008\"}}]}<\/script>\n<!-- \/ Yoast SEO plugin. -->","_links":{"self":[{"href":"https:\/\/www.mobilimariani.com\/fr\/wp-json\/wp\/v2\/posts\/2705"}],"collection":[{"href":"https:\/\/www.mobilimariani.com\/fr\/wp-json\/wp\/v2\/posts"}],"about":[{"href":"https:\/\/www.mobilimariani.com\/fr\/wp-json\/wp\/v2\/types\/post"}],"author":[{"embeddable":true,"href":"https:\/\/www.mobilimariani.com\/fr\/wp-json\/wp\/v2\/users\/1"}],"replies":[{"embeddable":true,"href":"https:\/\/www.mobilimariani.com\/fr\/wp-json\/wp\/v2\/comments?post=2705"}],"version-history":[{"count":5,"href":"https:\/\/www.mobilimariani.com\/fr\/wp-json\/wp\/v2\/posts\/2705\/revisions"}],"predecessor-version":[{"id":19419,"href":"https:\/\/www.mobilimariani.com\/fr\/wp-json\/wp\/v2\/posts\/2705\/revisions\/19419"}],"wp:featuredmedia":[{"embeddable":true,"href":"https:\/\/www.mobilimariani.com\/fr\/wp-json\/wp\/v2\/media\/991"}],"wp:attachment":[{"href":"https:\/\/www.mobilimariani.com\/fr\/wp-json\/wp\/v2\/media?parent=2705"}],"wp:term":[{"taxonomy":"category","embeddable":true,"href":"https:\/\/www.mobilimariani.com\/fr\/wp-json\/wp\/v2\/categories?post=2705"},{"taxonomy":"post_tag","embeddable":true,"href":"https:\/\/www.mobilimariani.com\/fr\/wp-json\/wp\/v2\/tags?post=2705"}],"curies":[{"name":"wp","href":"https:\/\/api.w.org\/{rel}","templated":true}]}}