{"id":2695,"date":"2000-01-01T00:50:46","date_gmt":"1999-12-31T23:50:46","guid":{"rendered":"https:\/\/www.mobilimariani.com\/?p=2695"},"modified":"2020-08-08T16:22:09","modified_gmt":"2020-08-08T14:22:09","slug":"saba-river-sofa","status":"publish","type":"post","link":"https:\/\/www.mobilimariani.com\/fr\/saba-river-sofa\/","title":{"rendered":"SABA RIVER SOFA"},"content":{"rendered":"<p>SABA RIVER SOFA &#8211; INDISPONIBLE<\/p>\n<p>Saba rivi\u00e8re Sofa Design Sergio Bicego.<\/p>\n<p>River est un des volumes de syst\u00e8me et bien s\u00fbr curviligne &#8220;en mouvement&#8221;, o\u00f9 le dialogue entre les lignes concaves et convexes cr\u00e9e des compositions de fort impact visuel. Un canap\u00e9 &#8220;\u00e0 construire&#8221; dans cette attitude extr\u00eame libert\u00e9 et l&#8217;ergonomie pr\u00eate deux milieux de vie et public. Rivi\u00e8re repose sur l&#8217;utilisation de mat\u00e9riaux pr\u00e9cieux, les polyur\u00e9thanes avec diff\u00e9rentes densit\u00e9s de haute \u00e9lasticit\u00e9 et la fermet\u00e9, tandis que le dos acquiert douceur gr\u00e2ce \u00e0 la pr\u00e9sence de Maxi matelass\u00e9 oreillers. Le contraste de d\u00e9coration (qui rappelle le point-cheval) pousse le long toutes les coutures soulignant formes et caract\u00e8re pour un rendement \u00e0 la fois \u00e9l\u00e9gant et d\u00e9contract\u00e9. Enti\u00e8rement d\u00e9montable.<\/p>\n<p><a href=\"https:\/\/www.mobilimariani.com\/fr\/saba-tissus-de-revetement\/\">Pour voir les tissus de rev\u00e8tement cliquez ici<\/a><\/p>\n<p>Pour d\u00e9couvrir la marque Saba <a title=\"SABA\" href=\"https:\/\/www.mobilimariani.com\/fr\/distributeur-saba\/\">cliquez ici<\/a><\/p>\n<p>&nbsp;<\/p>\n","protected":false},"excerpt":{"rendered":"SABA RIVER SOFA &#8211; INDISPONIBLE Saba rivi\u00e8re Sofa Design Sergio Bicego. River est un des volumes de syst\u00e8me et bien s\u00fbr curviligne &#8220;en mouvement&#8221;, o\u00f9 le dialogue entre les lignes concaves et convexes cr\u00e9e des compositions de fort impact visuel. Un canap\u00e9 &#8220;\u00e0 construire&#8221; dans cette attitude extr\u00eame libert\u00e9 et l&#8217;ergonomie pr\u00eate deux milieux de&#8230; <a class=\"view-article\" href=\"https:\/\/www.mobilimariani.com\/fr\/saba-river-sofa\/\">Voir l&#8217;article<\/a>","protected":false},"author":1,"featured_media":2267,"comment_status":"closed","ping_status":"closed","sticky":false,"template":"","format":"standard","meta":[],"categories":[1,37,7,6],"tags":[2153,2154,2155],"yoast_head":"<!-- This site is optimized with the Yoast SEO plugin v16.2 - https:\/\/yoast.com\/wordpress\/plugins\/seo\/ -->\n<meta name=\"description\" content=\"SABA RIVER SOFA - INDISPONIBLE Saba rivi\u00e8re Sofa Design Sergio Bicego. River est un des volumes de syst\u00e8me et bien s\u00fbr curviligne &quot;en mouvement&quot;, o\u00f9 le\" \/>\n<meta name=\"robots\" content=\"index, follow, max-snippet:-1, max-image-preview:large, max-video-preview:-1\" \/>\n<link rel=\"canonical\" href=\"https:\/\/www.mobilimariani.com\/fr\/saba-river-sofa\/\" \/>\n<meta property=\"og:locale\" content=\"fr_FR\" \/>\n<meta property=\"og:type\" content=\"article\" \/>\n<meta property=\"og:title\" content=\"SABA RIVER SOFA | Mobili Mariani\" \/>\n<meta property=\"og:description\" content=\"SABA RIVER SOFA - INDISPONIBLE Saba rivi\u00e8re Sofa Design Sergio Bicego. River est un des volumes de syst\u00e8me et bien s\u00fbr curviligne &quot;en mouvement&quot;, o\u00f9 le\" \/>\n<meta property=\"og:url\" content=\"https:\/\/www.mobilimariani.com\/fr\/saba-river-sofa\/\" \/>\n<meta property=\"og:site_name\" content=\"Mobili Mariani\" \/>\n<meta property=\"article:published_time\" content=\"1999-12-31T23:50:46+00:00\" \/>\n<meta property=\"article:modified_time\" content=\"2020-08-08T14:22:09+00:00\" \/>\n<meta property=\"og:image\" content=\"https:\/\/www.mobilimariani.com\/wp-content\/uploads\/2015\/03\/salotto-river-2.jpg\" \/>\n\t<meta property=\"og:image:width\" content=\"800\" \/>\n\t<meta property=\"og:image:height\" content=\"499\" \/>\n<meta name=\"twitter:label1\" content=\"Est. reading time\">\n\t<meta name=\"twitter:data1\" content=\"1 minute\">\n<script type=\"application\/ld+json\" class=\"yoast-schema-graph\">{\"@context\":\"https:\/\/schema.org\",\"@graph\":[{\"@type\":\"Organization\",\"@id\":\"https:\/\/www.mobilimariani.com\/#organization\",\"name\":\"Mobili Mariani\",\"url\":\"https:\/\/www.mobilimariani.com\/\",\"sameAs\":[],\"logo\":{\"@type\":\"ImageObject\",\"@id\":\"https:\/\/www.mobilimariani.com\/#logo\",\"inLanguage\":\"fr-CH\",\"url\":\"https:\/\/www.mobilimariani.com\/wp-content\/uploads\/2015\/12\/logo.png\",\"contentUrl\":\"https:\/\/www.mobilimariani.com\/wp-content\/uploads\/2015\/12\/logo.png\",\"width\":160,\"height\":110,\"caption\":\"Mobili Mariani\"},\"image\":{\"@id\":\"https:\/\/www.mobilimariani.com\/#logo\"}},{\"@type\":\"WebSite\",\"@id\":\"https:\/\/www.mobilimariani.com\/#website\",\"url\":\"https:\/\/www.mobilimariani.com\/\",\"name\":\"Mobili Mariani\",\"description\":\"Mobili Italia Svizzera\",\"publisher\":{\"@id\":\"https:\/\/www.mobilimariani.com\/#organization\"},\"potentialAction\":[{\"@type\":\"SearchAction\",\"target\":\"https:\/\/www.mobilimariani.com\/?s={search_term_string}\",\"query-input\":\"required name=search_term_string\"}],\"inLanguage\":\"fr-CH\"},{\"@type\":\"ImageObject\",\"@id\":\"https:\/\/www.mobilimariani.com\/fr\/saba-river-sofa\/#primaryimage\",\"inLanguage\":\"fr-CH\",\"url\":\"https:\/\/www.mobilimariani.com\/wp-content\/uploads\/2015\/03\/salotto-river-2.jpg\",\"contentUrl\":\"https:\/\/www.mobilimariani.com\/wp-content\/uploads\/2015\/03\/salotto-river-2.jpg\",\"width\":800,\"height\":499,\"caption\":\"SABA RIVER DIVANO\"},{\"@type\":\"WebPage\",\"@id\":\"https:\/\/www.mobilimariani.com\/fr\/saba-river-sofa\/#webpage\",\"url\":\"https:\/\/www.mobilimariani.com\/fr\/saba-river-sofa\/\",\"name\":\"SABA RIVER SOFA | Mobili Mariani\",\"isPartOf\":{\"@id\":\"https:\/\/www.mobilimariani.com\/#website\"},\"primaryImageOfPage\":{\"@id\":\"https:\/\/www.mobilimariani.com\/fr\/saba-river-sofa\/#primaryimage\"},\"datePublished\":\"1999-12-31T23:50:46+00:00\",\"dateModified\":\"2020-08-08T14:22:09+00:00\",\"description\":\"SABA RIVER SOFA - INDISPONIBLE Saba rivi\\u00e8re Sofa Design Sergio Bicego. River est un des volumes de syst\\u00e8me et bien s\\u00fbr curviligne \\\"en mouvement\\\", o\\u00f9 le\",\"breadcrumb\":{\"@id\":\"https:\/\/www.mobilimariani.com\/fr\/saba-river-sofa\/#breadcrumb\"},\"inLanguage\":\"fr-CH\",\"potentialAction\":[{\"@type\":\"ReadAction\",\"target\":[\"https:\/\/www.mobilimariani.com\/fr\/saba-river-sofa\/\"]}]},{\"@type\":\"BreadcrumbList\",\"@id\":\"https:\/\/www.mobilimariani.com\/fr\/saba-river-sofa\/#breadcrumb\",\"itemListElement\":[{\"@type\":\"ListItem\",\"position\":1,\"item\":{\"@type\":\"WebPage\",\"@id\":\"https:\/\/www.mobilimariani.com\/\",\"url\":\"https:\/\/www.mobilimariani.com\/\",\"name\":\"Home\"}},{\"@type\":\"ListItem\",\"position\":2,\"item\":{\"@id\":\"https:\/\/www.mobilimariani.com\/fr\/saba-river-sofa\/#webpage\"}}]},{\"@type\":\"Article\",\"@id\":\"https:\/\/www.mobilimariani.com\/fr\/saba-river-sofa\/#article\",\"isPartOf\":{\"@id\":\"https:\/\/www.mobilimariani.com\/fr\/saba-river-sofa\/#webpage\"},\"author\":{\"@id\":\"https:\/\/www.mobilimariani.com\/#\/schema\/person\/4685d9f51269134e53f988c9122315f4\"},\"headline\":\"SABA RIVER SOFA\",\"datePublished\":\"1999-12-31T23:50:46+00:00\",\"dateModified\":\"2020-08-08T14:22:09+00:00\",\"mainEntityOfPage\":{\"@id\":\"https:\/\/www.mobilimariani.com\/fr\/saba-river-sofa\/#webpage\"},\"publisher\":{\"@id\":\"https:\/\/www.mobilimariani.com\/#organization\"},\"image\":{\"@id\":\"https:\/\/www.mobilimariani.com\/fr\/saba-river-sofa\/#primaryimage\"},\"keywords\":[\"canap\\u00e9s angulaires design\",\"canap\\u00e9s design italien\",\"fauteuils design\"],\"articleSection\":[\"Catalogue\",\"Contract\",\"Sofa\",\"Salle jour\"],\"inLanguage\":\"fr-CH\"},{\"@type\":\"Person\",\"@id\":\"https:\/\/www.mobilimariani.com\/#\/schema\/person\/4685d9f51269134e53f988c9122315f4\",\"name\":\"14m4rC008\",\"image\":{\"@type\":\"ImageObject\",\"@id\":\"https:\/\/www.mobilimariani.com\/#personlogo\",\"inLanguage\":\"fr-CH\",\"url\":\"https:\/\/secure.gravatar.com\/avatar\/dfaa6e536fec7030712cf850e9ddef45?s=96&d=mm&r=g\",\"contentUrl\":\"https:\/\/secure.gravatar.com\/avatar\/dfaa6e536fec7030712cf850e9ddef45?s=96&d=mm&r=g\",\"caption\":\"14m4rC008\"}}]}<\/script>\n<!-- \/ Yoast SEO plugin. -->","_links":{"self":[{"href":"https:\/\/www.mobilimariani.com\/fr\/wp-json\/wp\/v2\/posts\/2695"}],"collection":[{"href":"https:\/\/www.mobilimariani.com\/fr\/wp-json\/wp\/v2\/posts"}],"about":[{"href":"https:\/\/www.mobilimariani.com\/fr\/wp-json\/wp\/v2\/types\/post"}],"author":[{"embeddable":true,"href":"https:\/\/www.mobilimariani.com\/fr\/wp-json\/wp\/v2\/users\/1"}],"replies":[{"embeddable":true,"href":"https:\/\/www.mobilimariani.com\/fr\/wp-json\/wp\/v2\/comments?post=2695"}],"version-history":[{"count":5,"href":"https:\/\/www.mobilimariani.com\/fr\/wp-json\/wp\/v2\/posts\/2695\/revisions"}],"predecessor-version":[{"id":25281,"href":"https:\/\/www.mobilimariani.com\/fr\/wp-json\/wp\/v2\/posts\/2695\/revisions\/25281"}],"wp:featuredmedia":[{"embeddable":true,"href":"https:\/\/www.mobilimariani.com\/fr\/wp-json\/wp\/v2\/media\/2267"}],"wp:attachment":[{"href":"https:\/\/www.mobilimariani.com\/fr\/wp-json\/wp\/v2\/media?parent=2695"}],"wp:term":[{"taxonomy":"category","embeddable":true,"href":"https:\/\/www.mobilimariani.com\/fr\/wp-json\/wp\/v2\/categories?post=2695"},{"taxonomy":"post_tag","embeddable":true,"href":"https:\/\/www.mobilimariani.com\/fr\/wp-json\/wp\/v2\/tags?post=2695"}],"curies":[{"name":"wp","href":"https:\/\/api.w.org\/{rel}","templated":true}]}}