{"id":2691,"date":"2015-04-12T00:40:11","date_gmt":"2015-04-11T22:40:11","guid":{"rendered":"https:\/\/www.mobilimariani.com\/?p=2691"},"modified":"2017-03-05T19:07:04","modified_gmt":"2017-03-05T18:07:04","slug":"les-femmes-saba-sofa","status":"publish","type":"post","link":"https:\/\/www.mobilimariani.com\/fr\/les-femmes-saba-sofa\/","title":{"rendered":"LES FEMMES SABA SOFA"},"content":{"rendered":"<p>LES FEMMES SABA SOFA<\/p>\n<p>Saba Les Femmes Sofa Design Giuseppe Vigan\u00f2.<\/p>\n<p>Les Femmes est un haut dossier si\u00e8ge de canap\u00e9 en coupe et accueillant, caract\u00e9ris\u00e9 par doux et enveloppant. La possibilit\u00e9 de faire varier les positions du dossier et l&#8217;accoudoir, il est extr\u00eamement polyvalent. Avec dossier et accoudoirs soulev\u00e9, Les Femmes est un canap\u00e9 confortable et rassurant, avec accoudoir resclinato est savoureux et attrayant, avec dossier est inclin\u00e9 vagabond et amusant. Le dossier et accoudoirs peuvent \u00eatre rabattus \u00e0 l&#8217;ext\u00e9rieur par un dispositif sp\u00e9cial pour \u00abhub\u00bb qui permet \u00e0 un mouvement fluide et dynamique par un geste de la main simple.<\/p>\n<p><a href=\"https:\/\/www.mobilimariani.com\/fr\/saba-tissus-de-revetement\/\">Pour voir les tissus de rev\u00e8tement cliquez ici<\/a><\/p>\n<p>Pour d\u00e9couvrir la marque Saba<a title=\"SABA\" href=\"https:\/\/www.mobilimariani.com\/fr\/distributeur-saba\/\"> cliquez ici<\/a><\/p>\n<p>Vous voulez conna\u00eetre notre meilleur prix pour cet article?\u00a0<a href=\"https:\/\/www.mobilimariani.com\/fr\/contacts\/\">Cliquez ici<\/a> et envoyez-nous la demande<\/p>\n<p><strong>Pour nos clients suisses, il sera d\u00e9duit l&#8217;I.V.A. italienne \u00e0 hauteur de 22%.<\/strong><\/p>\n","protected":false},"excerpt":{"rendered":"LES FEMMES SABA SOFA Saba Les Femmes Sofa Design Giuseppe Vigan\u00f2. Les Femmes est un haut dossier si\u00e8ge de canap\u00e9 en coupe et accueillant, caract\u00e9ris\u00e9 par doux et enveloppant. La possibilit\u00e9 de faire varier les positions du dossier et l&#8217;accoudoir, il est extr\u00eamement polyvalent. Avec dossier et accoudoirs soulev\u00e9, Les Femmes est un canap\u00e9 confortable&#8230; <a class=\"view-article\" href=\"https:\/\/www.mobilimariani.com\/fr\/les-femmes-saba-sofa\/\">Voir l&#8217;article<\/a>","protected":false},"author":1,"featured_media":2256,"comment_status":"closed","ping_status":"closed","sticky":false,"template":"","format":"standard","meta":[],"categories":[1,7,6],"tags":[2153,2154,2155],"yoast_head":"<!-- This site is optimized with the Yoast SEO plugin v16.2 - https:\/\/yoast.com\/wordpress\/plugins\/seo\/ -->\n<meta name=\"description\" content=\"LES FEMMES SABA SOFA Saba Les Femmes Sofa Design Giuseppe Vigan\u00f2. Les Femmes est un haut dossier si\u00e8ge de canap\u00e9 en coupe et accueillant, caract\u00e9ris\u00e9 par\" \/>\n<meta name=\"robots\" content=\"index, follow, max-snippet:-1, max-image-preview:large, max-video-preview:-1\" \/>\n<link rel=\"canonical\" href=\"https:\/\/www.mobilimariani.com\/fr\/les-femmes-saba-sofa\/\" \/>\n<meta property=\"og:locale\" content=\"fr_FR\" \/>\n<meta property=\"og:type\" content=\"article\" \/>\n<meta property=\"og:title\" content=\"LES FEMMES SABA SOFA | Mobili Mariani\" \/>\n<meta property=\"og:description\" content=\"LES FEMMES SABA SOFA Saba Les Femmes Sofa Design Giuseppe Vigan\u00f2. Les Femmes est un haut dossier si\u00e8ge de canap\u00e9 en coupe et accueillant, caract\u00e9ris\u00e9 par\" \/>\n<meta property=\"og:url\" content=\"https:\/\/www.mobilimariani.com\/fr\/les-femmes-saba-sofa\/\" \/>\n<meta property=\"og:site_name\" content=\"Mobili Mariani\" \/>\n<meta property=\"article:published_time\" content=\"2015-04-11T22:40:11+00:00\" \/>\n<meta property=\"article:modified_time\" content=\"2017-03-05T18:07:04+00:00\" \/>\n<meta property=\"og:image\" content=\"https:\/\/www.mobilimariani.com\/wp-content\/uploads\/2015\/03\/divano-les-femmes-2.jpg\" \/>\n\t<meta property=\"og:image:width\" content=\"797\" \/>\n\t<meta property=\"og:image:height\" content=\"499\" \/>\n<meta name=\"twitter:label1\" content=\"Est. reading time\">\n\t<meta name=\"twitter:data1\" content=\"1 minute\">\n<script type=\"application\/ld+json\" class=\"yoast-schema-graph\">{\"@context\":\"https:\/\/schema.org\",\"@graph\":[{\"@type\":\"Organization\",\"@id\":\"https:\/\/www.mobilimariani.com\/#organization\",\"name\":\"Mobili Mariani\",\"url\":\"https:\/\/www.mobilimariani.com\/\",\"sameAs\":[],\"logo\":{\"@type\":\"ImageObject\",\"@id\":\"https:\/\/www.mobilimariani.com\/#logo\",\"inLanguage\":\"fr-CH\",\"url\":\"https:\/\/www.mobilimariani.com\/wp-content\/uploads\/2015\/12\/logo.png\",\"contentUrl\":\"https:\/\/www.mobilimariani.com\/wp-content\/uploads\/2015\/12\/logo.png\",\"width\":160,\"height\":110,\"caption\":\"Mobili Mariani\"},\"image\":{\"@id\":\"https:\/\/www.mobilimariani.com\/#logo\"}},{\"@type\":\"WebSite\",\"@id\":\"https:\/\/www.mobilimariani.com\/#website\",\"url\":\"https:\/\/www.mobilimariani.com\/\",\"name\":\"Mobili Mariani\",\"description\":\"Mobili Italia Svizzera\",\"publisher\":{\"@id\":\"https:\/\/www.mobilimariani.com\/#organization\"},\"potentialAction\":[{\"@type\":\"SearchAction\",\"target\":\"https:\/\/www.mobilimariani.com\/?s={search_term_string}\",\"query-input\":\"required name=search_term_string\"}],\"inLanguage\":\"fr-CH\"},{\"@type\":\"ImageObject\",\"@id\":\"https:\/\/www.mobilimariani.com\/fr\/les-femmes-saba-sofa\/#primaryimage\",\"inLanguage\":\"fr-CH\",\"url\":\"https:\/\/www.mobilimariani.com\/wp-content\/uploads\/2015\/03\/divano-les-femmes-2.jpg\",\"contentUrl\":\"https:\/\/www.mobilimariani.com\/wp-content\/uploads\/2015\/03\/divano-les-femmes-2.jpg\",\"width\":797,\"height\":499,\"caption\":\"SABA LES FEMMES DIVANO\"},{\"@type\":\"WebPage\",\"@id\":\"https:\/\/www.mobilimariani.com\/fr\/les-femmes-saba-sofa\/#webpage\",\"url\":\"https:\/\/www.mobilimariani.com\/fr\/les-femmes-saba-sofa\/\",\"name\":\"LES FEMMES SABA SOFA | Mobili Mariani\",\"isPartOf\":{\"@id\":\"https:\/\/www.mobilimariani.com\/#website\"},\"primaryImageOfPage\":{\"@id\":\"https:\/\/www.mobilimariani.com\/fr\/les-femmes-saba-sofa\/#primaryimage\"},\"datePublished\":\"2015-04-11T22:40:11+00:00\",\"dateModified\":\"2017-03-05T18:07:04+00:00\",\"description\":\"LES FEMMES SABA SOFA Saba Les Femmes Sofa Design Giuseppe Vigan\\u00f2. Les Femmes est un haut dossier si\\u00e8ge de canap\\u00e9 en coupe et accueillant, caract\\u00e9ris\\u00e9 par\",\"breadcrumb\":{\"@id\":\"https:\/\/www.mobilimariani.com\/fr\/les-femmes-saba-sofa\/#breadcrumb\"},\"inLanguage\":\"fr-CH\",\"potentialAction\":[{\"@type\":\"ReadAction\",\"target\":[\"https:\/\/www.mobilimariani.com\/fr\/les-femmes-saba-sofa\/\"]}]},{\"@type\":\"BreadcrumbList\",\"@id\":\"https:\/\/www.mobilimariani.com\/fr\/les-femmes-saba-sofa\/#breadcrumb\",\"itemListElement\":[{\"@type\":\"ListItem\",\"position\":1,\"item\":{\"@type\":\"WebPage\",\"@id\":\"https:\/\/www.mobilimariani.com\/\",\"url\":\"https:\/\/www.mobilimariani.com\/\",\"name\":\"Home\"}},{\"@type\":\"ListItem\",\"position\":2,\"item\":{\"@id\":\"https:\/\/www.mobilimariani.com\/fr\/les-femmes-saba-sofa\/#webpage\"}}]},{\"@type\":\"Article\",\"@id\":\"https:\/\/www.mobilimariani.com\/fr\/les-femmes-saba-sofa\/#article\",\"isPartOf\":{\"@id\":\"https:\/\/www.mobilimariani.com\/fr\/les-femmes-saba-sofa\/#webpage\"},\"author\":{\"@id\":\"https:\/\/www.mobilimariani.com\/#\/schema\/person\/4685d9f51269134e53f988c9122315f4\"},\"headline\":\"LES FEMMES SABA SOFA\",\"datePublished\":\"2015-04-11T22:40:11+00:00\",\"dateModified\":\"2017-03-05T18:07:04+00:00\",\"mainEntityOfPage\":{\"@id\":\"https:\/\/www.mobilimariani.com\/fr\/les-femmes-saba-sofa\/#webpage\"},\"publisher\":{\"@id\":\"https:\/\/www.mobilimariani.com\/#organization\"},\"image\":{\"@id\":\"https:\/\/www.mobilimariani.com\/fr\/les-femmes-saba-sofa\/#primaryimage\"},\"keywords\":[\"canap\\u00e9s angulaires design\",\"canap\\u00e9s design italien\",\"fauteuils design\"],\"articleSection\":[\"Catalogue\",\"Sofa\",\"Salle jour\"],\"inLanguage\":\"fr-CH\"},{\"@type\":\"Person\",\"@id\":\"https:\/\/www.mobilimariani.com\/#\/schema\/person\/4685d9f51269134e53f988c9122315f4\",\"name\":\"14m4rC008\",\"image\":{\"@type\":\"ImageObject\",\"@id\":\"https:\/\/www.mobilimariani.com\/#personlogo\",\"inLanguage\":\"fr-CH\",\"url\":\"https:\/\/secure.gravatar.com\/avatar\/dfaa6e536fec7030712cf850e9ddef45?s=96&d=mm&r=g\",\"contentUrl\":\"https:\/\/secure.gravatar.com\/avatar\/dfaa6e536fec7030712cf850e9ddef45?s=96&d=mm&r=g\",\"caption\":\"14m4rC008\"}}]}<\/script>\n<!-- \/ Yoast SEO plugin. -->","_links":{"self":[{"href":"https:\/\/www.mobilimariani.com\/fr\/wp-json\/wp\/v2\/posts\/2691"}],"collection":[{"href":"https:\/\/www.mobilimariani.com\/fr\/wp-json\/wp\/v2\/posts"}],"about":[{"href":"https:\/\/www.mobilimariani.com\/fr\/wp-json\/wp\/v2\/types\/post"}],"author":[{"embeddable":true,"href":"https:\/\/www.mobilimariani.com\/fr\/wp-json\/wp\/v2\/users\/1"}],"replies":[{"embeddable":true,"href":"https:\/\/www.mobilimariani.com\/fr\/wp-json\/wp\/v2\/comments?post=2691"}],"version-history":[{"count":5,"href":"https:\/\/www.mobilimariani.com\/fr\/wp-json\/wp\/v2\/posts\/2691\/revisions"}],"predecessor-version":[{"id":15374,"href":"https:\/\/www.mobilimariani.com\/fr\/wp-json\/wp\/v2\/posts\/2691\/revisions\/15374"}],"wp:featuredmedia":[{"embeddable":true,"href":"https:\/\/www.mobilimariani.com\/fr\/wp-json\/wp\/v2\/media\/2256"}],"wp:attachment":[{"href":"https:\/\/www.mobilimariani.com\/fr\/wp-json\/wp\/v2\/media?parent=2691"}],"wp:term":[{"taxonomy":"category","embeddable":true,"href":"https:\/\/www.mobilimariani.com\/fr\/wp-json\/wp\/v2\/categories?post=2691"},{"taxonomy":"post_tag","embeddable":true,"href":"https:\/\/www.mobilimariani.com\/fr\/wp-json\/wp\/v2\/tags?post=2691"}],"curies":[{"name":"wp","href":"https:\/\/api.w.org\/{rel}","templated":true}]}}