{"id":2687,"date":"2000-01-01T00:31:48","date_gmt":"1999-12-31T23:31:48","guid":{"rendered":"https:\/\/www.mobilimariani.com\/?p=2687"},"modified":"2020-08-08T16:18:23","modified_gmt":"2020-08-08T14:18:23","slug":"saba-sofa-bustier","status":"publish","type":"post","link":"https:\/\/www.mobilimariani.com\/fr\/saba-sofa-bustier\/","title":{"rendered":"SABA SOFA BUSTIER"},"content":{"rendered":"<p>SABA SOFA BUSTIER<\/p>\n<p>Saba Bustier Sofa Design Giuseppe Vigan\u00f2 &#8211; INDISPONIBLE<\/p>\n<p>Bustier est fait d&#8217;une coque rigide qui embrasse oreillers moelleux payer ses formes innombrables changements de costumes et interpr\u00e9tations. L&#8217;ergonomie est de petite taille (de 162 cm.) Qui sont bien adapt\u00e9s aux maisons et le contrat actuel. Enti\u00e8rement d\u00e9montable. Le m\u00eame mod\u00e8le \u00e9galement disponible la chaise<\/p>\n<p><a href=\"https:\/\/www.mobilimariani.com\/fr\/saba-tissus-de-revetement\/\">Pour voir les tissus de rev\u00e8tement cliquez ici<\/a><\/p>\n<p>Pour d\u00e9couvrir la marque Saba <a title=\"SABA\" href=\"https:\/\/www.mobilimariani.com\/fr\/distributeur-saba\/\">cliquez ici<\/a><\/p>\n<p>&nbsp;<\/p>\n","protected":false},"excerpt":{"rendered":"SABA SOFA BUSTIER Saba Bustier Sofa Design Giuseppe Vigan\u00f2 &#8211; INDISPONIBLE Bustier est fait d&#8217;une coque rigide qui embrasse oreillers moelleux payer ses formes innombrables changements de costumes et interpr\u00e9tations. L&#8217;ergonomie est de petite taille (de 162 cm.) Qui sont bien adapt\u00e9s aux maisons et le contrat actuel. Enti\u00e8rement d\u00e9montable. Le m\u00eame mod\u00e8le \u00e9galement disponible&#8230; <a class=\"view-article\" href=\"https:\/\/www.mobilimariani.com\/fr\/saba-sofa-bustier\/\">Voir l&#8217;article<\/a>","protected":false},"author":1,"featured_media":2097,"comment_status":"closed","ping_status":"closed","sticky":false,"template":"","format":"standard","meta":[],"categories":[1,37,7,32,6],"tags":[2154,2155],"yoast_head":"<!-- This site is optimized with the Yoast SEO plugin v16.2 - https:\/\/yoast.com\/wordpress\/plugins\/seo\/ -->\n<meta name=\"description\" content=\"SABA SOFA BUSTIER Saba Bustier Sofa Design Giuseppe Vigan\u00f2 - INDISPONIBLE Bustier est fait d&#039;une coque rigide qui embrasse oreillers moelleux payer ses\" \/>\n<meta name=\"robots\" content=\"index, follow, max-snippet:-1, max-image-preview:large, max-video-preview:-1\" \/>\n<link rel=\"canonical\" href=\"https:\/\/www.mobilimariani.com\/fr\/saba-sofa-bustier\/\" \/>\n<meta property=\"og:locale\" content=\"fr_FR\" \/>\n<meta property=\"og:type\" content=\"article\" \/>\n<meta property=\"og:title\" content=\"SABA SOFA BUSTIER | Mobili Mariani\" \/>\n<meta property=\"og:description\" content=\"SABA SOFA BUSTIER Saba Bustier Sofa Design Giuseppe Vigan\u00f2 - INDISPONIBLE Bustier est fait d&#039;une coque rigide qui embrasse oreillers moelleux payer ses\" \/>\n<meta property=\"og:url\" content=\"https:\/\/www.mobilimariani.com\/fr\/saba-sofa-bustier\/\" \/>\n<meta property=\"og:site_name\" content=\"Mobili Mariani\" \/>\n<meta property=\"article:published_time\" content=\"1999-12-31T23:31:48+00:00\" \/>\n<meta property=\"article:modified_time\" content=\"2020-08-08T14:18:23+00:00\" \/>\n<meta property=\"og:image\" content=\"https:\/\/www.mobilimariani.com\/wp-content\/uploads\/2015\/03\/divano-bustier-1.jpg\" \/>\n\t<meta property=\"og:image:width\" content=\"591\" \/>\n\t<meta property=\"og:image:height\" content=\"499\" \/>\n<script type=\"application\/ld+json\" class=\"yoast-schema-graph\">{\"@context\":\"https:\/\/schema.org\",\"@graph\":[{\"@type\":\"Organization\",\"@id\":\"https:\/\/www.mobilimariani.com\/#organization\",\"name\":\"Mobili Mariani\",\"url\":\"https:\/\/www.mobilimariani.com\/\",\"sameAs\":[],\"logo\":{\"@type\":\"ImageObject\",\"@id\":\"https:\/\/www.mobilimariani.com\/#logo\",\"inLanguage\":\"fr-CH\",\"url\":\"https:\/\/www.mobilimariani.com\/wp-content\/uploads\/2015\/12\/logo.png\",\"contentUrl\":\"https:\/\/www.mobilimariani.com\/wp-content\/uploads\/2015\/12\/logo.png\",\"width\":160,\"height\":110,\"caption\":\"Mobili Mariani\"},\"image\":{\"@id\":\"https:\/\/www.mobilimariani.com\/#logo\"}},{\"@type\":\"WebSite\",\"@id\":\"https:\/\/www.mobilimariani.com\/#website\",\"url\":\"https:\/\/www.mobilimariani.com\/\",\"name\":\"Mobili Mariani\",\"description\":\"Mobili Italia Svizzera\",\"publisher\":{\"@id\":\"https:\/\/www.mobilimariani.com\/#organization\"},\"potentialAction\":[{\"@type\":\"SearchAction\",\"target\":\"https:\/\/www.mobilimariani.com\/?s={search_term_string}\",\"query-input\":\"required name=search_term_string\"}],\"inLanguage\":\"fr-CH\"},{\"@type\":\"ImageObject\",\"@id\":\"https:\/\/www.mobilimariani.com\/fr\/saba-sofa-bustier\/#primaryimage\",\"inLanguage\":\"fr-CH\",\"url\":\"https:\/\/www.mobilimariani.com\/wp-content\/uploads\/2015\/03\/divano-bustier-1.jpg\",\"contentUrl\":\"https:\/\/www.mobilimariani.com\/wp-content\/uploads\/2015\/03\/divano-bustier-1.jpg\",\"width\":591,\"height\":499,\"caption\":\"SABA DIVANO BUSTIER\"},{\"@type\":\"WebPage\",\"@id\":\"https:\/\/www.mobilimariani.com\/fr\/saba-sofa-bustier\/#webpage\",\"url\":\"https:\/\/www.mobilimariani.com\/fr\/saba-sofa-bustier\/\",\"name\":\"SABA SOFA BUSTIER | Mobili Mariani\",\"isPartOf\":{\"@id\":\"https:\/\/www.mobilimariani.com\/#website\"},\"primaryImageOfPage\":{\"@id\":\"https:\/\/www.mobilimariani.com\/fr\/saba-sofa-bustier\/#primaryimage\"},\"datePublished\":\"1999-12-31T23:31:48+00:00\",\"dateModified\":\"2020-08-08T14:18:23+00:00\",\"description\":\"SABA SOFA BUSTIER Saba Bustier Sofa Design Giuseppe Vigan\\u00f2 - INDISPONIBLE Bustier est fait d'une coque rigide qui embrasse oreillers moelleux payer ses\",\"breadcrumb\":{\"@id\":\"https:\/\/www.mobilimariani.com\/fr\/saba-sofa-bustier\/#breadcrumb\"},\"inLanguage\":\"fr-CH\",\"potentialAction\":[{\"@type\":\"ReadAction\",\"target\":[\"https:\/\/www.mobilimariani.com\/fr\/saba-sofa-bustier\/\"]}]},{\"@type\":\"BreadcrumbList\",\"@id\":\"https:\/\/www.mobilimariani.com\/fr\/saba-sofa-bustier\/#breadcrumb\",\"itemListElement\":[{\"@type\":\"ListItem\",\"position\":1,\"item\":{\"@type\":\"WebPage\",\"@id\":\"https:\/\/www.mobilimariani.com\/\",\"url\":\"https:\/\/www.mobilimariani.com\/\",\"name\":\"Home\"}},{\"@type\":\"ListItem\",\"position\":2,\"item\":{\"@id\":\"https:\/\/www.mobilimariani.com\/fr\/saba-sofa-bustier\/#webpage\"}}]},{\"@type\":\"Article\",\"@id\":\"https:\/\/www.mobilimariani.com\/fr\/saba-sofa-bustier\/#article\",\"isPartOf\":{\"@id\":\"https:\/\/www.mobilimariani.com\/fr\/saba-sofa-bustier\/#webpage\"},\"author\":{\"@id\":\"https:\/\/www.mobilimariani.com\/#\/schema\/person\/4685d9f51269134e53f988c9122315f4\"},\"headline\":\"SABA SOFA BUSTIER\",\"datePublished\":\"1999-12-31T23:31:48+00:00\",\"dateModified\":\"2020-08-08T14:18:23+00:00\",\"mainEntityOfPage\":{\"@id\":\"https:\/\/www.mobilimariani.com\/fr\/saba-sofa-bustier\/#webpage\"},\"publisher\":{\"@id\":\"https:\/\/www.mobilimariani.com\/#organization\"},\"image\":{\"@id\":\"https:\/\/www.mobilimariani.com\/fr\/saba-sofa-bustier\/#primaryimage\"},\"keywords\":[\"canap\\u00e9s design italien\",\"fauteuils design\"],\"articleSection\":[\"Catalogue\",\"Contract\",\"Sofa\",\"Fauteuils\",\"Salle jour\"],\"inLanguage\":\"fr-CH\"},{\"@type\":\"Person\",\"@id\":\"https:\/\/www.mobilimariani.com\/#\/schema\/person\/4685d9f51269134e53f988c9122315f4\",\"name\":\"14m4rC008\",\"image\":{\"@type\":\"ImageObject\",\"@id\":\"https:\/\/www.mobilimariani.com\/#personlogo\",\"inLanguage\":\"fr-CH\",\"url\":\"https:\/\/secure.gravatar.com\/avatar\/dfaa6e536fec7030712cf850e9ddef45?s=96&d=mm&r=g\",\"contentUrl\":\"https:\/\/secure.gravatar.com\/avatar\/dfaa6e536fec7030712cf850e9ddef45?s=96&d=mm&r=g\",\"caption\":\"14m4rC008\"}}]}<\/script>\n<!-- \/ Yoast SEO plugin. -->","_links":{"self":[{"href":"https:\/\/www.mobilimariani.com\/fr\/wp-json\/wp\/v2\/posts\/2687"}],"collection":[{"href":"https:\/\/www.mobilimariani.com\/fr\/wp-json\/wp\/v2\/posts"}],"about":[{"href":"https:\/\/www.mobilimariani.com\/fr\/wp-json\/wp\/v2\/types\/post"}],"author":[{"embeddable":true,"href":"https:\/\/www.mobilimariani.com\/fr\/wp-json\/wp\/v2\/users\/1"}],"replies":[{"embeddable":true,"href":"https:\/\/www.mobilimariani.com\/fr\/wp-json\/wp\/v2\/comments?post=2687"}],"version-history":[{"count":5,"href":"https:\/\/www.mobilimariani.com\/fr\/wp-json\/wp\/v2\/posts\/2687\/revisions"}],"predecessor-version":[{"id":25279,"href":"https:\/\/www.mobilimariani.com\/fr\/wp-json\/wp\/v2\/posts\/2687\/revisions\/25279"}],"wp:featuredmedia":[{"embeddable":true,"href":"https:\/\/www.mobilimariani.com\/fr\/wp-json\/wp\/v2\/media\/2097"}],"wp:attachment":[{"href":"https:\/\/www.mobilimariani.com\/fr\/wp-json\/wp\/v2\/media?parent=2687"}],"wp:term":[{"taxonomy":"category","embeddable":true,"href":"https:\/\/www.mobilimariani.com\/fr\/wp-json\/wp\/v2\/categories?post=2687"},{"taxonomy":"post_tag","embeddable":true,"href":"https:\/\/www.mobilimariani.com\/fr\/wp-json\/wp\/v2\/tags?post=2687"}],"curies":[{"name":"wp","href":"https:\/\/api.w.org\/{rel}","templated":true}]}}